{"id":258761,"date":"2025-07-19T12:12:13","date_gmt":"2025-07-19T12:12:13","guid":{"rendered":"https:\/\/www.europesays.com\/fr\/258761\/"},"modified":"2025-07-19T12:12:13","modified_gmt":"2025-07-19T12:12:13","slug":"anouchka-delon-et-julien-dereims-separes-apres-une-infidelite-ca-semble-se-preciser","status":"publish","type":"post","link":"https:\/\/www.europesays.com\/fr\/258761\/","title":{"rendered":"Anouchka Delon et Julien Dereims s\u00e9par\u00e9s apr\u00e8s une infid\u00e9lit\u00e9 ? \u00c7a semble se pr\u00e9ciser"},"content":{"rendered":"<p class=\"p1\">La rumeur avait \u00e9t\u00e9 \u00e9voqu\u00e9e par Gilles Verdez dans<br \/>\nTouche pas \u00e0 mon poste. \u00ab\u00a0Il doit y avoir <strong>une rupture au<br \/>\nsein du couple<\/strong>.\u00a0Alors, il se dit aussi, mais l\u00e0, je<br \/>\nvais mettre de gros conditionnels, que Julien aurait essay\u00e9 de<br \/>\npousser Anouchka \u00e0 r\u00e9clamer vraiment\u00a0sa part<br \/>\nd\u00a0\u00bbh\u00e9ritage\u00a0plus en amont\u00a0\u00bb, expliquait le chroniqueur au<br \/>\nsujet de la s\u00e9paration suppos\u00e9e de <a href=\"https:\/\/www.closermag.fr\/people\/anouchka-delon-separee-de-son-mari-ce-message-enigmatique-relance-les-on-dit-3556604\" target=\"_blank\" rel=\"noopener\"><br \/>\nla fille d&rsquo;Alain Delon<\/a> <strong>et Julien Dereims<\/strong>.<\/p>\n<p class=\"p1\">Sur Instagram, <a href=\"https:\/\/www.closermag.fr\/people\/anouchka-delon-tendre-selfie-de-son-mari-julien-dereims-avec-son-fils-lino-un-signe-decontracte-de-la-main-3563487\" target=\"_blank\" rel=\"noopener\"><br \/>\nl&rsquo;acteur<\/a> accusait la m\u00e8re de son enfant de <strong>l&rsquo;avoir<br \/>\ntrahi<\/strong>. \u00ab\u00a0Je m&rsquo;en veux de t&rsquo;avoir cru. De t&rsquo;avoir donn\u00e9<br \/>\nla possibilit\u00e9 de me trahir. Je me sens coupable d&rsquo;une certaine<br \/>\nstupidit\u00e9 du c\u0153ur et me retrouve condamn\u00e9 \u00e0 vivre dans la m\u00e9fiance.<br \/>\nParce que\u00a0la trahison irradie au-del\u00e0 de la relation\u00a0\u00bb,<br \/>\npointait-il du doigt dans une publication sur Instagram.<\/p>\n<p><img loading=\"lazy\" decoding=\"async\" itemprop=\"thumbnailUrl\" class=\"aligncenter size-full wp-image-3565323 img-responsive\" src=\"https:\/\/www.europesays.com\/fr\/wp-content\/uploads\/2025\/07\/pmsspbe.jpeg\" alt=\"Julien Dereims\" width=\"442\" height=\"807\"\/> \u00a9 Capture d&rsquo;\u00e9cran<br \/>\nInstagram Julien Dereims<\/p>\n<p>Anouchka Delon et Julien Dereims : sont-ils vraiment s\u00e9par\u00e9s<br \/>\n?<\/p>\n<p class=\"p1\"><strong>Les rumeurs de rupture<\/strong> repartent de<br \/>\nplus belle \u00e0 la faveur des grandes vacances. Un r\u00e9cent clich\u00e9<br \/>\npubli\u00e9 sur Instagram montre le metteur en sc\u00e8ne en compagnie de<br \/>\n<a href=\"https:\/\/www.closermag.fr\/people\/alain-delon-jusque-chez-moi-anouchka-tres-inquiete-pour-lino-son-petit-garcon-de-4-ans-3367694\" target=\"_blank\" rel=\"noopener\"><br \/>\nson fils, Lino, 5 ans<\/a>. Lunettes de soleil sur la t\u00eate, <a href=\"https:\/\/www.closermag.fr\/people\/anouchka-delon-mariee-en-surprise-elle-devoile-une-sublime-photo-de-son-union-av-1310111\" target=\"_blank\" rel=\"noopener\"><br \/>\nJulien Dereims<\/a> <strong>se tient \u00e0 c\u00f4t\u00e9 du gar\u00e7onnet<\/strong><br \/>\nqui arbore quant \u00e0 lui un t-shirt rouge. Un emoji dissimule le<br \/>\nvisage du petit-fils d&rsquo;Alain Delon.<\/p>\n<p class=\"p1\">Cette photo surgit sur les r\u00e9seau sociaux quelques<br \/>\njours apr\u00e8s <strong>un message lourd de sens<\/strong> publi\u00e9 par<br \/>\nl&rsquo;acteur en story : \u00ab\u00a0Apr\u00e8s la rupture, <strong>l\u2019honn\u00eate reste<br \/>\nseul<\/strong>\u2026 et le menteur trouve imm\u00e9diatement une nouvelle<br \/>\nrelation.\u00a0\u00bb Pour beaucoup, le p\u00e8re de famille faisait alors une<br \/>\nallusion directe avec la m\u00e8re de son fils. La soeur d&rsquo;Alain-Fabien<br \/>\nDelon, elle, se mure dans le silence.<\/p>\n<blockquote class=\"instagram-media\" style=\"background: #ffffff;border: 0;margin: 1px;width: 100%;padding: 0;max-width: 500px;\" data-instgrm-permalink=\"https:\/\/www.instagram.com\/p\/DGDAIX-AM2e\/?utm_source=ig_web_copy_link\" data-instgrm-version=\"14\"\/><p>\nAnouchka Delon : qui est son mari<br \/>\nJulien Dereims ?<\/p>\n<p class=\"p1\">C&rsquo;est <strong>en 2010<\/strong> que Julien Dereims a<br \/>\nfait son entr\u00e9e <strong>dans le cercle de<\/strong> <a href=\"https:\/\/www.closermag.fr\/people\/alain-delon-sa-fille-anouchka-inconsolable-pour-sa-premiere-fete-des-peres-sans-lui-3555036\" target=\"_blank\" rel=\"noopener\"><br \/>\nla star du Gu\u00e9pard<\/a>. \u00ab\u00a0Papa est pudique, mais il m\u2019a<br \/>\ntoujours dit : &lsquo;<strong>Julien est un mec<br \/>\nexceptionnel<\/strong> et je croise les doigts pour que \u00e7a dure.&rsquo;<br \/>\nIls partagent beaucoup de valeurs. Mon p\u00e8re a beau \u00eatre Alain<br \/>\nDelon, il vient d\u2019un milieu populaire\u00a0\u00bb, avait expliqu\u00e9 la<br \/>\ncom\u00e9dienne, comme le rapporte Voici.<\/p>\n<p class=\"p1\">Les tourtereaux se sont <strong>rencontr\u00e9s au cours<br \/>\nd&rsquo;art dramatique<\/strong> de Ren\u00e9 Simon avant de se donner la<br \/>\nr\u00e9plique sur sc\u00e8ne dans une mise en sc\u00e8ne de Libres sont les<br \/>\npapillons, en 2015. Si elle se r\u00e9jouit d&rsquo;\u00eatre m\u00e8re de famille,<br \/>\n<a href=\"https:\/\/www.closermag.fr\/people\/heritage-dalain-delon-anouchka-anthony-et-alain-fabien-vent-debout-contre-ari-boulogne-3554351\" target=\"_blank\" rel=\"noopener\"><br \/>\nla soeur d&rsquo;Alain-Fabien Delon<\/a> a essuy\u00e9 un difficile coup du<br \/>\nsort, en 2018. \u00ab\u00a0Avant l\u2019\u00e9t\u00e9, je suis tomb\u00e9e enceinte et on<br \/>\n\u00e9tait heureux. Mais j\u2019ai <strong>perdu le b\u00e9b\u00e9<\/strong> en ao\u00fbt, \u00e0<br \/>\ntrois mois, avait-elle confi\u00e9 \u00e0 propos de cette p\u00e9riode difficile.<br \/>\nLa vie en a d\u00e9cid\u00e9 ainsi, mais <strong>c\u2019est<br \/>\ninjuste<\/strong>\u00ab\u00a0, \u00e9voque-t-elle dans une interview accord\u00e9e \u00e0<br \/>\nParis Match, en 2019.<\/p>\n<p><script async src=\"\/\/www.instagram.com\/embed.js\"><\/script><\/p>\n","protected":false},"excerpt":{"rendered":"La rumeur avait \u00e9t\u00e9 \u00e9voqu\u00e9e par Gilles Verdez dans Touche pas \u00e0 mon poste. \u00ab\u00a0Il doit y avoir&hellip;\n","protected":false},"author":2,"featured_media":258762,"comment_status":"","ping_status":"","sticky":false,"template":"","format":"standard","meta":{"footnotes":""},"categories":[1359],"tags":[19718,548,58,59,1011,27,973],"class_list":{"0":"post-258761","1":"post","2":"type-post","3":"status-publish","4":"format-standard","5":"has-post-thumbnail","7":"category-people","8":"tag-anouchka-delon","9":"tag-article-simple","10":"tag-divertissement","11":"tag-entertainment","12":"tag-fr","13":"tag-france","14":"tag-people"},"share_on_mastodon":{"url":"https:\/\/pubeurope.com\/@fr\/114879839891509783","error":""},"_links":{"self":[{"href":"https:\/\/www.europesays.com\/fr\/wp-json\/wp\/v2\/posts\/258761","targetHints":{"allow":["GET"]}}],"collection":[{"href":"https:\/\/www.europesays.com\/fr\/wp-json\/wp\/v2\/posts"}],"about":[{"href":"https:\/\/www.europesays.com\/fr\/wp-json\/wp\/v2\/types\/post"}],"author":[{"embeddable":true,"href":"https:\/\/www.europesays.com\/fr\/wp-json\/wp\/v2\/users\/2"}],"replies":[{"embeddable":true,"href":"https:\/\/www.europesays.com\/fr\/wp-json\/wp\/v2\/comments?post=258761"}],"version-history":[{"count":0,"href":"https:\/\/www.europesays.com\/fr\/wp-json\/wp\/v2\/posts\/258761\/revisions"}],"wp:featuredmedia":[{"embeddable":true,"href":"https:\/\/www.europesays.com\/fr\/wp-json\/wp\/v2\/media\/258762"}],"wp:attachment":[{"href":"https:\/\/www.europesays.com\/fr\/wp-json\/wp\/v2\/media?parent=258761"}],"wp:term":[{"taxonomy":"category","embeddable":true,"href":"https:\/\/www.europesays.com\/fr\/wp-json\/wp\/v2\/categories?post=258761"},{"taxonomy":"post_tag","embeddable":true,"href":"https:\/\/www.europesays.com\/fr\/wp-json\/wp\/v2\/tags?post=258761"}],"curies":[{"name":"wp","href":"https:\/\/api.w.org\/{rel}","templated":true}]}}