{"id":258763,"date":"2025-07-19T12:13:14","date_gmt":"2025-07-19T12:13:14","guid":{"rendered":"https:\/\/www.europesays.com\/fr\/258763\/"},"modified":"2025-07-19T12:13:14","modified_gmt":"2025-07-19T12:13:14","slug":"rencontre-avec-les-peintres-du-festival-de-magne","status":"publish","type":"post","link":"https:\/\/www.europesays.com\/fr\/258763\/","title":{"rendered":"rencontre avec les peintres du festival de Magn\u00e9"},"content":{"rendered":"<p>Tablier tach\u00e9 et nou\u00e9 autour de la taille, vareuse rose us\u00e9e, casquette, sandales et lunettes rondes, Jean-Pierre Diguet s\u2019attaque au coin en bas \u00e0 gauche de sa toile. Seul espace encore vierge. Muni d\u2019un couteau \u00e0 peindre, cette palette de ma\u00e7on miniature, il reproduit les herbes hautes qui longent la berge. \u00ab\u00a0Je me suis mis l\u00e0, j\u2019aimais bien le pont\u00a0\u00bb, justifie le peintre amateur en montrant d\u2019un mouvement de bras, le paysage qu\u2019il prend pour mod\u00e8le.<\/p>\n<p>Cela fait d\u00e9j\u00e0 une vingtaine d\u2019ann\u00e9es que Jean-Pierre pose son chevalet au <a target=\"_self\" href=\"https:\/\/www.lanouvellerepublique.fr\/deux-sevres\/commune\/coulon\/deux-sevres-le-festival-international-de-peinture-de-magne-fin-pret-pour-sa-37e-edition-1752585107\" rel=\"noopener\">Festival international de peinture de Magn\u00e9<\/a>, dans les Deux-S\u00e8vres. La nouvelle \u00e9dition a lanc\u00e9 les hostilit\u00e9s vendredi 18\u00a0juillet dans la commune de Coulon, phare du Marais poitevin.<\/p>\n<p>\u00ab\u00a0Les gens s\u2019int\u00e9ressent vraiment \u00e0 ce qu\u2019on peint\u00a0\u00bb<\/p>\n<p>Le public se prom\u00e8ne et passe de peintre en peintre, s\u2019arr\u00eatant sur les toiles qui piquent leurs curiosit\u00e9s. Jean-Pierre appr\u00e9cie \u00eatre entour\u00e9 de monde\u00a0: \u00ab\u00a0Chez moi je peins dans la salle \u00e0 manger parce qu\u2019il faut que j\u2019aie quelqu\u2019un \u00e0 c\u00f4t\u00e9 de moi, j\u2019ai besoin de parler. Donc l\u00e0, c\u2019est parfait je discute avec les gens qui s\u2019arr\u00eatent.\u00a0\u00bb Venu sp\u00e9cialement de Ch\u00e2teaubriant, en Loire-Atlantique, le peintre de 81\u00a0ans a d\u2019abord esquiss\u00e9 un croquis au crayon avant de s\u2019attaquer aux aplats de couleurs. \u00ab\u00a0Le plus d\u00e9licat, c\u2019est le reflet dans l\u2019eau et les nuances de vert sur chaque feuille\u00a0\u00bb, explique-t-il&#8230;. <\/p>\n<p>    Cet article a \u00e9t\u00e9 tronqu\u00e9. Abonnez-vous pour lire l&rsquo;article complet sur notre site.<\/p>\n<p style=\"margin: 0 !important; padding: 0 !important; font-size: 12px !important;\">Cet article a \u00e9t\u00e9 tronqu\u00e9. Abonnez-vous pour lire l&rsquo;article complet.<\/p>\n<p>    <a href=\"https:\/\/www.lanouvellerepublique.fr\/abonnements\" style=\"display: inline-block; margin-top: 5px !important; padding: 6px 12px !important; background: #cb1c27; color: white; text-decoration: none; border-radius: 4px; font-size: 12px !important;\" target=\"_blank\" rel=\"noopener\"><br \/>\n      S&rsquo;abonner<br \/>\n    <\/a><\/p>\n","protected":false},"excerpt":{"rendered":"Tablier tach\u00e9 et nou\u00e9 autour de la taille, vareuse rose us\u00e9e, casquette, sandales et lunettes rondes, Jean-Pierre Diguet&hellip;\n","protected":false},"author":2,"featured_media":258764,"comment_status":"","ping_status":"","sticky":false,"template":"","format":"standard","meta":{"footnotes":""},"categories":[1358],"tags":[1392,1477,1348,1384,1385,39885,1386,2545,58,59,3337,1011,27,1393,39886,1584],"class_list":{"0":"post-258763","1":"post","2":"type-post","3":"status-publish","4":"format-standard","5":"has-post-thumbnail","7":"category-arts-et-design","8":"tag-a-la-une-local","9":"tag-artisanat","10":"tag-arts","11":"tag-arts-and-design","12":"tag-arts-et-design","13":"tag-coulon","14":"tag-design","15":"tag-deux-sevres","16":"tag-divertissement","17":"tag-entertainment","18":"tag-festivals","19":"tag-fr","20":"tag-france","21":"tag-loisirs","22":"tag-magne-79","23":"tag-vienne"},"share_on_mastodon":{"url":"https:\/\/pubeurope.com\/@fr\/114879843849099280","error":""},"_links":{"self":[{"href":"https:\/\/www.europesays.com\/fr\/wp-json\/wp\/v2\/posts\/258763","targetHints":{"allow":["GET"]}}],"collection":[{"href":"https:\/\/www.europesays.com\/fr\/wp-json\/wp\/v2\/posts"}],"about":[{"href":"https:\/\/www.europesays.com\/fr\/wp-json\/wp\/v2\/types\/post"}],"author":[{"embeddable":true,"href":"https:\/\/www.europesays.com\/fr\/wp-json\/wp\/v2\/users\/2"}],"replies":[{"embeddable":true,"href":"https:\/\/www.europesays.com\/fr\/wp-json\/wp\/v2\/comments?post=258763"}],"version-history":[{"count":0,"href":"https:\/\/www.europesays.com\/fr\/wp-json\/wp\/v2\/posts\/258763\/revisions"}],"wp:featuredmedia":[{"embeddable":true,"href":"https:\/\/www.europesays.com\/fr\/wp-json\/wp\/v2\/media\/258764"}],"wp:attachment":[{"href":"https:\/\/www.europesays.com\/fr\/wp-json\/wp\/v2\/media?parent=258763"}],"wp:term":[{"taxonomy":"category","embeddable":true,"href":"https:\/\/www.europesays.com\/fr\/wp-json\/wp\/v2\/categories?post=258763"},{"taxonomy":"post_tag","embeddable":true,"href":"https:\/\/www.europesays.com\/fr\/wp-json\/wp\/v2\/tags?post=258763"}],"curies":[{"name":"wp","href":"https:\/\/api.w.org\/{rel}","templated":true}]}}