{"id":258769,"date":"2025-07-19T12:16:10","date_gmt":"2025-07-19T12:16:10","guid":{"rendered":"https:\/\/www.europesays.com\/fr\/258769\/"},"modified":"2025-07-19T12:16:10","modified_gmt":"2025-07-19T12:16:10","slug":"une-guitare-volee-aux-rolling-stones-dans-les-annees-1970-vient-de-refaire-surface-2","status":"publish","type":"post","link":"https:\/\/www.europesays.com\/fr\/258769\/","title":{"rendered":"Une guitare vol\u00e9e aux Rolling Stones dans les ann\u00e9es 1970 vient de refaire surface"},"content":{"rendered":"<p><strong>surprise &#8211; La Gibson Les Paul de Mick Taylor a r\u00e9apparu de fa\u00e7on \u00e9tonnante \u00e0 New York<\/strong><\/p>\n<p>Une Gibson Les Paul Standard de 1959 vol\u00e9e aux <a href=\"https:\/\/www.20minutes.fr\/arts-stars\/people\/4055260-20230928-mick-jagger-prefere-leguer-droits-back-catalogue-rolling-stones-bonnes-uvres-enfants?at_medium=RSS%20feed&amp;at_campaign=ynews&amp;utm_source=yahoo&amp;utm_medium=rss&amp;utm_campaign=news_feed&amp;utm_content=in_article_link\" rel=\"nofollow noopener\" target=\"_blank\" data-ylk=\"slk:Rolling Stones;elm:context_link;itc:0;sec:content-canvas\" class=\"link \">Rolling Stones<\/a> dans les ann\u00e9es 1970 vient <a href=\"https:\/\/www.20minutes.fr\/arts-stars\/people\/4077722-20240224-femme-rendu-paul-mccartney-basse-perdue-depuis-50-ans-espere-recompense?at_medium=RSS%20feed&amp;at_campaign=ynews&amp;utm_source=yahoo&amp;utm_medium=rss&amp;utm_campaign=news_feed&amp;utm_content=in_article_link\" rel=\"nofollow noopener\" target=\"_blank\" data-ylk=\"slk:d\u2019\u00eatre retrouv\u00e9e;elm:context_link;itc:0;sec:content-canvas\" class=\"link \">d\u2019\u00eatre retrouv\u00e9e<\/a> de mani\u00e8re tout \u00e0 fait inattendue. L\u2019instrument, qui appartenait \u00e0 l\u2019ancien guitariste du groupe Mick Taylor, a \u00e9t\u00e9 identifi\u00e9 dans une collection de 500 guitares r\u00e9cemment acquise par le Metropolitan Museum of Art de New York.<\/p>\n<p>La guitare avait \u00e9t\u00e9 d\u00e9rob\u00e9e lors des sessions pour l\u2019album Exile On Main St. en 1972, enregistr\u00e9 \u00e0 la villa Nellc\u00f4te, sur la C\u00f4te d\u2019Azur. La rumeur veut que le cambriolage aurait \u00e9t\u00e9 perp\u00e9tr\u00e9 par des dealers locaux auxquels Keith Richards devait de l\u2019argent. Au total, neuf guitares avaient \u00e9t\u00e9 vol\u00e9es, ainsi que la basse de Bill Wyman et le saxophone de Bobby Keys.<\/p>\n<p>Plus qu\u2019un instrument, une page de l\u2019histoire du rock<\/p>\n<p>C\u2019est Marlies Damming, manager de Mick Taylor, qui a confirm\u00e9 \u00e0 <a href=\"https:\/\/pagesix.com\/2025\/07\/10\/entertainment\/rolling-stones-rocker-mick-taylor-stunned-to-learn-stolen-guitar-somehow-wound-up-at-met-museum\/?at_medium=RSS%20feed&amp;at_campaign=ynews&amp;utm_source=yahoo&amp;utm_medium=rss&amp;utm_campaign=news_feed&amp;utm_content=in_article_link\" rel=\"nofollow noopener\" target=\"_blank\" data-ylk=\"slk:Page Six;elm:context_link;itc:0;sec:content-canvas\" class=\"link \">Page Six<\/a> que la Les Paul de 1959 faisait bien partie de la collection obtenue par le mus\u00e9e. L\u2019identification a \u00e9t\u00e9 rendue possible gr\u00e2ce \u00e0 la teinte \u00ab flaming \u00bb unique de la guitare.<\/p>\n<p>\u00ab Il existe de nombreuses photos de Mick Taylor jouant cette Les Paul, car c\u2019\u00e9tait sa guitare principale jusqu\u2019\u00e0 sa disparition \u00bb, a expliqu\u00e9 Marlies Damming. \u00ab Ce qui est int\u00e9ressant avec ces Les Paul vintage, c\u2019est qu\u2019elles sont r\u00e9put\u00e9es pour leur teinte, qui est unique, comme une empreinte digitale. \u00bb<\/p>\n<p>Cette guitare poss\u00e8de une histoire particuli\u00e8rement riche. Mick Taylor l\u2019avait achet\u00e9e \u00e0 Keith Richards en 1967, et elle avait \u00e9t\u00e9 jou\u00e9e lors du tristement c\u00e9l\u00e8bre concert d\u2019Altamont en 1969. (&#8230;)<\/p>\n<p><a href=\"https:\/\/www.20minutes.fr\/arts-stars\/people\/4164112-20250719-guitare-volee-rolling-stones-annees-1970-vient-refaire-surface?at_medium=RSS%20feed&amp;at_campaign=ynews&amp;utm_source=yahoo&amp;utm_medium=rss&amp;utm_campaign=news_feed&amp;utm_content=read_more_link\" rel=\"nofollow noopener\" target=\"_blank\" data-ylk=\"slk:Lire la suite sur 20minutes;elm:context_link;itc:0;sec:content-canvas\" class=\"link \">Lire la suite sur 20minutes<\/a><\/p>\n<p>\u00c0 lire aussi :<br \/><a href=\"https:\/\/www.20minutes.fr\/arts-stars\/cinema\/4134479-20250120-brian-jones-et-les-rolling-stones-2025?at_medium=RSS%20feed&amp;at_campaign=ynews&amp;utm_source=yahoo&amp;utm_medium=rss&amp;utm_campaign=news_feed&amp;utm_content=related_content_link\" rel=\"nofollow noopener\" target=\"_blank\" data-ylk=\"slk:\u00ab Brian Jones et les Rolling Stones \u00bb: synopsis et bande-annonce;elm:context_link;itc:0;sec:content-canvas\" class=\"link \">\u00ab Brian Jones et les Rolling Stones \u00bb: synopsis et bande-annonce<\/a><\/p>\n","protected":false},"excerpt":{"rendered":"surprise &#8211; La Gibson Les Paul de Mick Taylor a r\u00e9apparu de fa\u00e7on \u00e9tonnante \u00e0 New York Une&hellip;\n","protected":false},"author":2,"featured_media":258770,"comment_status":"","ping_status":"","sticky":false,"template":"","format":"standard","meta":{"footnotes":""},"categories":[1355],"tags":[58,59,1011,27,39888,18100,39890,29241,39889,39887,1361,873,415,6805],"class_list":{"0":"post-258769","1":"post","2":"type-post","3":"status-publish","4":"format-standard","5":"has-post-thumbnail","7":"category-musique","8":"tag-divertissement","9":"tag-entertainment","10":"tag-fr","11":"tag-france","12":"tag-gibson-les-paul","13":"tag-guitare","14":"tag-keith-richards","15":"tag-la-cote-dazur","16":"tag-les-paul","17":"tag-mick-taylor","18":"tag-music","19":"tag-musique","20":"tag-new-york","21":"tag-rolling-stones"},"share_on_mastodon":{"url":"https:\/\/pubeurope.com\/@fr\/114879855645372394","error":""},"_links":{"self":[{"href":"https:\/\/www.europesays.com\/fr\/wp-json\/wp\/v2\/posts\/258769","targetHints":{"allow":["GET"]}}],"collection":[{"href":"https:\/\/www.europesays.com\/fr\/wp-json\/wp\/v2\/posts"}],"about":[{"href":"https:\/\/www.europesays.com\/fr\/wp-json\/wp\/v2\/types\/post"}],"author":[{"embeddable":true,"href":"https:\/\/www.europesays.com\/fr\/wp-json\/wp\/v2\/users\/2"}],"replies":[{"embeddable":true,"href":"https:\/\/www.europesays.com\/fr\/wp-json\/wp\/v2\/comments?post=258769"}],"version-history":[{"count":0,"href":"https:\/\/www.europesays.com\/fr\/wp-json\/wp\/v2\/posts\/258769\/revisions"}],"wp:featuredmedia":[{"embeddable":true,"href":"https:\/\/www.europesays.com\/fr\/wp-json\/wp\/v2\/media\/258770"}],"wp:attachment":[{"href":"https:\/\/www.europesays.com\/fr\/wp-json\/wp\/v2\/media?parent=258769"}],"wp:term":[{"taxonomy":"category","embeddable":true,"href":"https:\/\/www.europesays.com\/fr\/wp-json\/wp\/v2\/categories?post=258769"},{"taxonomy":"post_tag","embeddable":true,"href":"https:\/\/www.europesays.com\/fr\/wp-json\/wp\/v2\/tags?post=258769"}],"curies":[{"name":"wp","href":"https:\/\/api.w.org\/{rel}","templated":true}]}}