{"id":258813,"date":"2025-07-19T12:46:19","date_gmt":"2025-07-19T12:46:19","guid":{"rendered":"https:\/\/www.europesays.com\/fr\/258813\/"},"modified":"2025-07-19T12:46:19","modified_gmt":"2025-07-19T12:46:19","slug":"un-kilo-de-cocaine-decouvert-dans-un-camping-de-loire-atlantique-une-femme-interpellee","status":"publish","type":"post","link":"https:\/\/www.europesays.com\/fr\/258813\/","title":{"rendered":"Un kilo de coca\u00efne d\u00e9couvert dans un camping de Loire-Atlantique, une femme interpell\u00e9e"},"content":{"rendered":"<p>C\u2019est une d\u00e9couverte plut\u00f4t inhabituelle dans un lieu de vacances. Jeudi 17\u00a0juillet, dans la matin\u00e9e, les gendarmes ont men\u00e9 une op\u00e9ration dans un camping de Cordemais (Loire-Atlantique).<\/p>\n<p>Le but\u00a0? Interpeller une femme d\u2019une trentaine d\u2019ann\u00e9es, soup\u00e7onn\u00e9e de trafic de stup\u00e9fiants. Une op\u00e9ration qui a vis\u00e9 juste.<\/p>\n<p>\u00c0 l\u2019int\u00e9rieur de la caravane de la suspecte, les militaires ont en effet d\u00e9couvert un kilo de coca\u00efne.<\/p>\n<p>Plac\u00e9e en garde \u00e0 vue, la femme devrait \u00eatre d\u00e9f\u00e9r\u00e9e samedi 19\u00a0juillet, au parquet de Nantes.<\/p>\n<p>\u00a0<\/p>\n","protected":false},"excerpt":{"rendered":"C\u2019est une d\u00e9couverte plut\u00f4t inhabituelle dans un lieu de vacances. Jeudi 17\u00a0juillet, dans la matin\u00e9e, les gendarmes ont&hellip;\n","protected":false},"author":2,"featured_media":258814,"comment_status":"","ping_status":"","sticky":false,"template":"","format":"standard","meta":{"footnotes":""},"categories":[2818],"tags":[1111,11,24692,3993,13916,1777,674,1294,1011,27,19842,39891,3047,766,12,2636,25],"class_list":{"0":"post-258813","1":"post","2":"type-post","3":"status-publish","4":"format-standard","5":"has-post-thumbnail","7":"category-nantes","8":"tag-actu","9":"tag-actualites","10":"tag-camping","11":"tag-cocaine","12":"tag-decouvert","13":"tag-eu","14":"tag-europe","15":"tag-femme","16":"tag-fr","17":"tag-france","18":"tag-interpellee","19":"tag-kilo","20":"tag-loire-atlantique","21":"tag-nantes","22":"tag-news","23":"tag-pays-de-la-loire","24":"tag-republique-francaise"},"share_on_mastodon":{"url":"https:\/\/pubeurope.com\/@fr\/114879973589096021","error":""},"_links":{"self":[{"href":"https:\/\/www.europesays.com\/fr\/wp-json\/wp\/v2\/posts\/258813","targetHints":{"allow":["GET"]}}],"collection":[{"href":"https:\/\/www.europesays.com\/fr\/wp-json\/wp\/v2\/posts"}],"about":[{"href":"https:\/\/www.europesays.com\/fr\/wp-json\/wp\/v2\/types\/post"}],"author":[{"embeddable":true,"href":"https:\/\/www.europesays.com\/fr\/wp-json\/wp\/v2\/users\/2"}],"replies":[{"embeddable":true,"href":"https:\/\/www.europesays.com\/fr\/wp-json\/wp\/v2\/comments?post=258813"}],"version-history":[{"count":0,"href":"https:\/\/www.europesays.com\/fr\/wp-json\/wp\/v2\/posts\/258813\/revisions"}],"wp:featuredmedia":[{"embeddable":true,"href":"https:\/\/www.europesays.com\/fr\/wp-json\/wp\/v2\/media\/258814"}],"wp:attachment":[{"href":"https:\/\/www.europesays.com\/fr\/wp-json\/wp\/v2\/media?parent=258813"}],"wp:term":[{"taxonomy":"category","embeddable":true,"href":"https:\/\/www.europesays.com\/fr\/wp-json\/wp\/v2\/categories?post=258813"},{"taxonomy":"post_tag","embeddable":true,"href":"https:\/\/www.europesays.com\/fr\/wp-json\/wp\/v2\/tags?post=258813"}],"curies":[{"name":"wp","href":"https:\/\/api.w.org\/{rel}","templated":true}]}}