{"id":258815,"date":"2025-07-19T12:47:09","date_gmt":"2025-07-19T12:47:09","guid":{"rendered":"https:\/\/www.europesays.com\/fr\/258815\/"},"modified":"2025-07-19T12:47:09","modified_gmt":"2025-07-19T12:47:09","slug":"une-video-montre-la-construction-du-nouveau-pont","status":"publish","type":"post","link":"https:\/\/www.europesays.com\/fr\/258815\/","title":{"rendered":"une vid\u00e9o montre la construction du nouveau pont"},"content":{"rendered":"<p>            Par<br \/>\n        <strong><br \/>\n            <a href=\"https:\/\/actu.fr\/auteur\/laure-gentil\" title=\"Consulter tous les articles de Laure Gentil\" rel=\"nofollow noopener\" target=\"_blank\">Laure Gentil<\/a><br \/>\n        <\/strong><\/p>\n<p>        Publi\u00e9 le<\/p>\n<p>            19 juil. 2025 \u00e0 14h02        <\/p>\n<p>Depuis avril, les ouvriers installent des tubes m\u00e9talliques allant jusqu\u2019\u00e0 27\u00a0m\u00e8tres de long pour y ancrer des pieux, dans le but de r\u00e9aliser les appuis en b\u00e9ton du nouveau <a href=\"https:\/\/actu.fr\/pays-de-la-loire\/nantes_44109\/nantes-apres-des-mois-de-travaux-le-pont-anne-de-bretagne-rouvre-a-la-circulation_62872078.html\" rel=\"nofollow noopener\" target=\"_blank\">pont Anne-de-Bretagne<\/a> \u00e0 <strong>Nantes<\/strong>.<\/p>\n<p class=\" wall-content\">Ce sont sur ces appuis que <strong>fin 2025<\/strong>, entre novembre et d\u00e9cembre, les habitants verront se poser <strong>la charpente m\u00e9tallique<\/strong>\u00a0<a href=\"https:\/\/actu.fr\/pays-de-la-loire\/nantes_44109\/nantes-le-nouveau-pont-anne-de-bretagne-sera-aussi-large-que-le-cours-saint-andre_53935989.html\" rel=\"nofollow noopener\" target=\"_blank\">du nouveau pont<\/a>. Celle-ci, qui p\u00e8sera plus de 2\u2009200\u00a0tonnes, sera achemin\u00e9e par bateau par la Loire, en provenance d\u2019Italie.<\/p>\n<p class=\" wall-content\"><a href=\"https:\/\/www.instagram.com\/reel\/DMIdugAIHyg\/embed\" title=\"Ouvrir le lien sur Instagram\" rel=\"nofollow noopener\" target=\"_blank\">Visualiser le contenu sur Instagram<\/a><\/p>\n<p>Six tron\u00e7ons de 72\u00a0m\u00e8tres de long<\/p>\n<p class=\" wall-content\">Une vid\u00e9o publi\u00e9e sur le compte Instagram de la Ville de Nantes montre le chantier de cette charpente. La construction a \u00e9t\u00e9 confi\u00e9e \u00e0\u00a0l\u2019entreprise Cimola\u00ef. Ce tablier <a href=\"https:\/\/actu.fr\/pays-de-la-loire\/nantes_44109\/en-images-pont-anne-de-bretagne-a-nantes-une-nouvelle-etape-du-chantier-est-franchie_62680471.html\" rel=\"nofollow noopener\" target=\"_blank\">doit permettre d\u2019\u00e9largir le pont Anne-de-Bretagne<\/a>. Elle sera pourvue de six tron\u00e7ons, chacun pouvant mesurer jusqu\u2019\u00e0 72\u00a0m de long et 18\u00a0m de large.<\/p>\n<p class=\" wall-content\">\u00ab\u2009Apr\u00e8s l\u2019\u00e9tape du sablage\u2009\u00bb, ces tron\u00e7ons seront assembl\u00e9s pour ne former plus qu\u2019une seule pi\u00e8ce\u2009: le tablier.<\/p>\n<p class=\" wall-content\">Suivez toute l\u2019actualit\u00e9 de vos villes et m\u00e9dias favoris en vous inscrivant \u00e0 <a href=\"https:\/\/moncompte.actu.fr\" title=\"D\u00e9couvez Mon Actu\" rel=\"nofollow noopener\" data-trk=\"{&quot;cta&quot;:{&quot;action&quot;:&quot;https:\\\/\\\/moncompte.actu.fr&quot;,&quot;category&quot;:&quot;mon compte&quot;,&quot;from&quot;:&quot;article footer&quot;,&quot;name&quot;:&quot;Mon actu&quot;,&quot;type&quot;:&quot;cta&quot;}}\" target=\"_blank\">Mon Actu<\/a>.<\/p>\n<p>                    <script async src=\"\/\/www.instagram.com\/embed.js\"><\/script><\/p>\n","protected":false},"excerpt":{"rendered":"Par Laure Gentil Publi\u00e9 le 19 juil. 2025 \u00e0 14h02 Depuis avril, les ouvriers installent des tubes m\u00e9talliques&hellip;\n","protected":false},"author":2,"featured_media":258816,"comment_status":"","ping_status":"","sticky":false,"template":"","format":"standard","meta":{"footnotes":""},"categories":[2818],"tags":[1111,11,1777,674,1011,27,766,12,2636,25,104,2086],"class_list":{"0":"post-258815","1":"post","2":"type-post","3":"status-publish","4":"format-standard","5":"has-post-thumbnail","7":"category-nantes","8":"tag-actu","9":"tag-actualites","10":"tag-eu","11":"tag-europe","12":"tag-fr","13":"tag-france","14":"tag-nantes","15":"tag-news","16":"tag-pays-de-la-loire","17":"tag-republique-francaise","18":"tag-societe","19":"tag-travaux"},"share_on_mastodon":{"url":"https:\/\/pubeurope.com\/@fr\/114879977554672389","error":""},"_links":{"self":[{"href":"https:\/\/www.europesays.com\/fr\/wp-json\/wp\/v2\/posts\/258815","targetHints":{"allow":["GET"]}}],"collection":[{"href":"https:\/\/www.europesays.com\/fr\/wp-json\/wp\/v2\/posts"}],"about":[{"href":"https:\/\/www.europesays.com\/fr\/wp-json\/wp\/v2\/types\/post"}],"author":[{"embeddable":true,"href":"https:\/\/www.europesays.com\/fr\/wp-json\/wp\/v2\/users\/2"}],"replies":[{"embeddable":true,"href":"https:\/\/www.europesays.com\/fr\/wp-json\/wp\/v2\/comments?post=258815"}],"version-history":[{"count":0,"href":"https:\/\/www.europesays.com\/fr\/wp-json\/wp\/v2\/posts\/258815\/revisions"}],"wp:featuredmedia":[{"embeddable":true,"href":"https:\/\/www.europesays.com\/fr\/wp-json\/wp\/v2\/media\/258816"}],"wp:attachment":[{"href":"https:\/\/www.europesays.com\/fr\/wp-json\/wp\/v2\/media?parent=258815"}],"wp:term":[{"taxonomy":"category","embeddable":true,"href":"https:\/\/www.europesays.com\/fr\/wp-json\/wp\/v2\/categories?post=258815"},{"taxonomy":"post_tag","embeddable":true,"href":"https:\/\/www.europesays.com\/fr\/wp-json\/wp\/v2\/tags?post=258815"}],"curies":[{"name":"wp","href":"https:\/\/api.w.org\/{rel}","templated":true}]}}