{"id":258831,"date":"2025-07-19T12:56:15","date_gmt":"2025-07-19T12:56:15","guid":{"rendered":"https:\/\/www.europesays.com\/fr\/258831\/"},"modified":"2025-07-19T12:56:15","modified_gmt":"2025-07-19T12:56:15","slug":"le-geant-allemand-du-velo-electrique-leon-cycle-sinstalle-a-lyon","status":"publish","type":"post","link":"https:\/\/www.europesays.com\/fr\/258831\/","title":{"rendered":"Le g\u00e9ant allemand du v\u00e9lo \u00e9lectrique Leon Cycle s\u2019installe \u00e0 Lyon"},"content":{"rendered":"<p>Leon Cycle veut acc\u00e9l\u00e9rer son d\u00e9veloppement en France. La marque installe son si\u00e8ge \u00e0 Lyon pour profiter de la dynamique locale autour du v\u00e9lo\u2026<\/p>\n<p>Le <strong>nombre de cyclistes<\/strong> \u00e0 Lyon ne cesse d\u2019augmenter, avec environ 15% d\u2019usagers en plus chaque ann\u00e9e. La <strong>M\u00e9tropole de Lyon<\/strong> \u0153uvre pour <a href=\"https:\/\/www.lyondemain.fr\/ztl-presquile-lyon\/\" target=\"_blank\" rel=\"noreferrer noopener\">emm\u00e9nager au mieux la ville<\/a> pour les v\u00e9los. En parall\u00e8le, les enseignes de ce secteur ne cessent d\u2019apparaitre et d\u2019innover. La <strong>ville de Lyon<\/strong> est devenue le terrain de jeu pr\u00e9f\u00e9r\u00e9 des entreprises du v\u00e9lo, m\u00eame pour les \u00e9trangers. C\u2019est le cas de <strong>Leon Cycle<\/strong>, une <a href=\"https:\/\/leoncycle.fr\/\" target=\"_blank\" rel=\"noreferrer noopener\">entreprise allemande<\/a> qui vient de choisir la <strong>ville de Lyon<\/strong> pour son si\u00e8ge fran\u00e7ais.<\/p>\n<p>Ecoutez le podcast<\/p>\n<p>Leon Cycle installe son si\u00e8ge \u00e0 Lyon<\/p>\n<p>Ecoutez aussi : <a href=\"https:\/\/www.lyondemain.fr\/nouvelles-stations-velov-lyon\/\" target=\"_blank\" rel=\"noopener\">33 stations V\u00e9lo\u2019V suppl\u00e9mentaires\u2026 \u00e0 et autour de Lyon<\/a><\/p>\n<p><img fetchpriority=\"high\" decoding=\"async\" width=\"1200\" height=\"675\" src=\"https:\/\/www.europesays.com\/fr\/wp-content\/uploads\/2025\/07\/Leon-Cycle-velos-elecriques.jpg\" alt=\"Leon Cycle\" class=\"wp-image-250589\"  \/><\/p>\n<p>Lyon : un choix logique<\/p>\n<p>Cr\u00e9e en 2014 en Allemagne, la <strong>marque Leon Cycle<\/strong>, sp\u00e9cialis\u00e9s dans les <strong>v\u00e9los \u00e9lectriques<\/strong> a rapidement pris la place de leader du march\u00e9. Pr\u00e9sente internationalement en Espagne, Am\u00e9rique, Nouvelle-Z\u00e9lande, <strong>Leon Cycle<\/strong> est en France depuis 2020, Le groupe a souhait\u00e9 renforcer sa pr\u00e9sence sur le march\u00e9 hexagonal en pleine expansion\u2026 En installant son<strong> si\u00e8ge fran\u00e7ais \u00e0 Lyon<\/strong>, dans le <strong>quartier de la Part-dieu<\/strong>.<\/p>\n<blockquote class=\"instagram-media\" data-instgrm-captioned=\"\" data-instgrm-permalink=\"https:\/\/www.instagram.com\/p\/DH0OWFdP9L4\/?utm_source=ig_embed&amp;utm_campaign=loading\" data-instgrm-version=\"14\" style=\" background:#FFF; border:0; border-radius:3px; box-shadow:0 0 1px 0 rgba(0,0,0,0.5),0 1px 10px 0 rgba(0,0,0,0.15); margin: 1px; max-width:540px; min-width:326px; padding:0; width:99.375%; width:-webkit-calc(100% - 2px); width:calc(100% - 2px);\"\/>\n<p><strong>C\u00f4me Rousset<\/strong>, responsable et manager des op\u00e9rations et des ventes pour le march\u00e9 fran\u00e7ais, nous dit tout sur cette arriv\u00e9e en France de l\u2019entreprise. <\/p>\n<p>\u00ab\u00a0On a choisi de s\u2019installer \u00e0 Lyon pour plusieurs raisons. D\u2019abord parce que c\u2019est un hub central pour la France, qui est ultradynamique. C\u2019est une ville qui met l\u2019accent sur les<strong> nouvelles mobilit\u00e9s<\/strong>. Il y beaucoup d\u2019aides de la r\u00e9gion, qui donne des facilit\u00e9s aux clients. Il y a vraiment une population active sur Lyon, qui est friande de ses produits. Et il y aussi un <strong>bassin d\u2019entreprises<\/strong>, d\u2019<strong>associations<\/strong> qui essayent de dynamiser ce secteur et de le pousser vers une reprise. Donc il y a tout ce positionnement g\u00e9ographique, ce dynamisme d\u2019entreprises, ce bassin de client\u00e8le\u2026 C\u2019est ce qui nous a pouss\u00e9 \u00e0 nous installer \u00e0 Lyon. En plus, d\u2019une <strong>situation g\u00e9ographique centrale<\/strong> en France pour tout ce qui est de l\u2019aspect logistique. Afin de pouvoir toujours apporter un <strong>service meilleur aux clients<\/strong> et les livrer dans des temps r\u00e9duits.\u00a0\u00bb<\/p>\n<p>Exoutez aussi : <a href=\"https:\/\/veloradio.fr\/douze-cycles-velo-cargo-annee-2025\/\" target=\"_blank\" rel=\"noreferrer noopener\">Douze Cycles d\u00e9croche le prix du \u00ab\u00a0V\u00e9lo cargo de l\u2019ann\u00e9e\u00a0\u00bb 2025<\/a><\/p>\n<p><img loading=\"lazy\" decoding=\"async\" width=\"1200\" height=\"675\" src=\"https:\/\/www.europesays.com\/fr\/wp-content\/uploads\/2025\/07\/Leon-Cycle-installe-son-siege-a-Lyon.png\" alt=\"si\u00e8ge \u00e0 Lyon\" class=\"wp-image-250590\"  \/><\/p>\n<p>Leon Cycle au Cargo Bike Festival les 27 et 28 septembre<\/p>\n<p>Avec cette forte pr\u00e9sence locale, <strong>Leon Cycle<\/strong> va participer activement aux grands rendez-vous du secteur en 2025, renfor\u00e7ant ainsi sa notori\u00e9t\u00e9 et son engagement dans le d\u00e9veloppement de la<strong> fili\u00e8re v\u00e9lo en France<\/strong>. La marque sera donc pr\u00e9sente sur le <strong>Cargo Bike Festival<\/strong> place Bellecour \u00e0 Lyon, en septembre 2025.<\/p>\n<p>Ecoutez aussi : <a href=\"https:\/\/www.lyondemain.fr\/muli-velo-cargo-compact\/\" target=\"_blank\" rel=\"noreferrer noopener\">Muli : Le v\u00e9lo cargo compact qui r\u00e9volutionne la mobilit\u00e9 urbaine<\/a><\/p>\n<p>Abonnez-vous \u00e0 notre podcast <strong>V\u00e9lo Cargo &amp; co<\/strong>, r\u00e9alis\u00e9 en partenariat avec le <strong><a href=\"https:\/\/cargobikefestival.fr\/\" target=\"_blank\" rel=\"noopener\">Cargo Bike Festival<\/a><\/strong><\/p>\n<p><img loading=\"lazy\" decoding=\"async\" width=\"1200\" height=\"675\" src=\"https:\/\/www.europesays.com\/fr\/wp-content\/uploads\/2025\/07\/Leon-Cycle-modele-pliant.jpg\" alt=\"Leon Cycle\" class=\"wp-image-250591\"  \/><br \/>\nJ\u2019aime \u00e7a\u00a0:<\/p>\n<p>J\u2019aime chargement\u2026<\/p>\n<p><a class=\"sd-link-color\"\/><\/p>\n<p>\n\tArticles similaires\n<\/p>\n<p>\t\t\t\t<img decoding=\"async\" src=\"https:\/\/www.europesays.com\/fr\/wp-content\/uploads\/2025\/07\/1752929775_722_7866158698e17e8ed633c05e8f8e7fe5d9e057ad78661c4dc34e413abb6b9f19\" alt=\"G\u00e9rald Bouchon\"\/><\/p>\n<p>Pionnier des radios libres, passionn\u00e9 de radio, journaliste et dirigeant de m\u00e9dias \u00e9co-responsables..<\/p>\n<p>\t\t\t<script async src=\"\/\/www.instagram.com\/embed.js\"><\/script><\/p>\n","protected":false},"excerpt":{"rendered":"Leon Cycle veut acc\u00e9l\u00e9rer son d\u00e9veloppement en France. La marque installe son si\u00e8ge \u00e0 Lyon pour profiter de&hellip;\n","protected":false},"author":2,"featured_media":258832,"comment_status":"","ping_status":"","sticky":false,"template":"","format":"standard","meta":{"footnotes":""},"categories":[1889],"tags":[1111,11,2430,39893,1777,674,1011,27,39894,2428,12,25,21874,39895,27605,3459],"class_list":{"0":"post-258831","1":"post","2":"type-post","3":"status-publish","4":"format-standard","5":"has-post-thumbnail","7":"category-lyon","8":"tag-actu","9":"tag-actualites","10":"tag-auvergne-rhone-alpes","11":"tag-cargo-bike-festival","12":"tag-eu","13":"tag-europe","14":"tag-fr","15":"tag-france","16":"tag-leon-cycle","17":"tag-lyon","18":"tag-news","19":"tag-republique-francaise","20":"tag-siege","21":"tag-vae","22":"tag-velo-cargo","23":"tag-velo-electrique"},"share_on_mastodon":{"url":"https:\/\/pubeurope.com\/@fr\/114880013221612731","error":""},"_links":{"self":[{"href":"https:\/\/www.europesays.com\/fr\/wp-json\/wp\/v2\/posts\/258831","targetHints":{"allow":["GET"]}}],"collection":[{"href":"https:\/\/www.europesays.com\/fr\/wp-json\/wp\/v2\/posts"}],"about":[{"href":"https:\/\/www.europesays.com\/fr\/wp-json\/wp\/v2\/types\/post"}],"author":[{"embeddable":true,"href":"https:\/\/www.europesays.com\/fr\/wp-json\/wp\/v2\/users\/2"}],"replies":[{"embeddable":true,"href":"https:\/\/www.europesays.com\/fr\/wp-json\/wp\/v2\/comments?post=258831"}],"version-history":[{"count":0,"href":"https:\/\/www.europesays.com\/fr\/wp-json\/wp\/v2\/posts\/258831\/revisions"}],"wp:featuredmedia":[{"embeddable":true,"href":"https:\/\/www.europesays.com\/fr\/wp-json\/wp\/v2\/media\/258832"}],"wp:attachment":[{"href":"https:\/\/www.europesays.com\/fr\/wp-json\/wp\/v2\/media?parent=258831"}],"wp:term":[{"taxonomy":"category","embeddable":true,"href":"https:\/\/www.europesays.com\/fr\/wp-json\/wp\/v2\/categories?post=258831"},{"taxonomy":"post_tag","embeddable":true,"href":"https:\/\/www.europesays.com\/fr\/wp-json\/wp\/v2\/tags?post=258831"}],"curies":[{"name":"wp","href":"https:\/\/api.w.org\/{rel}","templated":true}]}}