{"id":258839,"date":"2025-07-19T13:02:12","date_gmt":"2025-07-19T13:02:12","guid":{"rendered":"https:\/\/www.europesays.com\/fr\/258839\/"},"modified":"2025-07-19T13:02:12","modified_gmt":"2025-07-19T13:02:12","slug":"neuilly-lenseignante-de-maternelle-soupconnee-dattouchements-sexuels-mise-hors-de-cause","status":"publish","type":"post","link":"https:\/\/www.europesays.com\/fr\/258839\/","title":{"rendered":"Neuilly\u00a0: l\u2019enseignante de maternelle soup\u00e7onn\u00e9e d\u2019attouchements sexuels mise hors de cause"},"content":{"rendered":"<p class=\"paragraph text_align_left lp-f-body-02\">L\u2019affaire avait provoqu\u00e9 un <a href=\"https:\/\/www.leparisien.fr\/hauts-de-seine-92\/une-enseignante-soupconnee-dattouchements-sur-des-eleves-de-maternelle-psychose-dans-une-ecole-de-neuilly-12-02-2025-HV2P4EDXUBBAPDQDKW52YI5C6U.php\" target=\"_self\" rel=\"noopener\">profond malaise au sein de la petite \u00e9cole des Poissonniers<\/a>, \u00e0 Neuilly-sur-Seine, en d\u00e9but d\u2019ann\u00e9e. Une institutrice en charge des \u00e9coliers de petite section \u00e9tait soup\u00e7onn\u00e9e de gestes d\u00e9plac\u00e9s ou au moins inappropri\u00e9s envers des enfants. Trois plaintes avaient \u00e9t\u00e9 d\u00e9pos\u00e9es par des parents aupr\u00e8s des services de police.<\/p>\n<p class=\"paragraph text_align_left lp-f-body-02\">Cette fonctionnaire de l\u2019\u00c9ducation nationale a \u00e9t\u00e9 mise hors de cause. Dans un communiqu\u00e9, son avocate, Me Florence Lec, a souhait\u00e9 porter \u00e0 la connaissance du public le classement sans suite de la proc\u00e9dure.<\/p>\n<p class=\"paragraph text_align_left lp-f-body-02\">Ce vendredi soir, le parquet de Nanterre a confirm\u00e9 l\u2019information de classement sans suite, \u00ab faute de pouvoir caract\u00e9riser l\u2019existence d\u2019une infraction p\u00e9nale compte tenu notamment du fait que les seules d\u00e9nonciations reposaient sur des t\u00e9moignages non recoup\u00e9s, de t\u00e9moins et victimes d\u2019un tr\u00e8s jeune \u00e2ge (classe de petite section, donc entre 3 et 4 ans) \u00bb.<\/p>\n<p class=\"paragraph text_align_left lp-f-body-02\">Le parquet avait ouvert une enqu\u00eate pr\u00e9liminaire le 8 janvier dernier, confi\u00e9e \u00e0 la s\u00fbret\u00e9 territoriale des Hauts-de-Seine suite \u00e0 la r\u00e9ception d\u2019un signalement de l\u2019Unit\u00e9 d\u2019Accueil P\u00e9diatrique Enfants En Danger de Clamart r\u00e9dig\u00e9 sur la base des propos d\u2019une jeune enfant \u00e2g\u00e9e de 3 ans.<\/p>\n<p class=\"paragraph text_align_left lp-f-body-02\">\u00ab Les investigations se sont poursuivies dans ce cadre pour recueillir d\u2019autres \u00e9l\u00e9ments de preuve, dont les t\u00e9moignages notamment d\u2019autres enfants t\u00e9moins ou victimes \u00bb, pr\u00e9cise le parquet de Nanterre.<\/p>\n<p class=\"paragraph text_align_left lp-f-body-02\">D\u00e8s l\u2019origine de l\u2019affaire, l\u2019enseignante avait \u00ab fermement et inlassablement clam\u00e9 son innocence \u00bb, rappelle son avocate, Me Florence Lec. \u00ab Elle a pu, au cours de l\u2019enqu\u00eate de police, fournir l\u2019ensemble des \u00e9l\u00e9ments de preuve n\u00e9cessaires \u00e0 sa d\u00e9fense, dont de tr\u00e8s nombreux t\u00e9moignages probants qui l\u2019ont totalement innocent\u00e9e. Cette d\u00e9cision du procureur de la R\u00e9publique de Nanterre, bien que tr\u00e8s attendue, vient reconna\u00eetre l\u2019innocence et restaurer l\u2019honneur de ma cliente. \u00bb<\/p>\n<p class=\"paragraph text_align_left lp-f-body-02\">Le cabinet Lec Avocats fait par ailleurs savoir que l\u2019institutrice a pu compter sur le \u00ab soutien ind\u00e9fectible de sa famille, de sa hi\u00e9rarchie, de ses coll\u00e8gues, de nombreux parents d\u2019\u00e9l\u00e8ves, ainsi que de l\u2019Autonome de Solidarit\u00e9 La\u00efque (L\u2019ASL), qui lui a apport\u00e9 d\u00e8s les premiers jours protection, soutien et un accompagnement essentiel \u00bb.<\/p>\n<p class=\"paragraph text_align_left lp-f-body-02\">L\u2019enseignante, bien que profond\u00e9ment affect\u00e9e par cette affaire, souhaite poursuivre l\u2019exercice de son m\u00e9tier.<\/p>\n","protected":false},"excerpt":{"rendered":"L\u2019affaire avait provoqu\u00e9 un profond malaise au sein de la petite \u00e9cole des Poissonniers, \u00e0 Neuilly-sur-Seine, en d\u00e9but&hellip;\n","protected":false},"author":2,"featured_media":258840,"comment_status":"","ping_status":"","sticky":false,"template":"","format":"standard","meta":{"footnotes":""},"categories":[1888],"tags":[11,1777,674,1011,27,3314,1944,12,626,25],"class_list":{"0":"post-258839","1":"post","2":"type-post","3":"status-publish","4":"format-standard","5":"has-post-thumbnail","7":"category-paris","8":"tag-actualites","9":"tag-eu","10":"tag-europe","11":"tag-fr","12":"tag-france","13":"tag-hauts-de-seine","14":"tag-ma-ville","15":"tag-news","16":"tag-paris","17":"tag-republique-francaise"},"share_on_mastodon":{"url":"https:\/\/pubeurope.com\/@fr\/114880036590789121","error":""},"_links":{"self":[{"href":"https:\/\/www.europesays.com\/fr\/wp-json\/wp\/v2\/posts\/258839","targetHints":{"allow":["GET"]}}],"collection":[{"href":"https:\/\/www.europesays.com\/fr\/wp-json\/wp\/v2\/posts"}],"about":[{"href":"https:\/\/www.europesays.com\/fr\/wp-json\/wp\/v2\/types\/post"}],"author":[{"embeddable":true,"href":"https:\/\/www.europesays.com\/fr\/wp-json\/wp\/v2\/users\/2"}],"replies":[{"embeddable":true,"href":"https:\/\/www.europesays.com\/fr\/wp-json\/wp\/v2\/comments?post=258839"}],"version-history":[{"count":0,"href":"https:\/\/www.europesays.com\/fr\/wp-json\/wp\/v2\/posts\/258839\/revisions"}],"wp:featuredmedia":[{"embeddable":true,"href":"https:\/\/www.europesays.com\/fr\/wp-json\/wp\/v2\/media\/258840"}],"wp:attachment":[{"href":"https:\/\/www.europesays.com\/fr\/wp-json\/wp\/v2\/media?parent=258839"}],"wp:term":[{"taxonomy":"category","embeddable":true,"href":"https:\/\/www.europesays.com\/fr\/wp-json\/wp\/v2\/categories?post=258839"},{"taxonomy":"post_tag","embeddable":true,"href":"https:\/\/www.europesays.com\/fr\/wp-json\/wp\/v2\/tags?post=258839"}],"curies":[{"name":"wp","href":"https:\/\/api.w.org\/{rel}","templated":true}]}}