{"id":25884,"date":"2025-04-15T04:37:10","date_gmt":"2025-04-15T04:37:10","guid":{"rendered":"https:\/\/www.europesays.com\/fr\/25884\/"},"modified":"2025-04-15T04:37:10","modified_gmt":"2025-04-15T04:37:10","slug":"en-direct-guerre-en-ukraine-moscou-affirme-avoir-vise-une-reunion-de-larmee-ukrainienne-lors-de-lattaque-a-soumy","status":"publish","type":"post","link":"https:\/\/www.europesays.com\/fr\/25884\/","title":{"rendered":"En direct, guerre en Ukraine \u2013 Moscou affirme avoir vis\u00e9 une r\u00e9union de l&rsquo;arm\u00e9e ukrainienne lors de l&rsquo;attaque \u00e0 Soumy"},"content":{"rendered":"<p>        04:54<\/p>\n<p>      Donald Trump s&rsquo;en prend de nouveau \u00e0 Volodymyr Zelensky<\/p>\n<p>              <a tabindex=\"-1\" title=\"Le Temps avec l\u2019AFP\" href=\"https:\/\/www.letemps.ch\/profil\/le-temps-avec-l-afp\" rel=\"nofollow noopener\" target=\"_blank\"><\/p>\n<p>                    <img decoding=\"async\" src=\"https:\/\/www.europesays.com\/fr\/wp-content\/uploads\/2025\/04\/1744691829_537_small.jpeg\" class=\"lazy\" alt=\"\"\/><\/p>\n<p><\/a>        <\/p>\n<p>Donald Trump a de nouveau affich\u00e9 sa frustration envers son homologue ukrainien, Volodymyr Zelensky, alors que le pr\u00e9sident am\u00e9ricain dit vouloir mettre fin au conflit avec la Russie.<\/p>\n<blockquote>\n<p>Il cherche toujours \u00e0 se procurer des missiles. Ecoutez, lorsque vous commencez une guerre, vous devez savoir que vous pouvez l&#8217;emporter. Vous ne commencez pas une guerre contre quelqu&rsquo;un 20 fois plus grand que vous et puis esp\u00e9rez que les gens vous livrent des missiles.<\/p>\n<\/blockquote>\n<p>Il s&rsquo;est ensuite repris en citant les responsabilit\u00e9s du pr\u00e9sident russe, Vladimir Poutine, et de l&rsquo;ancien pr\u00e9sident d\u00e9mocrate, Joe Biden. \u00abVous avez des millions de gens qui sont morts \u00e0 cause de trois personnes. Disons Poutine en premier. Mais aussi Biden, qui n&rsquo;avait aucune id\u00e9e de ce qu&rsquo;il faisait, en second, et Zelensky\u00bb, a-t-il dit, r\u00e9p\u00e9tant l&rsquo;id\u00e9e que cette guerre n&rsquo;aurait jamais d\u00fb se produire.<\/p>\n<p>        04:40<\/p>\n<p>      Un mort dans une attaque ukrainienne \u00abmassive\u00bb sur la ville russe de Koursk, selon les autorit\u00e9s<\/p>\n<p>              <a tabindex=\"-1\" title=\"Le Temps avec l\u2019AFP\" href=\"https:\/\/www.letemps.ch\/profil\/le-temps-avec-l-afp\" rel=\"nofollow noopener\" target=\"_blank\"><\/p>\n<p>                    <img decoding=\"async\" src=\"https:\/\/www.europesays.com\/fr\/wp-content\/uploads\/2025\/04\/1744691829_537_small.jpeg\" class=\"lazy\" alt=\"\"\/><\/p>\n<p><\/a>        <\/p>\n<p>Une femme \u00e2g\u00e9e de 85 ans a \u00e9t\u00e9 tu\u00e9e dans une attaque ukrainienne \u00abmassive\u00bb au cours de la nuit \u00e0 Koursk, dans l&rsquo;ouest de la Russie, ont annonc\u00e9 les autorit\u00e9s locales mardi.<\/p>\n<p>\u00abKoursk a fait l&rsquo;objet d&rsquo;une attaque ennemie massive cette nuit\u00bb, a indiqu\u00e9 sur Telegram le gouvernement de la r\u00e9gion. Neuf personnes ont \u00e9t\u00e9 bless\u00e9es, selon la m\u00eame source, ajoutant que des habitants de la ville \u00e9taient \u00e9vacu\u00e9s en raison d&rsquo;incendies dans plusieurs b\u00e2timents.<\/p>\n<p>Les autorit\u00e9s de Koursk avaient activ\u00e9 une alerte anti-a\u00e9rienne pour une attaque de missile et de drone et appel\u00e9 les r\u00e9sidents \u00e0 s&rsquo;\u00e9loigner des fen\u00eatres, d&rsquo;apr\u00e8s le m\u00e9dia pro-Kremlin Izvestia.<\/p>\n<p>        14 avril \u00e0 21:41<\/p>\n<p>      Les deux Chinois captur\u00e9s par l\u2019Ukraine en conf\u00e9rence de presse<\/p>\n<p>              <a tabindex=\"-1\" title=\"Le Temps avec l\u2019AFP\" href=\"https:\/\/www.letemps.ch\/profil\/le-temps-avec-l-afp\" rel=\"nofollow noopener\" target=\"_blank\"><\/p>\n<p>                    <img decoding=\"async\" src=\"https:\/\/www.europesays.com\/fr\/wp-content\/uploads\/2025\/04\/1744691829_537_small.jpeg\" class=\"lazy\" alt=\"\"\/><\/p>\n<p><\/a>        <\/p>\n<p>Les deux ressortissants chinois captur\u00e9s par l\u2019Ukraine alors qu\u2019ils combattaient au sein de l\u2019arm\u00e9e russe sont apparus ce lundi au cours d\u2019une conf\u00e9rence de presse \u00e0 Kiev, assurant vouloir \u00eatre \u00e9chang\u00e9s et appelant leurs concitoyens \u00e0 ne pas suivre leur exemple. Ces deux hommes se sont exprim\u00e9s devant les journalistes aux c\u00f4t\u00e9s de militaires ukrainiens arm\u00e9s et masqu\u00e9s, de sorte qu\u2019il \u00e9tait impossible de savoir s\u2019ils intervenaient de leur plein gr\u00e9.<\/p>\n<p>V\u00eatus de treillis militaires et menottes aux poignets, les deux hommes ont racont\u00e9 en mandarin avoir \u00e9t\u00e9 captur\u00e9s lors de combats dans la r\u00e9gion de Donetsk, dans l\u2019est de l\u2019Ukraine, apr\u00e8s avoir rejoint les rangs de l\u2019arm\u00e9e russe gr\u00e2ce \u00e0 des annonces en ligne. \u00abJ\u2019esp\u00e8re que la Chine pourra m\u2019\u00e9changer avec la Russie et l\u2019Ukraine et me ramener en Chine\u00bb, a d\u00e9clar\u00e9 l\u2019un d\u2019entre eux, identifi\u00e9 comme Zhang Renbo, 26\u00a0ans. L\u2019autre, identifi\u00e9 comme Wang Guangjun, 33\u00a0ans, a appel\u00e9 ses \u00abcompatriotes qui veulent participer \u00e0 la guerre en Ukraine\u00bb \u00e0 ne pas le faire. \u00abNe participez pas \u00e0 cette guerre\u00bb, a-t-il lanc\u00e9. Il a racont\u00e9 avoir \u00e9t\u00e9 enr\u00f4l\u00e9 dans l\u2019arm\u00e9e russe via \u00abdes annonces de recrutement sur certaines applications chinoises comme Kuaishou et Douyin\u00bb. Les deux hommes ont d\u00e9menti avoir quelque lien que ce soit avec le gouvernement chinois.<\/p>\n<p>        14 avril \u00e0 17:16<\/p>\n<p>      La CourEDH examine une plainte de Kiev contre Moscou pour des assassinats cibl\u00e9s<\/p>\n<p>              <a tabindex=\"-1\" title=\"Le Temps avec l\u2019AFP\" href=\"https:\/\/www.letemps.ch\/profil\/le-temps-avec-l-afp\" rel=\"nofollow noopener\" target=\"_blank\"><\/p>\n<p>                    <img decoding=\"async\" src=\"https:\/\/www.europesays.com\/fr\/wp-content\/uploads\/2025\/04\/1744691829_537_small.jpeg\" class=\"lazy\" alt=\"\"\/><\/p>\n<p><\/a>        <\/p>\n<p>La Cour europ\u00e9enne des droits de l\u2019homme (CourEDH) annonce qu\u2019elle examine une plainte d\u00e9pos\u00e9e par l\u2019Ukraine contre la Russie en 2021 pour d\u00e9noncer les assassinats cibl\u00e9s que le Kremlin aurait ordonn\u00e9s contre ses opposants, en Russie et \u00e0 l\u2019\u00e9tranger. Ce dossier \u00abainsi que les questions pos\u00e9es par la Cour\u00bb ont \u00e9t\u00e9 transmis fin mars au gouvernement russe, qui a jusqu\u2019au 23\u00a0juillet \u00abpour soumettre ses observations\u00bb, a pr\u00e9cis\u00e9 dans un communiqu\u00e9 l\u2019organe judiciaire du Conseil de l\u2019Europe. La Russie n\u2019est plus membre de l\u2019organisation paneurop\u00e9enne depuis septembre 2022, mais reste tenue de se soumettre aux proc\u00e9dures de la CourEDH lanc\u00e9es contre elle avant cette date.<\/p>\n<p>        14 avril \u00e0 16:19<\/p>\n<p>      La rencontre en Vladimir Poutine et Steve Witkoff a \u00e9t\u00e9 \u00abextr\u00eamement utile et efficace\u00bb, selon le Kremlin<\/p>\n<p>              <a tabindex=\"-1\" title=\"Le Temps avec l\u2019AFP\" href=\"https:\/\/www.letemps.ch\/profil\/le-temps-avec-l-afp\" rel=\"nofollow noopener\" target=\"_blank\"><\/p>\n<p>                    <img decoding=\"async\" src=\"https:\/\/www.europesays.com\/fr\/wp-content\/uploads\/2025\/04\/1744691829_537_small.jpeg\" class=\"lazy\" alt=\"\"\/><\/p>\n<p><\/a>        <\/p>\n<p>La rencontre entre le pr\u00e9sident russe Vladimir Poutine et l\u2019\u00e9missaire de Donald Trump, Steve Witkoff, qui a eu lieu vendredi \u00e0 Saint-P\u00e9tersbourg en Russie, \u00e9tait \u00abextr\u00eamement utile et efficace\u00bb, a assur\u00e9 lundi le porte-parole du Kremlin, Dmitri Peskov, en faisant l\u2019\u00e9loge d\u2019un canal de communication permettant aux dirigeants russe et am\u00e9ricain d\u2019\u00e9changer directement sur \u00abdiff\u00e9rents \u00e9l\u00e9ments de leurs positions sur toutes sortes de questions\u00bb.<\/p>\n<p>        14 avril \u00e0 14:09<\/p>\n<p>      La frappe sur Soumy justifi\u00e9e par une r\u00e9union de l\u2019arm\u00e9e ukrainienne, se d\u00e9fend Moscou<\/p>\n<p>              <a tabindex=\"-1\" title=\"Le Temps avec l\u2019AFP\" href=\"https:\/\/www.letemps.ch\/profil\/le-temps-avec-l-afp\" rel=\"nofollow noopener\" target=\"_blank\"><\/p>\n<p>                    <img decoding=\"async\" src=\"https:\/\/www.europesays.com\/fr\/wp-content\/uploads\/2025\/04\/1744691829_537_small.jpeg\" class=\"lazy\" alt=\"\"\/><\/p>\n<p><\/a>        <\/p>\n<p>La Russie a dit lundi avoir frapp\u00e9 la veille une r\u00e9union de l\u2019arm\u00e9e ukrainienne \u00e0 Soumy avec des missiles balistiques, tout en accusant Kiev d\u2019utiliser les civils comme \u00abbouclier humain\u00bb apr\u00e8s cette attaque, l\u2019une des plus meurtri\u00e8res depuis le d\u00e9but du conflit.<\/p>\n<p>Ce bombardement a fait au moins 34 morts dans le centre-ville de Soumy, dans le nord-est de l\u2019Ukraine, le jour du dimanche des Rameaux, date importante du calendrier chr\u00e9tien.<\/p>\n<p>Le minist\u00e8re russe de la D\u00e9fense a affirm\u00e9 dans un communiqu\u00e9 lundi que ses troupes avaient utilis\u00e9 deux missiles balistiques \u00abIskander\u00bb sur \u00ables lieux d\u2019une r\u00e9union du commandement\u00bb d\u2019un groupement de l\u2019arm\u00e9e ukrainienne \u00e0 Soumy.<\/p>\n<p>L\u2019Ukraine \u00abcontinue d\u2019utiliser la population ukrainienne comme boucliers humains, en pla\u00e7ant des installations militaires ou en organisant des \u00e9v\u00e9nements auxquels participent des militaires au centre d\u2019une ville dens\u00e9ment peupl\u00e9e\u00bb, a ajout\u00e9 le minist\u00e8re russe.<\/p>\n<p>Cette accusation russe implique que Moscou reconna\u00eet de fait que ce bombardement a touch\u00e9 des civils, m\u00eame si cela n\u2019est pas formul\u00e9 clairement.<\/p>\n<p>        14 avril \u00e0 13:58<\/p>\n<p>      Le soutien militaire de Berlin \u00e0 Kiev vu comme une potentielle escalade du conflit par Moscou<\/p>\n<p>              <a tabindex=\"-1\" title=\"Le Temps avec l\u2019AFP\" href=\"https:\/\/www.letemps.ch\/profil\/le-temps-avec-l-afp\" rel=\"nofollow noopener\" target=\"_blank\"><\/p>\n<p>                    <img decoding=\"async\" src=\"https:\/\/www.europesays.com\/fr\/wp-content\/uploads\/2025\/04\/1744691829_537_small.jpeg\" class=\"lazy\" alt=\"\"\/><\/p>\n<p><\/a>        <\/p>\n<p>Le Kremlin a d\u00e9nonc\u00e9 lundi un risque d&rsquo;\u00abescalade\u00bb du conflit en Ukraine si l\u2019Allemagne d\u00e9cidait de fournir des missiles Taurus \u00e0 Kiev, le futur chancelier Friedrich Merz s\u2019y \u00e9tant dit ouvert en cas d\u2019accord avec les Europ\u00e9ens.<\/p>\n<p>Friedrich Merz \u00absoutient diverses mesures qui peuvent conduire et conduiront in\u00e9vitablement \u00e0 une nouvelle escalade de la situation autour de l\u2019Ukraine\u00bb, a dit le porte-parole de la pr\u00e9sidence russe, Dmitri Peskov, lors de son briefing quotidien.<\/p>\n<p>Le porte-parole a \u00e9galement d\u00e9plor\u00e9 que Friedrich Merz \u00abmilite en faveur d\u2019un durcissement\u00bb du conflit, \u00abune position similaire observ\u00e9e dans d\u2019autres capitales europ\u00e9ennes\u00bb.<\/p>\n<p>\u00abMalheureusement, il est vrai que des capitales europ\u00e9ennes ne sont pas enclines \u00e0 chercher des moyens de parvenir \u00e0 des pourparlers de paix, mais sont plut\u00f4t enclines \u00e0 provoquer davantage la poursuite de la guerre\u00bb, a-t-il estim\u00e9. Le futur chancelier, victorieux fin f\u00e9vrier des \u00e9lections l\u00e9gislatives en Allemagne, s\u2019est jusqu\u2019ici montr\u00e9 d\u00e9termin\u00e9 dans sa volont\u00e9 de poursuivre le soutien militaire \u00e0 l\u2019Ukraine.<\/p>\n<p>        14 avril \u00e0 13:34<\/p>\n<p>      \u00abQue des cibles militaires\u00bb, assure le Kremlin<\/p>\n<p>              <a tabindex=\"-1\" title=\"Le Temps\" href=\"https:\/\/www.letemps.ch\/profil\/le-temps\" rel=\"nofollow noopener\" target=\"_blank\"><\/p>\n<p>                    <img decoding=\"async\" src=\"https:\/\/www.europesays.com\/fr\/wp-content\/uploads\/2025\/04\/1744691829_934_small.jpeg\" class=\"lazy\" alt=\"\"\/><\/p>\n<p><\/a>        <\/p>\n<blockquote>\n<p>Nos militaires frappent exclusivement des cibles militaires et quasi-militaires<\/p>\n<\/blockquote>\n<p>a assur\u00e9 ce lundi matin le porte-parole de la pr\u00e9sidence russe, Dmitri Peskov, lors d\u2019un briefing auquel a particip\u00e9 l\u2019AFP, \u00e0 propos de l\u2019assaut dimanche contre le centre-ville de Soumy, dans le nord-est du pays.<\/p>\n<p>Les observateurs ont relev\u00e9 que l\u2019attaque de Soumy, qui a fait 34 morts, compte des victimes civiles innocentes, dont des enfants.<\/p>\n<p>        14 avril \u00e0 12:48<\/p>\n<p>      D\u00e9sormais, une \u00abbanalisation\u00bb des mines antipersonnel<\/p>\n<p>              <a tabindex=\"-1\" title=\"Le Temps\" href=\"https:\/\/www.letemps.ch\/profil\/le-temps\" rel=\"nofollow noopener\" target=\"_blank\"><\/p>\n<p>                    <img decoding=\"async\" src=\"https:\/\/www.europesays.com\/fr\/wp-content\/uploads\/2025\/04\/1744691829_934_small.jpeg\" class=\"lazy\" alt=\"\"\/><\/p>\n<p><\/a>        <\/p>\n<p>La Convention d\u2019Ottawa qui interdit l\u2019emploi, la production, le stockage et le transfert de mines antipersonnel a \u00e9t\u00e9 commenc\u00e9 \u00e0 \u00eatre sign\u00e9e il y a 11\u00a0ans. Elle mentionnait l\u2019ann\u00e9e 2025 comme d\u00e9lai pour liquider des mat\u00e9riels. 133 pays ont sign\u00e9 le texte. Au moment de sa r\u00e9daction en 1997, note le Guardian, \u00abpr\u00e8s de 25\u00a0000 personnes \u00e9taient tu\u00e9es ou bless\u00e9es chaque ann\u00e9e par des mines antipersonnel, mais en 2013, le nombre de victimes avait \u00e9t\u00e9 r\u00e9duit \u00e0 3300\u00bb.<\/p>\n<p>D\u00e9sormais, le mouvement s\u2019inverse. L\u2019Ukraine est devenue le pays le plus min\u00e9 du monde. Et face \u00e0 la menace russe, des pays font marche arri\u00e8re. Les pays Baltes, la Pologne et, le 1er\u00a0avril dernier, la Finlande ont annonc\u00e9 leur retrait de la Convention. \u00abLeur logique est tout \u00e0 fait compr\u00e9hensible\u00bb estime le m\u00e9dia anglais, relevant le fait que \u00abla Finlande partage pr\u00e8s de 1300 kilom\u00e8tres de fronti\u00e8re avec la Russie, et les Etats baltes sont petits et g\u00e9ographiquement assez isol\u00e9s des autres pays membres de l\u2019Otan\u00bb.<\/p>\n<p>On ne peut n\u00e9anmoins que d\u00e9plorer de voir que s\u2019installe \u00abune nouvelle banalisation de l\u2019usage des mines antipersonnel\u00bb, d\u00e9plore le Guardian dans son \u00e9ditorial, <a href=\"https:\/\/www.courrierinternational.com\/article\/le-monde-face-a-une-nouvelle-banalisation-de-l-usage-des-mines-antipersonnel_229598\" rel=\"nofollow noopener\" target=\"_blank\">propos\u00e9 par Courrier international<\/a>. \u00abAlors que plus de 100\u00a0millions de mines antipersonnel sont toujours diss\u00e9min\u00e9es dans le monde et que leur nombre s\u2019accro\u00eet chaque jour, ce trait\u00e9 est plus n\u00e9cessaire que jamais\u00bb, conclut le journal.<\/p>\n<p>        14 avril \u00e0 06:02<\/p>\n<p>      Le point sur les r\u00e9actions internationales apr\u00e8s la frappe sur Soumy<\/p>\n<p>              <a tabindex=\"-1\" title=\"Le Temps avec l\u2019AFP\" href=\"https:\/\/www.letemps.ch\/profil\/le-temps-avec-l-afp\" rel=\"nofollow noopener\" target=\"_blank\"><\/p>\n<p>                    <img decoding=\"async\" src=\"https:\/\/www.europesays.com\/fr\/wp-content\/uploads\/2025\/04\/1744691829_537_small.jpeg\" class=\"lazy\" alt=\"\"\/><\/p>\n<p><\/a>        <\/p>\n<p>Donald Trump qualifie \u00abd&rsquo;horrible\u00bb le bombardement \u00e0 Soumy. \u00abJe pense que c&rsquo;est terrible. Et l&rsquo;on m&rsquo;a dit qu&rsquo;ils ont fait une erreur. Mais je pense que c&rsquo;est une chose horrible\u00bb, a d\u00e9clar\u00e9 le pr\u00e9sident des Etats-Unis \u00e0 des journalistes, \u00e0 bord de l&rsquo;avion pr\u00e9sidentiel Air Force One.<\/p>\n<p><strong>Le chancelier allemand Olaf Scholz<\/strong>\u00a0a condamn\u00e9 \u00abl\u2019attaque barbare\u00bb men\u00e9e par la Russie. \u00abDe telles attaques russes montrent ce qu\u2019il en est de la pr\u00e9tendue volont\u00e9 de paix de la Russie\u00bb, a ajout\u00e9 le dirigeant allemand dans un communiqu\u00e9, appelant la Russie \u00e0 \u00abenfin accepter un cessez-le-feu global\u00bb.<\/p>\n<p><strong>La premi\u00e8re ministre italienne Giorgia Meloni<\/strong>\u00a0a d\u00e9nonc\u00e9 \u00abune attaque russe horrible et l\u00e2che\u00bb. \u00abEn ce jour saint du Dimanche des rameaux, une nouvelle attaque russe horrible et l\u00e2che a eu lieu \u00e0 Soumy, faisant une fois de plus des victimes civiles innocentes, dont malheureusement des enfants. Je condamne fermement cette violence inacceptable, qui contredit tout engagement r\u00e9el en faveur de la paix (\u2026). Nous continuerons \u00e0 travailler pour mettre fin \u00e0 cette barbarie.\u00bb<\/p>\n<p><strong>L\u2019\u00e9missaire am\u00e9ricain pour l\u2019Ukraine Keith Kellogg<\/strong>\u00a0a d\u00e9nonc\u00e9 une \u00abattaque des forces russes contre des cibles civiles\u00bb qui \u00abd\u00e9passe les limites de la d\u00e9cence\u00bb. \u00abEn tant qu\u2019ancien responsable militaire, je sais ce que sont les frappes cibl\u00e9es et ceci est inacceptable.\u00bb<\/p>\n<p><strong>Le premier ministre britannique Keir Starmer<\/strong>\u00a0s\u2019est dit \u00abconstern\u00e9 par les attaques horribles de la Russie contre des civils \u00e0 Soumy\u00bb. \u00abMes pens\u00e9es vont aux victimes et \u00e0 leurs proches\u00bb, a \u00e9crit le dirigeant travailliste sur le r\u00e9seau social X. \u00abCette derni\u00e8re attaque meurtri\u00e8re est un rappel brutal du bain de sang continu perp\u00e9tr\u00e9 par Poutine\u00bb, a-t-il ajout\u00e9, appelant une nouvelle fois la Russie \u00e0 accepter un cessez-le-feu \u00abcomplet et imm\u00e9diat\u00bb.<\/p>\n<p><strong>Le Minist\u00e8re polonais des affaires \u00e9trang\u00e8res<\/strong>\u00a0a d\u00e9nonc\u00e9 une frappe \u00abbarbare\u00bb. \u00abL\u2019attaque contre des civils le dimanche des Rameaux d\u00e9montre que l\u2019objectif de la Russie n\u2019est pas la paix, mais la destruction du peuple ukrainien.\u00bb<\/p>\n<p>        14 avril \u00e0 02:09<\/p>\n<p>      La frappe en Ukraine, un \u00abrappel brutal\u00bb du besoin de n\u00e9gocier, dit Washington<\/p>\n<p>              <a tabindex=\"-1\" title=\"Le Temps avec l\u2019AFP\" href=\"https:\/\/www.letemps.ch\/profil\/le-temps-avec-l-afp\" rel=\"nofollow noopener\" target=\"_blank\"><\/p>\n<p>                    <img decoding=\"async\" src=\"https:\/\/www.europesays.com\/fr\/wp-content\/uploads\/2025\/04\/1744691829_537_small.jpeg\" class=\"lazy\" alt=\"\"\/><\/p>\n<p><\/a>        <\/p>\n<p>La frappe russe \u00e0 Soumy constitue \u00abun rappel brutal\u00bb de l&rsquo;imp\u00e9ratif de n\u00e9gocier pour mettre fin \u00e0 \u00abcette terrible guerre\u00bb, a fait savoir dans un communiqu\u00e9 le porte-parole du Conseil de s\u00e9curit\u00e9 nationale, Brian Hughes.<\/p>\n<blockquote>\n<p>L&rsquo;attaque de missile \u00e0 Soumy constitue un rappel clair et brutal de la raison pour laquelle les efforts du pr\u00e9sident Donald Trump visant \u00e0 essayer de mettre fin \u00e0 cette terrible guerre surviennent \u00e0 un moment crucial.<\/p>\n<\/blockquote>\n<p>        14 avril \u00e0 01:50<\/p>\n<p>      Le patron de l&rsquo;ONU \u00absous le choc\u00bb apr\u00e8s le bombardement en Ukraine<\/p>\n<p>              <a tabindex=\"-1\" title=\"Le Temps avec l\u2019AFP\" href=\"https:\/\/www.letemps.ch\/profil\/le-temps-avec-l-afp\" rel=\"nofollow noopener\" target=\"_blank\"><\/p>\n<p>                    <img decoding=\"async\" src=\"https:\/\/www.europesays.com\/fr\/wp-content\/uploads\/2025\/04\/1744691829_537_small.jpeg\" class=\"lazy\" alt=\"\"\/><\/p>\n<p><\/a>        <\/p>\n<p>St\u00e9phane Dujarric, le porte-parole du secr\u00e9taire g\u00e9n\u00e9ral de l&rsquo;ONU, s&rsquo;est dit \u00abprofond\u00e9ment alarm\u00e9\u00bb apr\u00e8s le bombardement russe qui a fait au moins 34 morts \u00e0 Soumy.<\/p>\n<blockquote>\n<p>L&rsquo;attaque, survenue le dimanche des Rameaux et au d\u00e9but de la Semaine sainte, est la continuation d&rsquo;agressions similaires contre les villes ukrainiennes au cours des derni\u00e8res semaines, avec pour r\u00e9sultat des victimes civiles et des destructions \u00e0 grande \u00e9chelle.<\/p>\n<\/blockquote>\n<p>        14 avril \u00e0 01:18<\/p>\n<p>      Le pr\u00e9sident ukrainien appelle Donald Trump \u00e0 venir en Ukraine constater la d\u00e9vastation<\/p>\n<p>              <a tabindex=\"-1\" title=\"Le Temps avec l\u2019AFP\" href=\"https:\/\/www.letemps.ch\/profil\/le-temps-avec-l-afp\" rel=\"nofollow noopener\" target=\"_blank\"><\/p>\n<p>                    <img decoding=\"async\" src=\"https:\/\/www.europesays.com\/fr\/wp-content\/uploads\/2025\/04\/1744691829_537_small.jpeg\" class=\"lazy\" alt=\"\"\/><\/p>\n<p><\/a>        <\/p>\n<p>Volodymyr Zelensky a appel\u00e9 Donald Trump \u00e0 se rendre en Ukraine pour constater la d\u00e9vastation laiss\u00e9e par l&rsquo;agression russe, dans une interview diffus\u00e9e dimanche sur la cha\u00eene de t\u00e9l\u00e9vision am\u00e9ricaine CBS.<\/p>\n<blockquote>\n<p>Avant de prendre toute d\u00e9cision, avant toute forme de n\u00e9gociation, venez voir les gens, les civils, les combattants, les h\u00f4pitaux, les \u00e9glises, les enfants, d\u00e9truits ou morts. Venez, voyez et ensuite avan\u00e7ons avec un plan pour mettre fin \u00e0 la guerre.<\/p>\n<\/blockquote>\n<p>        14 avril \u00e0 01:18<\/p>\n<p>      La Russie a commis \u00abun grave crime de guerre\u00bb \u00e0 Soumy, d\u00e9nonce Friedrich Merz<\/p>\n<p>              <a tabindex=\"-1\" title=\"Le Temps avec l\u2019AFP\" href=\"https:\/\/www.letemps.ch\/profil\/le-temps-avec-l-afp\" rel=\"nofollow noopener\" target=\"_blank\"><\/p>\n<p>                    <img decoding=\"async\" src=\"https:\/\/www.europesays.com\/fr\/wp-content\/uploads\/2025\/04\/1744691829_537_small.jpeg\" class=\"lazy\" alt=\"\"\/><\/p>\n<p><\/a>        <\/p>\n<p>Le futur chancelier allemand Friedrich Merz a d\u00e9nonc\u00e9 \u00abun grave crime de guerre\u00bb commis par la Russie \u00e0 Soumy.<\/p>\n<p>  <a class=\"glightbox\" href=\"https:\/\/www.letemps.ch\/placeholder.png\" data-type=\"image\" data-description=\"Des sauveteurs ukrainiens fouillent les d\u00e9combres apr\u00e8s une attaque au missile russe \u00e0 Soumy, dans le nord-est de l\u2019Ukraine, le 13\u00a0avril 2025. \u2014 \u00a9 ROMAN PILIPEY \/ AFP\" data- rel=\"nofollow noopener\" target=\"_blank\"><\/p>\n<p>      <img decoding=\"async\" class=\"lazy\" title=\"Des sauveteurs ukrainiens fouillent les d\u00e9combres apr\u00e8s une attaque au missile russe \u00e0 Soumy, dans le nord-est de l\u2019Ukraine, le 13\u00a0avril 2025. \u2014 \u00a9 ROMAN PILIPEY \/ AFP\" alt=\"Des sauveteurs ukrainiens fouillent les d\u00e9combres apr\u00e8s une attaque au missile russe \u00e0 Soumy, dans le nord-est de l\u2019Ukraine, le 13\u00a0avril 2025. \u2014 \u00a9 ROMAN PILIPEY \/ AFP\" src=\"https:\/\/www.europesays.com\/fr\/wp-content\/uploads\/2025\/04\/1744691830_246_medium.jpeg\"\/><\/p>\n<p>  <\/a><br \/>\n  Des sauveteurs ukrainiens fouillent les d\u00e9combres apr\u00e8s une attaque au missile russe \u00e0 Soumy, dans le nord-est de l\u2019Ukraine, le 13\u00a0avril 2025. \u2014 \u00a9 ROMAN PILIPEY \/ AFP<\/p>\n<p>\u00abC&rsquo;est un acte perfide [&#8230;] et c&rsquo;est un crime de guerre grave, d\u00e9lib\u00e9r\u00e9 et voulu\u00bb, a d\u00e9clar\u00e9 sur la cha\u00eene ARD le chef du parti conservateur qui prendra d\u00e9but mai la t\u00eate du nouveau gouvernement allemand. \u00abIl y a eu deux vagues d&rsquo;attaque, et la deuxi\u00e8me est arriv\u00e9e alors que les secouristes s&rsquo;occupaient des victimes.\u00bb<\/p>\n<blockquote>\n<p>Voil\u00e0 la r\u00e9ponse, c&rsquo;est ce que Poutine fait \u00e0 ceux qui discutent avec lui d&rsquo;un cessez-le-feu. Notre volont\u00e9 de discuter avec lui est interpr\u00e9t\u00e9e non pas comme une offre s\u00e9rieuse de faire la paix, mais comme une faiblesse.<\/p>\n<\/blockquote>\n","protected":false},"excerpt":{"rendered":"04:54 Donald Trump s&rsquo;en prend de nouveau \u00e0 Volodymyr Zelensky Donald Trump a de nouveau affich\u00e9 sa frustration&hellip;\n","protected":false},"author":2,"featured_media":25885,"comment_status":"","ping_status":"","sticky":false,"template":"","format":"standard","meta":{"footnotes":""},"categories":[1590],"tags":[11,1777,674,4438,12,132,220],"class_list":{"0":"post-25884","1":"post","2":"type-post","3":"status-publish","4":"format-standard","5":"has-post-thumbnail","7":"category-ukraine","8":"tag-actualites","9":"tag-eu","10":"tag-europe","11":"tag-free","12":"tag-news","13":"tag-russie","14":"tag-ukraine"},"share_on_mastodon":{"url":"https:\/\/pubeurope.com\/@fr\/114340131224756648","error":""},"_links":{"self":[{"href":"https:\/\/www.europesays.com\/fr\/wp-json\/wp\/v2\/posts\/25884","targetHints":{"allow":["GET"]}}],"collection":[{"href":"https:\/\/www.europesays.com\/fr\/wp-json\/wp\/v2\/posts"}],"about":[{"href":"https:\/\/www.europesays.com\/fr\/wp-json\/wp\/v2\/types\/post"}],"author":[{"embeddable":true,"href":"https:\/\/www.europesays.com\/fr\/wp-json\/wp\/v2\/users\/2"}],"replies":[{"embeddable":true,"href":"https:\/\/www.europesays.com\/fr\/wp-json\/wp\/v2\/comments?post=25884"}],"version-history":[{"count":0,"href":"https:\/\/www.europesays.com\/fr\/wp-json\/wp\/v2\/posts\/25884\/revisions"}],"wp:featuredmedia":[{"embeddable":true,"href":"https:\/\/www.europesays.com\/fr\/wp-json\/wp\/v2\/media\/25885"}],"wp:attachment":[{"href":"https:\/\/www.europesays.com\/fr\/wp-json\/wp\/v2\/media?parent=25884"}],"wp:term":[{"taxonomy":"category","embeddable":true,"href":"https:\/\/www.europesays.com\/fr\/wp-json\/wp\/v2\/categories?post=25884"},{"taxonomy":"post_tag","embeddable":true,"href":"https:\/\/www.europesays.com\/fr\/wp-json\/wp\/v2\/tags?post=25884"}],"curies":[{"name":"wp","href":"https:\/\/api.w.org\/{rel}","templated":true}]}}