{"id":258841,"date":"2025-07-19T13:03:11","date_gmt":"2025-07-19T13:03:11","guid":{"rendered":"https:\/\/www.europesays.com\/fr\/258841\/"},"modified":"2025-07-19T13:03:11","modified_gmt":"2025-07-19T13:03:11","slug":"place-vendome-la-terrasse-estivale-du-ritz-divise-comment-dynamiser-sans-denaturer-ce-site-classe","status":"publish","type":"post","link":"https:\/\/www.europesays.com\/fr\/258841\/","title":{"rendered":"Place Vend\u00f4me, la terrasse estivale du Ritz divise\u00a0: comment dynamiser sans d\u00e9naturer ce site class\u00e9\u00a0?"},"content":{"rendered":"<p class=\"paragraph text_align_left lp-f-body-02\">Depuis le 1er juillet, les promeneurs peuvent d\u00e9couvrir un nouveau venu <a href=\"https:\/\/www.leparisien.fr\/paris-75\/paris-de-vendome-aux-champs-elysees-les-quartiers-de-prestige-sunissent-pour-accroitre-leur-pouvoir-dinfluence-10-06-2025-34LL66KWZVDO3BYBCTGLASROO4.php\" target=\"_blank\" rel=\"noreferrer nofollow noopener\">sur les pav\u00e9s centenaires de la place Vend\u00f4me<\/a> (Ier arrondissement) : une terrasse \u00e9ph\u00e9m\u00e8re appartenant au c\u00e9l\u00e8bre h\u00f4tel cinq \u00e9toiles Ritz. \u00ab Une premi\u00e8re dans l\u2019histoire de la place \u00bb, se r\u00e9jouit le c\u00e9l\u00e8bre \u00e9tablissement de luxe parisien, mais qui semble ne pas faire l\u2019unanimit\u00e9.<\/p>\n<p class=\"paragraph text_align_left lp-f-body-02\">Panneaux verts fleuris de jasmin, mobilier en rotin et fer forg\u00e9, parasols cr\u00e8me\u2026 Les 200 m2 de cette <a href=\"https:\/\/www.leparisien.fr\/paris-75\/a-paris-les-terrasses-estivales-autorisees-jusqua-23-heures-cet-ete-05-06-2025-FOXGDTMFB5HXZF2UQ3DZG37J2I.php\" target=\"_blank\" rel=\"noreferrer nofollow noopener\">terrasse<\/a> aux inspirations baln\u00e9aires tranchent avec le d\u00e9cor min\u00e9ral de la place royale. \u00ab L\u2019objectif, c\u2019\u00e9tait notamment d\u2019apporter de la fra\u00eecheur et un peu de verdure \u00bb, dit-on au sein du service de communication du Ritz.<\/p>\n<p>L\u2019installation suscite les interrogations<\/p>\n<p class=\"paragraph text_align_left lp-f-body-02\">Au c\u0153ur de ce haut lieu de la joaillerie, domin\u00e9 par l\u2019imposante colonne Vend\u00f4me, la terrasse ouvre tous les jours de 16 heures \u00e0 21 heures, et dispara\u00eetra le 10 ao\u00fbt. En attendant, l\u2019installation suscite les interrogations, sur une place o\u00f9 une partie des fa\u00e7ades et la colonne sont class\u00e9es monuments historiques.<\/p>\n<p class=\"paragraph text_align_left lp-f-body-02\">Faut-il s\u2019inqui\u00e9ter d\u2019une absence d\u2019autorisation ? Une pol\u00e9mique sans fondement, selon la direction du Ritz, qui tient \u00e0 rassurer. \u00ab Nous avons effectivement obtenu toutes les autorisations n\u00e9cessaires. Cette action s\u2019inscrit dans notre volont\u00e9 de mettre en valeur Paris et la place Vend\u00f4me. Nous avons veill\u00e9 \u00e0 ce que ce projet soit en parfaite harmonie avec l\u2019esth\u00e9tique de la place, respectant ainsi son caract\u00e8re unique. \u00bb<\/p>\n<p><img decoding=\"async\" class=\"image \" loading=\"lazy\" src=\"https:\/\/www.europesays.com\/fr\/wp-content\/uploads\/2025\/07\/VRXBU5RSBNEWROCT2ZRQJWUHFE.jpg\" alt=\"Paris (Ier), jeudi. Panneaux  verts fleuris de jasmin,  mobilier en rotin et fer forg\u00e9, parasols cr\u00e8me\u2026 La terrasse  aux inspirations baln\u00e9aires tranche avec le d\u00e9cor min\u00e9ral  de la place royale. LP\/Candice Doussot\" align=\"\" data-rubrique-principale=\"\" data-article-type=\"\" fetchpriority=\"auto\"\/>Paris (Ier), jeudi. Panneaux  verts fleuris de jasmin,  mobilier en rotin et fer forg\u00e9, parasols cr\u00e8me\u2026 La terrasse  aux inspirations baln\u00e9aires tranche avec le d\u00e9cor min\u00e9ral  de la place royale. LP\/Candice Doussot<\/p>\n<p class=\"paragraph text_align_left lp-f-body-02\">La mairie de Paris Centre confirme que la Ville a bien acc\u00e9d\u00e9 \u00e0 la demande du Ritz, soutenue par l\u2019association des commer\u00e7ants de la place. Mais elle pr\u00e9cise aussi que l\u2019avis des mairies d\u2019arrondissement sur ce sujet reste purement consultatif\u2026 Idem pour la pr\u00e9fecture de police.<\/p>\n<p class=\"paragraph text_align_left lp-f-body-02\">\u00ab Nous avons rendu aux services de la Ville un premier avis n\u00e9gatif qui a contribu\u00e9 \u00e0 r\u00e9viser largement \u00e0 la baisse le cadre autoris\u00e9, dans le temps et en termes d\u2019horaires \u00bb, souligne la mairie de Paris Centre, qui rappelle qu\u2019aucun habitant ne r\u00e9side sur la place.<\/p>\n<p>Insuffler une nouvelle dynamique \u00e0 cette place<\/p>\n<p class=\"paragraph text_align_left lp-f-body-02\">L\u2019ambition affich\u00e9e des commer\u00e7ants est claire : insuffler une nouvelle dynamique \u00e0 cette place historique. Renaud Lestringant, pr\u00e9sident du Comit\u00e9 Vend\u00f4me, qui r\u00e9unit une centaine de membres repr\u00e9sentatifs des activit\u00e9s majeures du quartier, abonde en ce sens : \u00ab La place Vend\u00f4me est un lieu qui doit \u00eatre maintenu, avec mesure, vivant et dynamique. \u00bb<\/p>\n<p class=\"paragraph text_align_left lp-f-body-02\">Selon le comit\u00e9, c\u2019est dans cet esprit que la place accueille r\u00e9guli\u00e8rement des \u00e9v\u00e9nements \u00e9ph\u00e9m\u00e8res, tels que des rallyes automobiles, des expositions, des concerts ou encore des illuminations \u00e0 la p\u00e9riode de No\u00ebl.<\/p>\n<p class=\"paragraph text_align_left lp-f-body-02\">Mais le comit\u00e9 rappelle son r\u00f4le de \u00ab gardien de la place \u00bb. Son pr\u00e9sident assure que l\u2019association veille \u00ab \u00e0 la pr\u00e9servation de son patrimoine architectural, culturel, et contribue \u00e0 maintenir un \u00e9quilibre harmonieux entre les diff\u00e9rentes activit\u00e9s qui s\u2019y d\u00e9roulent \u00bb.<\/p>\n<p>\u00ab Le Ritz est un embl\u00e8me de ce lieu \u00bb<\/p>\n<p class=\"paragraph text_align_left lp-f-body-02\">Une vision que conteste Christine N\u00e9d\u00e9lec, pr\u00e9sidente de l\u2019association de d\u00e9fense du patrimoine SOS Paris : \u00ab Si la place est d\u00e9laiss\u00e9e par les Parisiens, c\u2019est justement \u00e0 cause de sa touristification qui fait fuir la vie locale. Ces installations font venir du monde qui ne fait que passer et des clients pour les joailliers. \u00bb<\/p>\n<p class=\"paragraph text_align_left lp-f-body-02\">Selon le Ritz, la terrasse rencontre au contraire son lot de succ\u00e8s depuis l\u2019ouverture et accueille entre ses palissades aussi bien des touristes que des Parisiens. Pour la mairie de Paris Centre, il s\u2019agit \u00e9galement de lutter contre le stationnement sauvage dont souffre le site.<\/p>\n<p class=\"paragraph text_align_left lp-f-body-02\">Marius, septuag\u00e9naire et habitant de Paris depuis plus de vingt ans, crois\u00e9 alors qu\u2019il se promenait dans le quartier, y voit l\u00e0 un argument justifi\u00e9 : \u00ab J\u2019ai toujours trouv\u00e9 cette place froide. Je pr\u00e9f\u00e8re qu\u2019on y mette une terrasse \u00e9l\u00e9gante plut\u00f4t que d\u2019y voir une \u00e9tendue de pav\u00e9s gris ou des taxis et camionnettes gar\u00e9s n\u2019importe comment. \u00bb<\/p>\n<p class=\"paragraph text_align_left lp-f-body-02\">Derri\u00e8re ses imposantes lunettes de soleil, Svetlana, touriste slave de passage \u00e0 Paris, se montre aussi enthousiaste : \u00ab Je ne trouve pas \u00e7a choquant, au contraire. Le Ritz est un embl\u00e8me de ce lieu. Et puis, c\u2019est aussi ce qui fait le charme de Paris, pouvoir prendre un verre dans des cadres magnifiques, \u00e0 deux pas des monuments. \u00bb<\/p>\n<p class=\"paragraph text_align_left lp-f-body-02\">Un point de vue que ne partage pas forc\u00e9ment cette famille allemande venue tout droit de Basse-Saxe, pour qui la terrasse \u00ab cache en partie les fa\u00e7ades et g\u00e2che un peu l\u2019ensemble de cette place super sym\u00e9trique \u00bb.<\/p>\n<p>\u00ab Ils auraient pu adapter leurs prix \u00bb<\/p>\n<p class=\"paragraph text_align_left lp-f-body-02\">Les tarifs pratiqu\u00e9s font \u00e9galement grimacer : cocktail signature et coupe de champagne \u00e0 38 euros, glace \u00e0 emporter \u00e0 partir de 14 euros ou encore bouteille d\u2019eau min\u00e9rale de 33 cl \u00e0 13 euros. \u00ab C\u2019est abus\u00e9, lance dans un rire jaune Alix, une jeune Parisienne de 23 ans, apr\u00e8s avoir jet\u00e9 un \u0153il \u00e0 la carte. D\u2019accord, \u00e7a reste le Ritz, mais ils auraient pu adapter leurs prix. \u00bb<\/p>\n<p class=\"paragraph text_align_left lp-f-body-02\">\u00c0 sa droite, son amie Victoria s\u2019interroge m\u00eame sur la coh\u00e9rence du projet : \u00ab Si tu viens au Ritz, ce n\u2019est pas pour t\u2019asseoir sur une terrasse qui ressemble \u00e0 toutes celles que tu vois dans Paris\u2026 \u00bb<\/p>\n<p class=\"paragraph text_align_left lp-f-body-02\">Sur les r\u00e9seaux sociaux, les critiques acerbes vont aussi bon train : \u00ab Imagine-t-on le Crillon installer sa terrasse estivale au pied de l\u2019ob\u00e9lisque ? Non, bien s\u00fbr que non \u00bb, s\u2019indigne Baptiste Gianeselli, d\u00e9fenseur du patrimoine de la capitale.<\/p>\n<p>\u00ab Aucune limite \u00bb<\/p>\n<p class=\"paragraph text_align_left lp-f-body-02\">Le d\u00e9bat se complique encore lorsqu\u2019on aborde les aspects r\u00e9glementaires. En effet, selon la municipalit\u00e9, <a href=\"https:\/\/www.leparisien.fr\/paris-75\/il-faut-accepter-que-paris-change-la-difficile-conciliation-entre-renovation-energetique-et-defense-du-patrimoine-31-01-2025-G3AAEHNB5NB7RJEEFJN4K7FEK4.php\" target=\"_blank\" rel=\"noreferrer nofollow noopener\">les architectes des B\u00e2timents de France (ABF)<\/a> n\u2019ont pas \u00e9t\u00e9 consult\u00e9s, \u00ab car il s\u2019agit d\u2019une autorisation de courte dur\u00e9e, de moins de trois mois \u00bb.<\/p>\n<p class=\"paragraph text_align_left lp-f-body-02\">La direction r\u00e9gionale des affaires culturelles (Drac) d\u2019\u00cele-de-France indique \u00e9galement que sa comp\u00e9tence est limit\u00e9e aux terrasses ferm\u00e9es, non aux terrasses ouvertes, dans le contexte des abords de monuments historiques ou de sites patrimoniaux. \u00ab L\u2019autorisation concernant la terrasse du Ritz rel\u00e8ve ainsi de la comp\u00e9tence exclusive de la Ville de Paris \u00bb, pr\u00e9cise le minist\u00e8re de la Culture. Ville de Paris qui n\u2019a pas r\u00e9pondu \u00e0 nos sollicitations<\/p>\n<p class=\"paragraph text_align_left lp-f-body-02\">Pour Christine N\u00e9d\u00e9lec, cette installation s\u2019inscrit dans une tendance plus large et inqui\u00e9tante : \u00ab On observe une invasion de l\u2019espace public par diverses marques. On ne voit aucune limite pos\u00e9e par la Ville, et \u00e0 force on va transformer Paris en une coquille vide. Tout le monde s\u2019approprie la marque Paris comme pour en faire une carte postale. \u00bb<\/p>\n","protected":false},"excerpt":{"rendered":"Depuis le 1er juillet, les promeneurs peuvent d\u00e9couvrir un nouveau venu sur les pav\u00e9s centenaires de la place&hellip;\n","protected":false},"author":2,"featured_media":258842,"comment_status":"","ping_status":"","sticky":false,"template":"","format":"standard","meta":{"footnotes":""},"categories":[1888],"tags":[11,1777,674,1011,27,1944,12,626,25],"class_list":{"0":"post-258841","1":"post","2":"type-post","3":"status-publish","4":"format-standard","5":"has-post-thumbnail","7":"category-paris","8":"tag-actualites","9":"tag-eu","10":"tag-europe","11":"tag-fr","12":"tag-france","13":"tag-ma-ville","14":"tag-news","15":"tag-paris","16":"tag-republique-francaise"},"share_on_mastodon":{"url":"https:\/\/pubeurope.com\/@fr\/114880040457691865","error":""},"_links":{"self":[{"href":"https:\/\/www.europesays.com\/fr\/wp-json\/wp\/v2\/posts\/258841","targetHints":{"allow":["GET"]}}],"collection":[{"href":"https:\/\/www.europesays.com\/fr\/wp-json\/wp\/v2\/posts"}],"about":[{"href":"https:\/\/www.europesays.com\/fr\/wp-json\/wp\/v2\/types\/post"}],"author":[{"embeddable":true,"href":"https:\/\/www.europesays.com\/fr\/wp-json\/wp\/v2\/users\/2"}],"replies":[{"embeddable":true,"href":"https:\/\/www.europesays.com\/fr\/wp-json\/wp\/v2\/comments?post=258841"}],"version-history":[{"count":0,"href":"https:\/\/www.europesays.com\/fr\/wp-json\/wp\/v2\/posts\/258841\/revisions"}],"wp:featuredmedia":[{"embeddable":true,"href":"https:\/\/www.europesays.com\/fr\/wp-json\/wp\/v2\/media\/258842"}],"wp:attachment":[{"href":"https:\/\/www.europesays.com\/fr\/wp-json\/wp\/v2\/media?parent=258841"}],"wp:term":[{"taxonomy":"category","embeddable":true,"href":"https:\/\/www.europesays.com\/fr\/wp-json\/wp\/v2\/categories?post=258841"},{"taxonomy":"post_tag","embeddable":true,"href":"https:\/\/www.europesays.com\/fr\/wp-json\/wp\/v2\/tags?post=258841"}],"curies":[{"name":"wp","href":"https:\/\/api.w.org\/{rel}","templated":true}]}}