{"id":258843,"date":"2025-07-19T13:04:14","date_gmt":"2025-07-19T13:04:14","guid":{"rendered":"https:\/\/www.europesays.com\/fr\/258843\/"},"modified":"2025-07-19T13:04:14","modified_gmt":"2025-07-19T13:04:14","slug":"invasion-de-lukraine-attaques-de-lukraine-en-russie-principalement-dans-les-regions-de-moscou-et-rostov","status":"publish","type":"post","link":"https:\/\/www.europesays.com\/fr\/258843\/","title":{"rendered":"Invasion de l&rsquo;Ukraine &#8211; Attaques de l&rsquo;Ukraine en Russie, principalement dans les r\u00e9gions de Moscou et Rostov"},"content":{"rendered":"<p class=\"ap-StoryElement ap-StoryElement--mb ap-StoryText\">Les attaques ont \u00e0 nouveau provoqu\u00e9 des perturbations dans les a\u00e9roports de Sheremetyevo et Domodedovo. Le trafic ferroviaire a \u00e9galement \u00e9t\u00e9 perturb\u00e9 dans la r\u00e9gion de Rostov apr\u00e8s que des drones abattus ont touch\u00e9 l&rsquo;infrastructure ferroviaire. Au moins une personne a \u00e9t\u00e9 bless\u00e9e lorsque des d\u00e9bris sont tomb\u00e9s sur des maisons \u00e0 Kamensk et ont provoqu\u00e9 un incendie. La r\u00e9gion de Brjansk a \u00e9galement \u00e9t\u00e9 touch\u00e9e.<\/p>\n","protected":false},"excerpt":{"rendered":"Les attaques ont \u00e0 nouveau provoqu\u00e9 des perturbations dans les a\u00e9roports de Sheremetyevo et Domodedovo. Le trafic ferroviaire&hellip;\n","protected":false},"author":2,"featured_media":2837,"comment_status":"","ping_status":"","sticky":false,"template":"","format":"standard","meta":{"footnotes":""},"categories":[1591],"tags":[11,1887,1146,12,1885,1886,132,220,809],"class_list":{"0":"post-258843","1":"post","2":"type-post","3":"status-publish","4":"format-standard","5":"has-post-thumbnail","7":"category-russie","8":"tag-actualites","9":"tag-federation-de-russie","10":"tag-guerre","11":"tag-news","12":"tag-russia","13":"tag-russian-federation","14":"tag-russie","15":"tag-ukraine","16":"tag-violence"},"share_on_mastodon":{"url":"https:\/\/pubeurope.com\/@fr\/114880044355896231","error":""},"_links":{"self":[{"href":"https:\/\/www.europesays.com\/fr\/wp-json\/wp\/v2\/posts\/258843","targetHints":{"allow":["GET"]}}],"collection":[{"href":"https:\/\/www.europesays.com\/fr\/wp-json\/wp\/v2\/posts"}],"about":[{"href":"https:\/\/www.europesays.com\/fr\/wp-json\/wp\/v2\/types\/post"}],"author":[{"embeddable":true,"href":"https:\/\/www.europesays.com\/fr\/wp-json\/wp\/v2\/users\/2"}],"replies":[{"embeddable":true,"href":"https:\/\/www.europesays.com\/fr\/wp-json\/wp\/v2\/comments?post=258843"}],"version-history":[{"count":0,"href":"https:\/\/www.europesays.com\/fr\/wp-json\/wp\/v2\/posts\/258843\/revisions"}],"wp:featuredmedia":[{"embeddable":true,"href":"https:\/\/www.europesays.com\/fr\/wp-json\/wp\/v2\/media\/2837"}],"wp:attachment":[{"href":"https:\/\/www.europesays.com\/fr\/wp-json\/wp\/v2\/media?parent=258843"}],"wp:term":[{"taxonomy":"category","embeddable":true,"href":"https:\/\/www.europesays.com\/fr\/wp-json\/wp\/v2\/categories?post=258843"},{"taxonomy":"post_tag","embeddable":true,"href":"https:\/\/www.europesays.com\/fr\/wp-json\/wp\/v2\/tags?post=258843"}],"curies":[{"name":"wp","href":"https:\/\/api.w.org\/{rel}","templated":true}]}}