{"id":258844,"date":"2025-07-19T13:05:12","date_gmt":"2025-07-19T13:05:12","guid":{"rendered":"https:\/\/www.europesays.com\/fr\/258844\/"},"modified":"2025-07-19T13:05:12","modified_gmt":"2025-07-19T13:05:12","slug":"guerre-en-ukraine-les-autorites-ukrainiennes-deplorent-trois-morts-dans-des-bombardements-russes","status":"publish","type":"post","link":"https:\/\/www.europesays.com\/fr\/258844\/","title":{"rendered":"Guerre en Ukraine. Les autorit\u00e9s ukrainiennes d\u00e9plorent trois morts dans des bombardements russes"},"content":{"rendered":"<p>Des bombardements russes ont tu\u00e9 au moins trois personnes en Ukraine, ont annonc\u00e9 samedi les autorit\u00e9s locales apr\u00e8s une nouvelle nuit de frappes de drones et de missiles men\u00e9es par la Russie. La localit\u00e9 de Vassylkivska, dans la r\u00e9gion ukrainienne de Dnipropetrovsk (centre-est), a \u00e9t\u00e9 touch\u00e9e par un tir de missile qui a caus\u00e9 la mort d&rsquo;au moins deux personnes, a annonc\u00e9 sur Telegram le gouverneur Sergui\u00ef Lyssak.<\/p>\n<p>Un \u00e9tablissement m\u00e9dical, une \u00e9cole et une \u00ab institution culturelle \u00bb ont \u00e9t\u00e9 d\u00e9truits par cette attaque, qui a \u00e9galement endommag\u00e9 des maisons, a-t-il ajout\u00e9. Plus t\u00f4t, la ville d&rsquo;Odessa et sa banlieue, situ\u00e9es dans le sud de l&rsquo;Ukraine, ont \u00e9t\u00e9 la cible dans la nuit d&rsquo;une attaque de drones.<\/p>\n<p>Selon la police nationale, une personne a \u00e9t\u00e9 tu\u00e9e et six autres bless\u00e9es lors de ces bombardements qui ont endommag\u00e9 des \u00ab commerces \u00bb, des \u00ab habitations \u00bb et caus\u00e9 des incendies qui ont \u00e9t\u00e9 ult\u00e9rieurement \u00e9teints par les pompiers. L&rsquo;arm\u00e9e de l&rsquo;air ukrainienne a affirm\u00e9 que la Russie avait lanc\u00e9 sur l&rsquo;Ukraine, pendant la nuit, 344 drones ou drones leurres, ainsi que 35 missiles, en affirmant avoir abattu 208 de ces cibles. \u00ab Cinq missiles et 30 drones d&rsquo;attaque ont touch\u00e9 12 endroits et des d\u00e9bris de missiles abattus sont tomb\u00e9s sur sept endroits \u00bb, a signal\u00e9 l&rsquo;arm\u00e9e.<\/p>\n<p>83 drones ukrainiens abattus<\/p>\n<p>Dans son rapport quotidien, le minist\u00e8re russe de la D\u00e9fense a, lui, assur\u00e9 avoir frapp\u00e9 en Ukraine pendant la nuit des sites du \u00ab complexe militaro-industriel \u00bb avec des drones et des missiles. Le minist\u00e8re a \u00e9galement affirm\u00e9 avoir abattu 83 drones ukrainiens en Russie pendant la nuit, dont 16 au-dessus de la r\u00e9gion de Moscou.<\/p>\n<p>Parall\u00e8lement, les chemins de fer russes ont affirm\u00e9 que la circulation entre les localit\u00e9s de Likha\u00efa et Zamtchalovo, situ\u00e9es pr\u00e8s de la fronti\u00e8re ukrainienne, dans la r\u00e9gion russe de Rostov (sud-ouest), avait \u00e9t\u00e9 bri\u00e8vement interrompue.<br \/>Des \u00ab chutes de d\u00e9bris de drones \u00bb, selon cette source, ont entra\u00een\u00e9 cette interruption, fait une bless\u00e9e et caus\u00e9 des retards.<\/p>\n<p>Dans la nuit de jeudi \u00e0 vendredi, des frappes russes avaient fait au moins six morts dans plusieurs r\u00e9gions ukrainiennes, selon les autorit\u00e9s du pays, <a href=\"https:\/\/www.ledauphine.com\/defense-guerre-conflit\/2025\/07\/15\/moscou-pret-a-negocier-avec-kiev-apres-l-ultimatum-de-donald-trump\" target=\"_blank\" rel=\"noopener\">malgr\u00e9 l&rsquo;ultimatum pos\u00e9 par Donald Trump<\/a> \u00e0 Moscou. Ces derni\u00e8res semaines, Moscou a lanc\u00e9 \u00e0 plusieurs reprises des attaques a\u00e9riennes record contre l&rsquo;Ukraine.<\/p>\n","protected":false},"excerpt":{"rendered":"Des bombardements russes ont tu\u00e9 au moins trois personnes en Ukraine, ont annonc\u00e9 samedi les autorit\u00e9s locales apr\u00e8s&hellip;\n","protected":false},"author":2,"featured_media":258845,"comment_status":"","ping_status":"","sticky":false,"template":"","format":"standard","meta":{"footnotes":""},"categories":[1590],"tags":[11,3206,1777,674,107,329,12,220],"class_list":{"0":"post-258844","1":"post","2":"type-post","3":"status-publish","4":"format-standard","5":"has-post-thumbnail","7":"category-ukraine","8":"tag-actualites","9":"tag-defense-guerre-conflit","10":"tag-eu","11":"tag-europe","12":"tag-fil-info","13":"tag-france-monde","14":"tag-news","15":"tag-ukraine"},"share_on_mastodon":{"url":"https:\/\/pubeurope.com\/@fr\/114880048204527274","error":""},"_links":{"self":[{"href":"https:\/\/www.europesays.com\/fr\/wp-json\/wp\/v2\/posts\/258844","targetHints":{"allow":["GET"]}}],"collection":[{"href":"https:\/\/www.europesays.com\/fr\/wp-json\/wp\/v2\/posts"}],"about":[{"href":"https:\/\/www.europesays.com\/fr\/wp-json\/wp\/v2\/types\/post"}],"author":[{"embeddable":true,"href":"https:\/\/www.europesays.com\/fr\/wp-json\/wp\/v2\/users\/2"}],"replies":[{"embeddable":true,"href":"https:\/\/www.europesays.com\/fr\/wp-json\/wp\/v2\/comments?post=258844"}],"version-history":[{"count":0,"href":"https:\/\/www.europesays.com\/fr\/wp-json\/wp\/v2\/posts\/258844\/revisions"}],"wp:featuredmedia":[{"embeddable":true,"href":"https:\/\/www.europesays.com\/fr\/wp-json\/wp\/v2\/media\/258845"}],"wp:attachment":[{"href":"https:\/\/www.europesays.com\/fr\/wp-json\/wp\/v2\/media?parent=258844"}],"wp:term":[{"taxonomy":"category","embeddable":true,"href":"https:\/\/www.europesays.com\/fr\/wp-json\/wp\/v2\/categories?post=258844"},{"taxonomy":"post_tag","embeddable":true,"href":"https:\/\/www.europesays.com\/fr\/wp-json\/wp\/v2\/tags?post=258844"}],"curies":[{"name":"wp","href":"https:\/\/api.w.org\/{rel}","templated":true}]}}