{"id":258849,"date":"2025-07-19T13:08:15","date_gmt":"2025-07-19T13:08:15","guid":{"rendered":"https:\/\/www.europesays.com\/fr\/258849\/"},"modified":"2025-07-19T13:08:15","modified_gmt":"2025-07-19T13:08:15","slug":"en-direct-france-allemagne-les-bleues-en-quete-de-revanche-et-du-dernier-carre-de-leuro","status":"publish","type":"post","link":"https:\/\/www.europesays.com\/fr\/258849\/","title":{"rendered":"EN DIRECT &#8211; France-Allemagne : les Bleues en qu\u00eate de revanche et du dernier carr\u00e9 de l&rsquo;Euro"},"content":{"rendered":"<ul class=\"jsx-862013697 ArticleChapo__List\">\n<li class=\"jsx-862013697 ArticleChapo__List_Item flex\">Impressionnantes depuis le d\u00e9but de la comp\u00e9tition, les Bleues retrouvent les Allemandes, qui les avaient \u00e9limin\u00e9es lors de la pr\u00e9c\u00e9dente \u00e9dition, en quarts de finale de l&rsquo;Euro.<\/li>\n<li class=\"jsx-862013697 ArticleChapo__List_Item flex\">Les joueuses de Laurent Bonadei visent une deuxi\u00e8me qualification de rang dans le dernier carr\u00e9.<\/li>\n<li class=\"jsx-862013697 ArticleChapo__List_Item flex\">Suivez ce choc en notre compagnie, ce samedi 19 juillet, en direct sur TF1 et en streaming sur TF1+.<\/li>\n<\/ul>\n<p><a href=\"https:\/\/www.tf1info.fr\/actualite\/euro-2025-feminin-de-football-14286\/\" rel=\"noopener\" class=\"jsx-484472199 Link jsx-1428418400 jsx-2089987738\" target=\"_blank\"><\/p>\n<p style=\"font-weight:400\" class=\"jsx-1837267516\">Suivez la couverture compl\u00e8te<\/p>\n<p style=\"font-weight:800\" class=\"jsx-1837267516\">Football : les Bleues \u00e0 l&rsquo;assaut de l&rsquo;Euro 2025<\/p>\n<p><\/a><\/p>\n<p data-module=\"article-paragraph\" class=\"jsx-3046738180 Paragraph\">Vers une douzi\u00e8me victoire de rang en 2025 ? Apr\u00e8s un d\u00e9but d&rsquo;<a href=\"https:\/\/www.tf1info.fr\/sport\/euro-feminin-2025-bete-noire-tenantes-du-titre-le-potentiel-parcours-de-la-mort-de-l-equipe-de-france-jusqu-au-titre-2383667.html\" target=\"_blank\" rel=\"noopener\">Euro<\/a> presque parfait &#8211; avec trois victoires au premier tour -, le plus dur commence pour l&rsquo;\u00e9quipe de France, toujours en qu\u00eate du premier titre de son histoire, ce samedi (21h). Elle affronte l&rsquo;Allemagne, contre qui elle n&rsquo;a <a href=\"https:\/\/www.tf1info.fr\/sport\/football-feminin-france-allemagne-les-bleues-condamnees-a-battre-leur-bete-noire-pour-retrouver-le-dernier-carre-de-l-euro-2025-2383274.html\" target=\"_blank\" rel=\"noopener\">jamais gagn\u00e9 en comp\u00e9tition majeure<\/a> (4 d\u00e9faites, 1 nul), en quarts de finale. Les tricolores peuvent toutefois s&rsquo;appuyer sur la derni\u00e8re confrontation entre les deux formations, en demi-finale de la derni\u00e8re Ligue des nations, lors de laquelle elles l&rsquo;ont emport\u00e9 (2-1).\u00a0<\/p>\n<p data-module=\"article-paragraph\" class=\"jsx-3046738180 Paragraph Paragraph__End\">\u00ab\u00a0J&rsquo;y crois non seulement parce que je sens que l&rsquo;\u00e9tat d&rsquo;esprit est l\u00e0, qu&rsquo;il y a le niveau de performance et j&rsquo;y crois parce qu&rsquo;on est sur onze victoires cons\u00e9cutives et qu&rsquo;on a fait trois bons r\u00e9sultats dans cette phase de poules\u00a0\u00bb, mart\u00e8le le s\u00e9lectionneur Laurent Bonadei, qui a lanc\u00e9 un nouveau cycle en rajeunissant nettement son groupe. \u00ab\u00a0Maintenant, je sais qu&rsquo;on va \u00eatre face \u00e0 une grosse \u00e9quipe d&rsquo;Allemagne, \u00e7a sera un match difficile, sachant qu&rsquo;on est encore une \u00e9quipe jeune en \u00e9volution et c&rsquo;est aussi dans ce genre d&rsquo;\u00e9preuve qu&rsquo;on va voir si on a la capacit\u00e9 d&rsquo;\u00e9lever notre niveau et d&rsquo;ambitionner plus qu&rsquo;un quart de finale\u00a0\u00bb, ajoute le technicien.\u00a0<\/p>\n<p><a href=\"https:\/\/www.tf1info.fr\/sport\/football-feminin-france-allemagne-delphine-cascarino-le-dragster-des-bleues-qui-retrouve-la-lumiere-a-l-euro-2025-2382999.html\" rel=\"noopener\" class=\"jsx-3308031228 Link flex\" target=\"_blank\"><img decoding=\"async\" src=\"https:\/\/www.europesays.com\/fr\/wp-content\/uploads\/2025\/07\/la-joie-communicative-de-cascarino-et-karchaoui-apres-le-magnifique-but-de-l-ailiere-00b333-0@1x.jpe\" alt=\"La joie communicative de Cascarino et Karchaoui, apr\u00e8s le magnifique but de l'aili\u00e8re.\" loading=\"lazy\" importance=\"low\" fetchpriority=\"low\" class=\"\" aria-hidden=\"true\"\/><\/p>\n<p class=\"jsx-3657663356 ReadMoreArticle__Title\">Lire aussi<\/p>\n<p class=\"jsx-3657663356\">France-Allemagne : Delphine Cascarino, le \u00ab\u00a0dragster\u00a0\u00bb des Bleues qui retrouve la lumi\u00e8re \u00e0 l&rsquo;Euro 2025 <\/p>\n<p><\/a><\/p>\n<p data-module=\"article-paragraph\" class=\"jsx-3046738180 Paragraph Paragraph__End\">Pour tenter d&rsquo;accomplir l&rsquo;exploit de faire tomber les octuples championnes d&rsquo;Europe, les Bleues pourront compter sur le retour de leur capitaine Griedge Mbock, enfin remise d&rsquo;une blessure au mollet qui l&rsquo;a \u00e9loign\u00e9 des pelouses depuis le d\u00e9but du tournoi. Elle devrait \u00eatre align\u00e9e en charni\u00e8re centrale. Elle sera accompagn\u00e9e de Ma\u00eblle Lakrar, \u00e9galement de retour, \u00e0 moins que la jeune Alice Sombath, qui a marqu\u00e9 les esprits par sa solidit\u00e9 au premier tour. \u00ab\u00a0Ce sont de tr\u00e8s bonnes joueuses avec des qualit\u00e9s diff\u00e9rentes, ce ne sera pas un match facile. Moi, je suis d\u00e9fenseuse, je n&rsquo;ai peur de personne, je regarde personne. Si je dois d\u00e9fendre sur Klara B\u00fchl ou n&rsquo;importe qui, je le ferai\u00a0\u00bb, tonne en tout cas la joueuse du Real Madrid. Alors douze \u00e0 la suite pour les Bleues ou dur retour sur Terre ? R\u00e9ponse ce samedi 19 juillet, sur la pelouse du Parc Saint-Jacques de B\u00e2le.\u00a0<\/p>\n<p><img decoding=\"async\" src=\"https:\/\/www.europesays.com\/fr\/wp-content\/uploads\/2025\/07\/euro-2025-illustration-c9bc34-0@1x.jpeg\" alt=\"Fabrice COFFRINI \/ AFP\" loading=\"lazy\" importance=\"low\" fetchpriority=\"low\" class=\"\"\/>A VENIR<\/p>\n<p class=\"jsx-1738046559 ScoreBoard__SubTitle\">Quart de finale de l&rsquo;Euro 2025 <\/p>\n<p class=\"jsx-1738046559 ScoreBoard__SubTitle\">Le 19 juillet 2025 , Parc Saint-Jacques, B\u00e2le (Suisse) <\/p>\n<p>Minute par minute<\/p>\n<p data-module=\"article-paragraph\" class=\"jsx-3046738180 Paragraph Paragraph__End\"><strong>Vivez le match France-Allemagne en notre compagnie dans le live ci-dessus.\u00a0<\/strong><\/p>\n<p>Maxence GEVIN<\/p>\n","protected":false},"excerpt":{"rendered":"Impressionnantes depuis le d\u00e9but de la comp\u00e9tition, les Bleues retrouvent les Allemandes, qui les avaient \u00e9limin\u00e9es lors de&hellip;\n","protected":false},"author":2,"featured_media":258850,"comment_status":"","ping_status":"","sticky":false,"template":"","format":"standard","meta":{"footnotes":""},"categories":[1587],"tags":[1111,11,672,1921,1804,1805,1803,64,6713,1777,674,63,36742,3236,27,1801,1922,12,1802,133,4712],"class_list":{"0":"post-258849","1":"post","2":"type-post","3":"status-publish","4":"format-standard","5":"has-post-thumbnail","7":"category-allemagne","8":"tag-actu","9":"tag-actualites","10":"tag-allemagne","11":"tag-article-video","12":"tag-bundesrepublik-deutschland","13":"tag-de","14":"tag-deutschland","15":"tag-equipe-de-france","16":"tag-equipe-de-france-de-football","17":"tag-eu","18":"tag-europe","19":"tag-football","20":"tag-football-les-bleues-a-lassaut-de-leuro-2025","21":"tag-football-feminin","22":"tag-france","23":"tag-germany","24":"tag-info","25":"tag-news","26":"tag-republique-federale-dallemagne","27":"tag-video","28":"tag-video-sports"},"share_on_mastodon":{"url":"https:\/\/pubeurope.com\/@fr\/114880060235709018","error":""},"_links":{"self":[{"href":"https:\/\/www.europesays.com\/fr\/wp-json\/wp\/v2\/posts\/258849","targetHints":{"allow":["GET"]}}],"collection":[{"href":"https:\/\/www.europesays.com\/fr\/wp-json\/wp\/v2\/posts"}],"about":[{"href":"https:\/\/www.europesays.com\/fr\/wp-json\/wp\/v2\/types\/post"}],"author":[{"embeddable":true,"href":"https:\/\/www.europesays.com\/fr\/wp-json\/wp\/v2\/users\/2"}],"replies":[{"embeddable":true,"href":"https:\/\/www.europesays.com\/fr\/wp-json\/wp\/v2\/comments?post=258849"}],"version-history":[{"count":0,"href":"https:\/\/www.europesays.com\/fr\/wp-json\/wp\/v2\/posts\/258849\/revisions"}],"wp:featuredmedia":[{"embeddable":true,"href":"https:\/\/www.europesays.com\/fr\/wp-json\/wp\/v2\/media\/258850"}],"wp:attachment":[{"href":"https:\/\/www.europesays.com\/fr\/wp-json\/wp\/v2\/media?parent=258849"}],"wp:term":[{"taxonomy":"category","embeddable":true,"href":"https:\/\/www.europesays.com\/fr\/wp-json\/wp\/v2\/categories?post=258849"},{"taxonomy":"post_tag","embeddable":true,"href":"https:\/\/www.europesays.com\/fr\/wp-json\/wp\/v2\/tags?post=258849"}],"curies":[{"name":"wp","href":"https:\/\/api.w.org\/{rel}","templated":true}]}}