{"id":258851,"date":"2025-07-19T13:09:17","date_gmt":"2025-07-19T13:09:17","guid":{"rendered":"https:\/\/www.europesays.com\/fr\/258851\/"},"modified":"2025-07-19T13:09:17","modified_gmt":"2025-07-19T13:09:17","slug":"championnat-deurope-mickael-bonetto-ecarte-diego-rizzi-et-file-en-finale-du-tir-de-precision","status":"publish","type":"post","link":"https:\/\/www.europesays.com\/fr\/258851\/","title":{"rendered":"Championnat d&rsquo;Europe : Micka\u00ebl Bonetto \u00e9carte Diego Rizzi et file en finale du tir de pr\u00e9cision"},"content":{"rendered":"<p>L&rsquo;Istr\u00e9en <a href=\"https:\/\/www.laprovence.com\/article\/sports\/15895739531863\/petanque-championnat-deurope-mickael-bonetto-en-demi-finale-du-tir-de-precision\" target=\"_blank\" rel=\"noopener\">Micka\u00ebl Bonetto a eu les nerfs sacr\u00e9ment solides<\/a> pour remporter sa demi-finale de l&rsquo;\u00e9preuve de tir de pr\u00e9cision ce samedi au championnat d&rsquo;Europe \u00e0 Santa Susanna (Espagne). Oppos\u00e9 \u00e0 Diego Rizzi, champion du monde triplettes, Bonetto a sorti une prestation cinq \u00e9toiles.<\/p>\n<p>Parti sur les chapeaux de roues, l&rsquo;Istr\u00e9en \u00e9tait l\u00e9g\u00e8rement en t\u00eate jusqu&rsquo;au cinqui\u00e8me atelier, le tir au bouchon, o\u00f9 l&rsquo;Italien a \u00e9galis\u00e9 (48-48). Les deux canonniers ont d\u00fb passer par le d\u00e9partage qui s&rsquo;est l\u00e0 aussi sold\u00e9 par une \u00e9galit\u00e9 (16-16).<\/p>\n<p>C&rsquo;est finalement \u00e0 la mort subite que Micka\u00ebl Bonetto a d\u00e9croch\u00e9 son billet pour la finale : les deux tireurs marquaient 5 points dans le premier atelier, mais le Proven\u00e7al en inscrivait 3 dans le suivant et l&rsquo;Italien 0. Dans l&rsquo;autre demi-finale, l&rsquo;Arm\u00e9nien Michel Hatchadourian affronte le Mon\u00e9gasque Jos\u00e9 Rivi\u00e8re. La finale, elle, aura lieu \u00e0 17 heures ce samedi.<\/p>\n","protected":false},"excerpt":{"rendered":"L&rsquo;Istr\u00e9en Micka\u00ebl Bonetto a eu les nerfs sacr\u00e9ment solides pour remporter sa demi-finale de l&rsquo;\u00e9preuve de tir de&hellip;\n","protected":false},"author":2,"featured_media":258852,"comment_status":"","ping_status":"","sticky":false,"template":"","format":"standard","meta":{"footnotes":""},"categories":[1586],"tags":[17,11,39898,3233,12082,39899,7890,1777,674,1011,27,39897,12,6426,25,60],"class_list":{"0":"post-258851","1":"post","2":"type-post","3":"status-publish","4":"format-standard","5":"has-post-thumbnail","7":"category-europe","8":"tag-17","9":"tag-actualites","10":"tag-bonetto","11":"tag-championnat","12":"tag-deurope","13":"tag-diego","14":"tag-ecarte","15":"tag-eu","16":"tag-europe","17":"tag-fr","18":"tag-france","19":"tag-mickael","20":"tag-news","21":"tag-petanque","22":"tag-republique-francaise","23":"tag-sports"},"share_on_mastodon":{"url":"https:\/\/pubeurope.com\/@fr\/114880063987451321","error":""},"_links":{"self":[{"href":"https:\/\/www.europesays.com\/fr\/wp-json\/wp\/v2\/posts\/258851","targetHints":{"allow":["GET"]}}],"collection":[{"href":"https:\/\/www.europesays.com\/fr\/wp-json\/wp\/v2\/posts"}],"about":[{"href":"https:\/\/www.europesays.com\/fr\/wp-json\/wp\/v2\/types\/post"}],"author":[{"embeddable":true,"href":"https:\/\/www.europesays.com\/fr\/wp-json\/wp\/v2\/users\/2"}],"replies":[{"embeddable":true,"href":"https:\/\/www.europesays.com\/fr\/wp-json\/wp\/v2\/comments?post=258851"}],"version-history":[{"count":0,"href":"https:\/\/www.europesays.com\/fr\/wp-json\/wp\/v2\/posts\/258851\/revisions"}],"wp:featuredmedia":[{"embeddable":true,"href":"https:\/\/www.europesays.com\/fr\/wp-json\/wp\/v2\/media\/258852"}],"wp:attachment":[{"href":"https:\/\/www.europesays.com\/fr\/wp-json\/wp\/v2\/media?parent=258851"}],"wp:term":[{"taxonomy":"category","embeddable":true,"href":"https:\/\/www.europesays.com\/fr\/wp-json\/wp\/v2\/categories?post=258851"},{"taxonomy":"post_tag","embeddable":true,"href":"https:\/\/www.europesays.com\/fr\/wp-json\/wp\/v2\/tags?post=258851"}],"curies":[{"name":"wp","href":"https:\/\/api.w.org\/{rel}","templated":true}]}}