{"id":258865,"date":"2025-07-19T13:17:10","date_gmt":"2025-07-19T13:17:10","guid":{"rendered":"https:\/\/www.europesays.com\/fr\/258865\/"},"modified":"2025-07-19T13:17:10","modified_gmt":"2025-07-19T13:17:10","slug":"arthur-cazaux-alexander-bublik-atp-250-gstaad-demi-finales-samedi-19-juillet-2025-lequipe","status":"publish","type":"post","link":"https:\/\/www.europesays.com\/fr\/258865\/","title":{"rendered":"Arthur Cazaux &#8211; Alexander Bublik, ATP 250, Gstaad, Demi-finales, Samedi 19 juillet 2025 &#8211; L&#039;\u00c9quipe"},"content":{"rendered":"<ol>\n<li><a href=\"https:\/\/news.google.com\/rss\/articles\/CBMixwFBVV95cUxPM0VyMU0tSFpkZmc2S3JCQ3k0MWJWczVlMkR1V0IzMXM1ZXQybG9kTXRZeWRTckdTcW02SnB5QnBVR3RPaHR3d1FVVzNQRGhjM1I0elNrYmlCUzMwNGlJTU1Sb0lIaFhhWHRiY2xqYWxaNlQ2eXFFdEMtWWFpOEw5R0E4dkVpTTNzbDFhbnBRZFJYTG5seXpGVjV4RTJ4WGN1M2hwWGJVRXlyS3cyck9qaF9LeFZEVDFfMHd5X3dISk9Bam5qX04w?oc=5\" target=\"_blank\" rel=\"nofollow noopener\">Arthur Cazaux &#8211; Alexander Bublik, ATP 250, Gstaad, Demi-finales, Samedi 19 juillet 2025<\/a>&nbsp;&nbsp;L&rsquo;\u00c9quipe<\/li>\n<li><a href=\"https:\/\/news.google.com\/rss\/articles\/CBMi3wFBVV95cUxNbnRnaDRUZ0EtTzZIYUgzRER1em4zRHNsME16WlIyOUFMRmJWNXo1Y0JqT1BrVFlaVjUzQ1lGQTJ6dWJMWlY4ajNQME5IZTNVVVI5VW5zaUU4SGtzUERBRUF3UWV4ZEtfUW5GUDJwVGdpTzJSRE1JYVNvbTNDcE5oeXBraXpUWWFjNTNhWkRTZ05wRENoVEtRUnAxRjNzSGlMSGlCR1dqSE1BVlFjTmNvQ0E3ODlJRVo1T09YdEtHOFRYZUYtaGVDRUNoWVNXNW1HZUtWd2JCcF9PcXhwUkRB?oc=5\" target=\"_blank\" rel=\"nofollow noopener\">\u00c0 Gstaad, Arthur Cazaux se qualifie pour la premi\u00e8re demi-finale de sa carri\u00e8re sur le circuit ATP<\/a>&nbsp;&nbsp;L&rsquo;\u00c9quipe<\/li>\n<li><a href=\"https:\/\/news.google.com\/rss\/articles\/CBMivwFBVV95cUxQdGFaQVUtaXV3LVRGU0Jla3pSRTNyRURuUEZJbk1rNlczRDU1UTBhZXBUTWs3Ymo1c3U4Z0FuclpuSXhtb25iSThjV2hhVFNwZjFDbVViczJwaFE0S0RGcUYxOWNVZHVoLVhNazV0STQzU0JvRzZ0WTZfbGhQLVEzcmpCTFczem5UZzNCRXJuUDd2THFnX3ZTZG85RHUxZ3dGSTE3a1JxSTJ3XzJ0aUZxMVc4YjZVQ0dZX3ZqRlR5ONIBvgFBVV95cUxPVXBRVWhOM1R3bUs1REh1U2xmWWhyZHBJd2xIdkFnYS1UN09lMG9iMVdHRUxxWlpMMEk5NXlUSDJCbnQzcW5SLVRrWFlpMFFKVjF1S1VWMEZtcG0tY0Nid2VRYVhrZVpVSE9ValJORTczWFlUcEZvcFdSRVpEbnlPT21IQWVzdkJwS3hhUG5QbE5HQVFFTFF4N3pvaUhPanJHYkdxM2ozS1lYT2JwamgyUGlKckszcnEwMWplbmhR?oc=5\" target=\"_blank\" rel=\"nofollow noopener\">ATP &#8211; Gstaad : Cazaux a rendez-vous avec Bublik en demi-finale<\/a>&nbsp;&nbsp;Orange Actualit\u00e9s | Sports<\/li>\n<li><a href=\"https:\/\/news.google.com\/rss\/articles\/CBMioAFBVV95cUxNQ0hGZXF2WWxDS3pNb2M3bTkyU1dKYTN3RzgzQW9oYTU2NFhsNmY3VEpTdGhGbFVhOThmSWlnUDdjRW9PcUE2YmRlNUJ5cG1XZ3JsVTdaQTdMOWRjTVozN3B5Y01nbEhjcl85SGREOXdzaHNYM0NWaUxua1dFV2xyYlg1MktHXy1MQlN2NWhISl8zOTFmejdGYnV4Y0J4UmtR?oc=5\" target=\"_blank\" rel=\"nofollow noopener\">Tennis : la belle performance d\u2019Arthur Cazaux \u00e0 Gstaad<\/a>&nbsp;&nbsp;Le Figaro<\/li>\n<li><a href=\"https:\/\/news.google.com\/rss\/articles\/CBMif0FVX3lxTFBONWRDczdOLWJMSTQ1aUJ5ZWROZFdwYy1RbnNSWEJ3OTdGY0hFeUZhM0xBVXVUYnJ5cXZDazJtZl8zVFlHcVRDbE9aM3FjdFhCaWJJVmNEemRPSzQyWmhndlZPV2V2NU5jREpKQU9MNnF0Tm9WdW9iUHJ6OUxiVUE?oc=5\" target=\"_blank\" rel=\"nofollow noopener\">ATP &#8211; Gstaad &gt; Arthur Cazaux s\u2019\u00e9clate en Suisse<\/a>&nbsp;&nbsp;We Love Tennis<\/li>\n<\/ol>\n","protected":false},"excerpt":{"rendered":"Arthur Cazaux &#8211; Alexander Bublik, ATP 250, Gstaad, Demi-finales, Samedi 19 juillet 2025&nbsp;&nbsp;L&rsquo;\u00c9quipe \u00c0 Gstaad, Arthur Cazaux se&hellip;\n","protected":false},"author":2,"featured_media":1983,"comment_status":"","ping_status":"","sticky":false,"template":"","format":"standard","meta":{"footnotes":""},"categories":[1415],"tags":[1011,27,60,1467],"class_list":{"0":"post-258865","1":"post","2":"type-post","3":"status-publish","4":"format-standard","5":"has-post-thumbnail","7":"category-tennis","8":"tag-fr","9":"tag-france","10":"tag-sports","11":"tag-tennis"},"share_on_mastodon":{"url":"https:\/\/pubeurope.com\/@fr\/114880095317124654","error":""},"_links":{"self":[{"href":"https:\/\/www.europesays.com\/fr\/wp-json\/wp\/v2\/posts\/258865","targetHints":{"allow":["GET"]}}],"collection":[{"href":"https:\/\/www.europesays.com\/fr\/wp-json\/wp\/v2\/posts"}],"about":[{"href":"https:\/\/www.europesays.com\/fr\/wp-json\/wp\/v2\/types\/post"}],"author":[{"embeddable":true,"href":"https:\/\/www.europesays.com\/fr\/wp-json\/wp\/v2\/users\/2"}],"replies":[{"embeddable":true,"href":"https:\/\/www.europesays.com\/fr\/wp-json\/wp\/v2\/comments?post=258865"}],"version-history":[{"count":0,"href":"https:\/\/www.europesays.com\/fr\/wp-json\/wp\/v2\/posts\/258865\/revisions"}],"wp:featuredmedia":[{"embeddable":true,"href":"https:\/\/www.europesays.com\/fr\/wp-json\/wp\/v2\/media\/1983"}],"wp:attachment":[{"href":"https:\/\/www.europesays.com\/fr\/wp-json\/wp\/v2\/media?parent=258865"}],"wp:term":[{"taxonomy":"category","embeddable":true,"href":"https:\/\/www.europesays.com\/fr\/wp-json\/wp\/v2\/categories?post=258865"},{"taxonomy":"post_tag","embeddable":true,"href":"https:\/\/www.europesays.com\/fr\/wp-json\/wp\/v2\/tags?post=258865"}],"curies":[{"name":"wp","href":"https:\/\/api.w.org\/{rel}","templated":true}]}}