{"id":258870,"date":"2025-07-19T13:21:10","date_gmt":"2025-07-19T13:21:10","guid":{"rendered":"https:\/\/www.europesays.com\/fr\/258870\/"},"modified":"2025-07-19T13:21:10","modified_gmt":"2025-07-19T13:21:10","slug":"coup-de-tonnerre-remco-evenepoel-contraint-a-labandon","status":"publish","type":"post","link":"https:\/\/www.europesays.com\/fr\/258870\/","title":{"rendered":"coup de tonnerre, Remco Evenepoel contraint \u00e0 l\u2019abandon"},"content":{"rendered":"<p>Le maillot blanc et actuel troisi\u00e8me du g\u00e9n\u00e9ral Remco Evenepoel a abandonn\u00e9 dans le Tourmalet lors de la quatorzi\u00e8me \u00e9tape de la Grande Boucle.<\/p>\n<p class=\"fig-paragraph\">\u00c9norme surprise\u00a0<a href=\"http:\/\/www.lefigaro.fr\/sports\/cyclisme\/tour-de-france\/contre-la-montre-a-peyragudes-le-nouveau-tour-de-force-de-tadej-pogacar-20250718\" data-fig-type=\"Article\" data-gtm-custom-categorie=\"navigation\" data-gtm-custom-action=\"crossclick\" data-gtm-custom-label=\"Contextuel\" data-gtm-event=\"customEventSPE\" data-fig-domain=\"LEFIGARO\" target=\"_blank\" rel=\"noopener\">sur le Tour de France<\/a>, le maillot blanc et\u00a0<a href=\"http:\/\/www.lefigaro.fr\/sports\/cyclisme\/tour-de-france\/tour-de-france-evenepoel-enleve-la-5e-etape-devant-pogacar-qui-prend-le-maillot-jaune-20250709\" data-fig-type=\"NewsFlash\" data-gtm-custom-categorie=\"navigation\" data-gtm-custom-action=\"crossclick\" data-gtm-custom-label=\"Contextuel\" data-gtm-event=\"customEventSPE\" data-fig-domain=\"LEFIGARO\" target=\"_blank\" rel=\"noopener\">troisi\u00e8me du classement g\u00e9n\u00e9ral Remco Evenepoel<\/a>\u00a0a \u00e9t\u00e9 contraint \u00e0 l\u2019abandon lors de l\u2019ascension du col du Tourmalet, premi\u00e8re difficult\u00e9 de la quatorzi\u00e8me \u00e9tape. Le Belge \u00e9tait en larmes au moment de s\u2019arr\u00eater. Il a vite rejoint la voiture de son \u00e9quipe.<\/p>\n<p class=\"fig-paragraph\">Le leader de la formation Soudal Quick-Step (25 ans), sur le podium final de la Grande Boucle l\u2019an dernier, avait d\u00e9j\u00e0 \u00e9t\u00e9 en difficult\u00e9 lors des deux premi\u00e8res \u00e9tapes pyr\u00e9n\u00e9ennes, incapable de suivre le rythme de ses deux rivaux annonc\u00e9s au g\u00e9n\u00e9ral, Tadej Pogacar et Jonas Vingegaard.<\/p>\n<p>                                    <a class=\"fig-a11y-skip a11y-hidden\" href=\"#fig-a11y-skip-main-inarticle\"><br \/>\n        Passer la publicit\u00e9<br \/>\n    <\/a><\/p>\n<p class=\"fig-paragraph\"><a href=\"http:\/\/www.lefigaro.fr\/sports\/cyclisme\/le-chemin-a-ete-tres-difficile-et-eprouvant-l-emouvant-message-de-remco-evenepoel-de-retour-apres-son-grave-accident-20250415\" data-fig-type=\"NewsFlash\" data-gtm-custom-categorie=\"navigation\" data-gtm-custom-action=\"crossclick\" data-gtm-custom-label=\"Contextuel\" data-gtm-event=\"customEventSPE\" data-fig-domain=\"LEFIGARO\" target=\"_blank\" rel=\"noopener\">Evenepoel avait subi un tr\u00e8s grave accident en d\u00e9cembre dernier<\/a>\u00a0non loin de Bruxelles en percutant violemment la porti\u00e8re d\u2019une voiture qui venait de s\u2019ouvrir alors qu\u2019il s\u2019entra\u00eenait sur son v\u00e9lo. Il lui avait \u00e9t\u00e9 d\u00e9tect\u00e9 plusieurs fractures aux c\u00f4tes, \u00e0 l\u2019omoplate et \u00e0 la main droite.<\/p>\n<p class=\"fig-paragraph\">Plus d\u2019informations \u00e0 suivre&#8230;<\/p>\n","protected":false},"excerpt":{"rendered":"Le maillot blanc et actuel troisi\u00e8me du g\u00e9n\u00e9ral Remco Evenepoel a abandonn\u00e9 dans le Tourmalet lors de la&hellip;\n","protected":false},"author":2,"featured_media":258871,"comment_status":"","ping_status":"","sticky":false,"template":"","format":"standard","meta":{"footnotes":""},"categories":[1411],"tags":[1154,207,1011,27,11697,60],"class_list":{"0":"post-258870","1":"post","2":"type-post","3":"status-publish","4":"format-standard","5":"has-post-thumbnail","7":"category-cyclisme","8":"tag-cycling","9":"tag-cyclisme","10":"tag-fr","11":"tag-france","12":"tag-remco-evenepoel","13":"tag-sports"},"share_on_mastodon":{"url":"https:\/\/pubeurope.com\/@fr\/114880111171065089","error":""},"_links":{"self":[{"href":"https:\/\/www.europesays.com\/fr\/wp-json\/wp\/v2\/posts\/258870","targetHints":{"allow":["GET"]}}],"collection":[{"href":"https:\/\/www.europesays.com\/fr\/wp-json\/wp\/v2\/posts"}],"about":[{"href":"https:\/\/www.europesays.com\/fr\/wp-json\/wp\/v2\/types\/post"}],"author":[{"embeddable":true,"href":"https:\/\/www.europesays.com\/fr\/wp-json\/wp\/v2\/users\/2"}],"replies":[{"embeddable":true,"href":"https:\/\/www.europesays.com\/fr\/wp-json\/wp\/v2\/comments?post=258870"}],"version-history":[{"count":0,"href":"https:\/\/www.europesays.com\/fr\/wp-json\/wp\/v2\/posts\/258870\/revisions"}],"wp:featuredmedia":[{"embeddable":true,"href":"https:\/\/www.europesays.com\/fr\/wp-json\/wp\/v2\/media\/258871"}],"wp:attachment":[{"href":"https:\/\/www.europesays.com\/fr\/wp-json\/wp\/v2\/media?parent=258870"}],"wp:term":[{"taxonomy":"category","embeddable":true,"href":"https:\/\/www.europesays.com\/fr\/wp-json\/wp\/v2\/categories?post=258870"},{"taxonomy":"post_tag","embeddable":true,"href":"https:\/\/www.europesays.com\/fr\/wp-json\/wp\/v2\/tags?post=258870"}],"curies":[{"name":"wp","href":"https:\/\/api.w.org\/{rel}","templated":true}]}}