{"id":258874,"date":"2025-07-19T13:23:11","date_gmt":"2025-07-19T13:23:11","guid":{"rendered":"https:\/\/www.europesays.com\/fr\/258874\/"},"modified":"2025-07-19T13:23:11","modified_gmt":"2025-07-19T13:23:11","slug":"carla-bruni-et-nicolas-sarkozy-profitent-de-la-dolce-vita-en-scooter","status":"publish","type":"post","link":"https:\/\/www.europesays.com\/fr\/258874\/","title":{"rendered":"Carla Bruni et Nicolas Sarkozy profitent de la \u00ab dolce vita \u00bb en scooter"},"content":{"rendered":"<p class=\"mb-4 text-lg md:leading-8 break-words\">Nicolas Sarkozy et Carla Bruni semblent plus amoureux que jamais. La chanteuse et mannequin l&rsquo;a prouv\u00e9 au travers d&rsquo;une vid\u00e9o de son couple profitant d&rsquo;un tour en scooter.<\/p>\n<p class=\"mb-4 text-lg md:leading-8 break-words\">Assise \u00e0 l&rsquo;arri\u00e8re pendant que <a class=\"link \" href=\"https:\/\/www.lepoint.fr\/people\/carla-bruni-sa-jolie-declaration-a-nicolas-sarkozy-tout-simplement-comme-ca-16-02-2024-2552588_2116.php\" rel=\"nofollow noopener\" target=\"_blank\" data-ylk=\"slk:son cher et tendre;elm:context_link;itc:0;sec:content-canvas\">son cher et tendre<\/a> assure la conduite du deux-roues, Carla Bruni filme leur petite escapade avec son t\u00e9l\u00e9phone, d\u00e9voilant un sourire radieux pendant que le vent lui soufflait dans les cheveux.<\/p>\n<p class=\"mb-4 text-lg md:leading-8 break-words\">\u00ab\u00a0#dolcevita\u00a0\u00bb, a-t-elle inscrit dans la l\u00e9gende de la vid\u00e9o partag\u00e9e sur Instagram, avec de nombreux \u00e9mojis et le tube \u00ab\u00a0Dolce Vita\u00a0\u00bb (vie douce, en italien), de Ryan Paris, jouant en fond.<\/p>\n<p>Mis \u00e0 l&rsquo;amende<\/p>\n<p class=\"mb-4 text-lg md:leading-8 break-words\">Si ce post avait pour but de montrer l&rsquo;amour de <a class=\"link \" href=\"https:\/\/www.lepoint.fr\/people\/carla-bruni-amusee-d-etre-citee-dans-emily-in-paris-19-09-2024-2570648_2116.php\" rel=\"nofollow noopener\" target=\"_blank\" data-ylk=\"slk:l&#039;ex-premi\u00e8re dame;elm:context_link;itc:0;sec:content-canvas\">l&rsquo;ex-premi\u00e8re dame<\/a> pour son \u00e9poux, nombreux n&rsquo;ont pas go\u00fbt\u00e9 au romantisme en raison d&rsquo;un d\u00e9tail important\u00a0: le couple ne portait pas de casque, pourtant obligatoire pour le conducteur et son passager sur une moto ou un scooter sous peine d&rsquo;une amende \u00ab\u00a0pouvant aller jusqu&rsquo;\u00e0 750\u00a0euros\u00a0\u00bb, selon le <a class=\"link \" href=\"https:\/\/www.service-public.fr\/particuliers\/vosdroits\/F34168\" rel=\"nofollow noopener\" target=\"_blank\" data-ylk=\"slk:site;elm:context_link;itc:0;sec:content-canvas\">site<\/a> du service public.<\/p>\n<p class=\"mb-4 text-lg md:leading-8 break-words\">Un comble pour <a class=\"link \" href=\"https:\/\/www.lepoint.fr\/politique\/legion-d-honneur-de-sarkozy-au-sommet-de-l-etat-le-bal-des-hypocrites-16-06-2025-2592147_20.php\" rel=\"nofollow noopener\" target=\"_blank\" data-ylk=\"slk:l&#039;ancien pr\u00e9sident de la R\u00e9publique;elm:context_link;itc:0;sec:content-canvas\">l&rsquo;ancien pr\u00e9sident de la R\u00e9publique<\/a>, qui a \u00e9galement \u00e9t\u00e9 ministre de l&rsquo;Int\u00e9rieur sous la pr\u00e9sidence de Jacques Chirac.<\/p>\n<p class=\"mb-4 text-lg md:leading-8 break-words\">\u00ab\u00a0Quand je pense que j&rsquo;ai pris une amende pour non-port du casque \u00e0 l&rsquo;\u00e9poque o\u00f9 il \u00e9tait ministre de l&rsquo;Int\u00e9rieur\u00a0\u00bb, a d&rsquo;ailleurs relev\u00e9 un internaute dans les commentaires. \u00ab\u00a0C&rsquo;\u00e9tait le casque OU le bracelet\u00a0\u00bb, a plaisant\u00e9 un autre, faisant r\u00e9f\u00e9rence aux r\u00e9cents d\u00e9m\u00eal\u00e9s de Nicolas Sarkozy et de son \u00e9pouse avec la justice <a class=\"link \" href=\"https:\/\/www.lepoint.fr\/societe\/mon-pere-est-innocent-le-cri-du-coeur-de-louis-sarkozy-30-03-2025-2586034_23.php\" rel=\"nofollow noopener\" target=\"_blank\" data-ylk=\"slk:dans le cadre de l&#039;affaire;elm:context_link;itc:0;sec:content-canvas\">dans le cadre de l&rsquo;affaire<\/a> du \u00ab\u00a0financement libyen\u00a0\u00bb.<\/p>\n<p class=\"mb-4 text-lg md:leading-8 break-words\">[&#8230;] <a href=\"https:\/\/www.lepoint.fr\/people\/carla-bruni-et-nicolas-sarkozy-profitent-de-la-dolce-vita-en-scooter-19-07-2025-2594693_2116.php\" rel=\"nofollow noopener\" target=\"_blank\" data-ylk=\"slk:Lire la suite;elm:context_link;itc:0;sec:content-canvas\" class=\"link \">Lire la suite<\/a><\/p>\n","protected":false},"excerpt":{"rendered":"Nicolas Sarkozy et Carla Bruni semblent plus amoureux que jamais. La chanteuse et mannequin l&rsquo;a prouv\u00e9 au travers&hellip;\n","protected":false},"author":2,"featured_media":258875,"comment_status":"","ping_status":"","sticky":false,"template":"","format":"standard","meta":{"footnotes":""},"categories":[1359],"tags":[12667,58,59,1011,27,39901,3091,973,10253,39900],"class_list":{"0":"post-258874","1":"post","2":"type-post","3":"status-publish","4":"format-standard","5":"has-post-thumbnail","7":"category-people","8":"tag-carla-bruni","9":"tag-divertissement","10":"tag-entertainment","11":"tag-fr","12":"tag-france","13":"tag-ministre-de-linterieur-2","14":"tag-nicolas-sarkozy","15":"tag-people","16":"tag-president-de-la-republique","17":"tag-ryan-paris"},"share_on_mastodon":{"url":"https:\/\/pubeurope.com\/@fr\/114880119122324117","error":""},"_links":{"self":[{"href":"https:\/\/www.europesays.com\/fr\/wp-json\/wp\/v2\/posts\/258874","targetHints":{"allow":["GET"]}}],"collection":[{"href":"https:\/\/www.europesays.com\/fr\/wp-json\/wp\/v2\/posts"}],"about":[{"href":"https:\/\/www.europesays.com\/fr\/wp-json\/wp\/v2\/types\/post"}],"author":[{"embeddable":true,"href":"https:\/\/www.europesays.com\/fr\/wp-json\/wp\/v2\/users\/2"}],"replies":[{"embeddable":true,"href":"https:\/\/www.europesays.com\/fr\/wp-json\/wp\/v2\/comments?post=258874"}],"version-history":[{"count":0,"href":"https:\/\/www.europesays.com\/fr\/wp-json\/wp\/v2\/posts\/258874\/revisions"}],"wp:featuredmedia":[{"embeddable":true,"href":"https:\/\/www.europesays.com\/fr\/wp-json\/wp\/v2\/media\/258875"}],"wp:attachment":[{"href":"https:\/\/www.europesays.com\/fr\/wp-json\/wp\/v2\/media?parent=258874"}],"wp:term":[{"taxonomy":"category","embeddable":true,"href":"https:\/\/www.europesays.com\/fr\/wp-json\/wp\/v2\/categories?post=258874"},{"taxonomy":"post_tag","embeddable":true,"href":"https:\/\/www.europesays.com\/fr\/wp-json\/wp\/v2\/tags?post=258874"}],"curies":[{"name":"wp","href":"https:\/\/api.w.org\/{rel}","templated":true}]}}