{"id":258878,"date":"2025-07-19T13:25:10","date_gmt":"2025-07-19T13:25:10","guid":{"rendered":"https:\/\/www.europesays.com\/fr\/258878\/"},"modified":"2025-07-19T13:25:10","modified_gmt":"2025-07-19T13:25:10","slug":"la-bibliotheque-ephemere-derquy-a-repris-ses-quartiers-sur-le-boulevard-de-la-mer","status":"publish","type":"post","link":"https:\/\/www.europesays.com\/fr\/258878\/","title":{"rendered":"La biblioth\u00e8que \u00e9ph\u00e9m\u00e8re d\u2019Erquy a repris ses quartiers sur le boulevard de la Mer"},"content":{"rendered":"<p>La biblioth\u00e8que \u00e9ph\u00e9m\u00e8re s\u2019est install\u00e9e sur le boulevard de la Mer d\u2019Erquy, pour la troisi\u00e8me ann\u00e9e.<\/p>\n<p>Ce jeudi 17 juillet, V\u00e9ronique, R\u00e9gin\u00e9enne, est venue s\u2019installer confortablement dans les transats pour lire un petit livre d\u2019un auteur qu\u2019elle conna\u00eet bien. \u00ab\u00a0Je reviendrais pour le finir, ici c\u2019est un endroit paisible, agr\u00e9able \u00e0 l\u2019ombre du seul arbre du boulevard de la Mer. C\u2019est chaleureux et accueillant, en plus, Aur\u00e9lie conseille bien. D\u2019ailleurs, la biblioth\u00e8que propose toujours de nombreuses animations et fait son possible pour donner go\u00fbt \u00e0 la lecture\u00a0\u00bb, reconna\u00eet V\u00e9ronique.<\/p>\n<p>Christian et Henriette, eux, sont des habitu\u00e9s de la biblioth\u00e8que \u00e9ph\u00e9m\u00e8re. Ils adorent se poser dans ce lieu un brin cocooning. \u00ab\u00a0C\u2019est un endroit qui gagne vraiment \u00e0 \u00eatre connu, on y trouve des journaux, des BD, des jeux de soci\u00e9t\u00e9, de petits livres\u2026 De quoi s\u2019occuper et se poser face \u00e0 la mer.\u00a0\u00bb<\/p>\n<p>Cette ann\u00e9e, Aur\u00e9lie, biblioth\u00e9caire, sera accompagn\u00e9e d\u2019Eliam Rouxel, en renfort.<\/p>\n<p>La biblioth\u00e8que \u00e9ph\u00e9m\u00e8re se veut un lieu de rencontre et de lecture. Certains ont m\u00eame sollicit\u00e9 Aur\u00e9lie pour un petit rafra\u00eechissement \u00e0 boire. \u00ab\u00a0On y pense\u00a0\u00bb, sourit Aur\u00e9lie.<\/p>\n<p><b>Pratique<\/b><\/p>\n<p class=\"note\">La biblioth\u00e8que \u00e9ph\u00e9m\u00e8re est en acc\u00e8s libre du mardi au samedi de 15 \u00e0 18\u00a0h sur le boulevard de la Mer jusqu\u2019au 23 ao\u00fbt.<\/p>\n","protected":false},"excerpt":{"rendered":"La biblioth\u00e8que \u00e9ph\u00e9m\u00e8re s\u2019est install\u00e9e sur le boulevard de la Mer d\u2019Erquy, pour la troisi\u00e8me ann\u00e9e. Ce jeudi&hellip;\n","protected":false},"author":2,"featured_media":258879,"comment_status":"","ping_status":"","sticky":false,"template":"","format":"standard","meta":{"footnotes":""},"categories":[1357],"tags":[1379,58,59,39114,1011,27,1380],"class_list":{"0":"post-258878","1":"post","2":"type-post","3":"status-publish","4":"format-standard","5":"has-post-thumbnail","7":"category-livres","8":"tag-books","9":"tag-divertissement","10":"tag-entertainment","11":"tag-erquy","12":"tag-fr","13":"tag-france","14":"tag-livres"},"share_on_mastodon":{"url":"https:\/\/pubeurope.com\/@fr\/114880126874015536","error":""},"_links":{"self":[{"href":"https:\/\/www.europesays.com\/fr\/wp-json\/wp\/v2\/posts\/258878","targetHints":{"allow":["GET"]}}],"collection":[{"href":"https:\/\/www.europesays.com\/fr\/wp-json\/wp\/v2\/posts"}],"about":[{"href":"https:\/\/www.europesays.com\/fr\/wp-json\/wp\/v2\/types\/post"}],"author":[{"embeddable":true,"href":"https:\/\/www.europesays.com\/fr\/wp-json\/wp\/v2\/users\/2"}],"replies":[{"embeddable":true,"href":"https:\/\/www.europesays.com\/fr\/wp-json\/wp\/v2\/comments?post=258878"}],"version-history":[{"count":0,"href":"https:\/\/www.europesays.com\/fr\/wp-json\/wp\/v2\/posts\/258878\/revisions"}],"wp:featuredmedia":[{"embeddable":true,"href":"https:\/\/www.europesays.com\/fr\/wp-json\/wp\/v2\/media\/258879"}],"wp:attachment":[{"href":"https:\/\/www.europesays.com\/fr\/wp-json\/wp\/v2\/media?parent=258878"}],"wp:term":[{"taxonomy":"category","embeddable":true,"href":"https:\/\/www.europesays.com\/fr\/wp-json\/wp\/v2\/categories?post=258878"},{"taxonomy":"post_tag","embeddable":true,"href":"https:\/\/www.europesays.com\/fr\/wp-json\/wp\/v2\/tags?post=258878"}],"curies":[{"name":"wp","href":"https:\/\/api.w.org\/{rel}","templated":true}]}}