{"id":258880,"date":"2025-07-19T13:26:14","date_gmt":"2025-07-19T13:26:14","guid":{"rendered":"https:\/\/www.europesays.com\/fr\/258880\/"},"modified":"2025-07-19T13:26:14","modified_gmt":"2025-07-19T13:26:14","slug":"ca-pue-cest-sec-et-craquant-mais-cest-super-bon-cauchemar-en-cuisine-au-camping-des-vieilles-charrues-video","status":"publish","type":"post","link":"https:\/\/www.europesays.com\/fr\/258880\/","title":{"rendered":"\u00ab\u00a0\u00c7a pue, c\u2019est sec et craquant\u2026 Mais c\u2019est super bon\u00a0!\u00a0\u00bb\u00a0: cauchemar en cuisine au camping des Vieilles Charrues [Vid\u00e9o]"},"content":{"rendered":"<p>\u00ab \u00c7a donne envie, non ? \u00bb Tomaz tend un sandwich wrap garni de salade de thon \u00e0 l\u2019am\u00e9ricaine \u00ab avec un petit peu de mayonnaise, du fromage gouda en tranches parce qu\u2019on est gourmands et\u2026 une compote en dessert. \u00bb Une association douteuse, diront certains. Un r\u00e9gal, consid\u00e8re celui qui, ce vendredi 18 juillet 2025, vient de passer <a href=\"https:\/\/www.letelegramme.fr\/culture-loisirs\/festivals\/vieilles-charrues\/damiano-david-alanis-morissette-notre-recap-en-video-de-la-premiere-journee-des-vieilles-charrues-2025-6857553.php\" target=\"_blank\" rel=\"noopener\">sa premi\u00e8re soir\u00e9e aux Vieilles Charrues<\/a> et que ce mets, visiblement, requinque. Surtout, souligne le (top) chef, \u00ab aucun de ces ingr\u00e9dients n\u2019a besoin d\u2019\u00eatre au frais donc \u00e7a se garde bien en camping. \u00bb Et \u00e7a, c\u2019est juste une question de survie.<\/p>\n<p>Il y a trois teams chez les campeurs. Ceux qui font des compositions culinaires os\u00e9es, ceux qui mangent tout pr\u00e9par\u00e9 et ceux qui consomment sur site et grignotent \u00e0 c\u00f4t\u00e9. Tom et Estelle en font partie. \u00ab Le matin, tu prends un petit bol de Chocapic arros\u00e9 de 8-6. \u00c0 mettre \u00e0 mijoter une petite demi-heure et \u00e0 avaler \u00e0 grandes goul\u00e9es ! \u00bb Apr\u00e8s, les petits plats du festival, \u00ab c\u2019est p\u00e9pite, comme on dit ! \u00bb<\/p>\n<blockquote><p>Y\u2019a le gras des rillettes qui coule avec la chaleur et c\u2019est tr\u00e8s important. Comme \u00e7a, \u00e7a s\u2019impr\u00e8gne bien dans le pain.<\/p><\/blockquote>\n<p>Le plat signature de Geoffrey, un autre f\u00eatard ? Des rillettes de canard, \u00e0 la fra\u00eecheur douteuse\u2026 \u00ab Mais AOP (*) P\u00e9rigord \u00bb, fait remarquer le Rennais. \u00ab Y\u2019a le gras qui coule avec la chaleur et c\u2019est tr\u00e8s important. Comme \u00e7a, \u00e7a s\u2019impr\u00e8gne bien dans le pain. Un pain qui a un peu s\u00e9ch\u00e9 au soleil, pour une texture plus croquante. \u00bb Et en accompagnement ? Des chips de fromage qui croustillent. Miam !<\/p>\n<p><img decoding=\"async\" src=\"https:\/\/www.europesays.com\/fr\/wp-content\/uploads\/2025\/07\/687aa60edb6ed8863f045fa3.1.jpeg\" width=\"480\" height=\"300\" class=\"web_golden_m\" loading=\"lazy\" alt=\"Des c\u00e9r\u00e9ales ou des g\u00e2teaux au chocolat bien arros\u00e9s\u00a0: \u00ab\u00a0Vous l\u2019aurez compris, on se nourrit sur le site du festival\u00a0\u00bb, sourient Tom et Estelle.\"\/>Des c\u00e9r\u00e9ales ou des g\u00e2teaux au chocolat bien arros\u00e9s\u00a0: \u00ab\u00a0Vous l\u2019aurez compris, on se nourrit sur le site du festival\u00a0\u00bb, sourient Tom et Estelle. (Le T\u00e9l\u00e9gramme\/Fanny Ohier)<img decoding=\"async\" src=\"https:\/\/www.europesays.com\/fr\/wp-content\/uploads\/2025\/07\/687aa60edb6ed8863f045fa2.1.jpeg\" width=\"480\" height=\"300\" class=\"web_golden_m\" loading=\"lazy\" alt=\"Les rillettes, c\u2019est meilleur quand \u00e7a suinte, pour Geoffrey. Le Rennais de 31 ans les d\u00e9guste sur une tartine de pain \u00ab\u00a0qui a s\u00e9ch\u00e9 au soleil\u00a0\u00bb, \u00e7a croustille davantage.\"\/>Les rillettes, c\u2019est meilleur quand \u00e7a suinte, pour Geoffrey. Le Rennais de 31 ans les d\u00e9guste sur une tartine de pain \u00ab\u00a0qui a s\u00e9ch\u00e9 au soleil\u00a0\u00bb, \u00e7a croustille davantage. (Le T\u00e9l\u00e9gramme\/Fanny Ohier)Composer sans micro-ondes ni r\u00e9chauds<\/p>\n<p>Car tous doivent composer avec les conditions de la vie au camping : pas d\u2019\u00e9lectricit\u00e9 et de nombreuses interdictions. Ce vendredi midi, Louis et ses amis d\u00e9gustent ainsi un riz au curry\u2026 \u00e0 m\u00eame le sachet. \u00ab \u00c7a pue, c\u2019est sec et craquant\u2026 Mais c\u2019est super bon ! \u00bb De l\u2019avis des champions, \u00e7\u2019aurait tout de m\u00eame valu un petit passage au micro-ondes comme c\u2019est l\u2019usage. \u00ab D\u2019autres festivals en mettent \u00e0 disposition \u00bb, regrettent les Nantais.<\/p>\n<p><img decoding=\"async\" src=\"https:\/\/www.europesays.com\/fr\/wp-content\/uploads\/2025\/07\/687aa60e5e103f46e80d7b32.1.jpeg\" width=\"480\" height=\"300\" class=\"web_golden_m\" loading=\"lazy\" alt=\"Plat pr\u00e9par\u00e9 non r\u00e9chauff\u00e9 et brioche au beurre\u00a0: et oui, certains ont quand m\u00eame envie de bien manger. Dommage pour autant qu\u2019il n\u2019y ait pas de micro-ondes au camping, regrette Louis.\"\/>Plat pr\u00e9par\u00e9 non r\u00e9chauff\u00e9 et brioche au beurre\u00a0: et oui, certains ont quand m\u00eame envie de bien manger. Dommage pour autant qu\u2019il n\u2019y ait pas de micro-ondes au camping, regrette Louis. (Le T\u00e9l\u00e9gramme\/Fanny Ohier)<img decoding=\"async\" src=\"https:\/\/www.europesays.com\/fr\/wp-content\/uploads\/2025\/07\/687aa60e5e103f46e80d7b31.1.jpeg\" width=\"480\" height=\"300\" class=\"web_golden_m\" loading=\"lazy\" alt=\"1\u00a0kg de cacahu\u00e8tes et des nouilles instantan\u00e9es\u00a0: Olivia et ses copines misent tout sur des plats bourratifs. Et l\u2019\u00e9quilibre alimentaire dans tout \u00e7a\u00a0? \u00ab\u00a0On a fait bien pire. D\u2019autres ann\u00e9es, c\u2019\u00e9tait biscuits ap\u00e9ritifs sur biscuits ap\u00e9ritifs\u2026\u00a0\u00bb\"\/>1\u00a0kg de cacahu\u00e8tes et des nouilles instantan\u00e9es\u00a0: Olivia et ses copines misent tout sur des plats bourratifs. Et l\u2019\u00e9quilibre alimentaire dans tout \u00e7a\u00a0? \u00ab\u00a0On a fait bien pire. D\u2019autres ann\u00e9es, c\u2019\u00e9tait biscuits ap\u00e9ritifs sur biscuits ap\u00e9ritifs\u2026\u00a0\u00bb (Le T\u00e9l\u00e9gramme\/Fanny Ohier)<\/p>\n<p>Pas non plus de bouilloires en libre-service, et les r\u00e9chauds sont interdits. Alors d\u2019autres filoutent un peu. Olivia et ses copines se nourrissent presque exclusivement de \u00ab nouilles instantan\u00e9es, matin, midi et soir \u00bb, pendant quatre jours. \u00ab Parce que c\u2019est pratique, pas cher et \u00e7a cale. \u00bb Quid de l\u2019eau chaude, alors ? \u00ab On a nos moyens\u2026 \u00bb, \u00e9lude la Normande, avec un grand sourire.<\/p>\n<p class=\"note\">(*) AOP, appellation d\u2019origine prot\u00e9g\u00e9e.<\/p>\n","protected":false},"excerpt":{"rendered":"\u00ab \u00c7a donne envie, non ? \u00bb Tomaz tend un sandwich wrap garni de salade de thon \u00e0&hellip;\n","protected":false},"author":2,"featured_media":258881,"comment_status":"","ping_status":"","sticky":false,"template":"","format":"standard","meta":{"footnotes":""},"categories":[1356],"tags":[5934,251,58,59,3337,1011,27,873,252,1364,2955,38885,35758],"class_list":{"0":"post-258880","1":"post","2":"type-post","3":"status-publish","4":"format-standard","5":"has-post-thumbnail","7":"category-television","8":"tag-carhaix-plouguer","9":"tag-culture","10":"tag-divertissement","11":"tag-entertainment","12":"tag-festivals","13":"tag-fr","14":"tag-france","15":"tag-musique","16":"tag-television","17":"tag-tv","18":"tag-videos","19":"tag-vieilles-charrues-2025","20":"tag-vieilles-charrues"},"share_on_mastodon":{"url":"https:\/\/pubeurope.com\/@fr\/114880130993431135","error":""},"_links":{"self":[{"href":"https:\/\/www.europesays.com\/fr\/wp-json\/wp\/v2\/posts\/258880","targetHints":{"allow":["GET"]}}],"collection":[{"href":"https:\/\/www.europesays.com\/fr\/wp-json\/wp\/v2\/posts"}],"about":[{"href":"https:\/\/www.europesays.com\/fr\/wp-json\/wp\/v2\/types\/post"}],"author":[{"embeddable":true,"href":"https:\/\/www.europesays.com\/fr\/wp-json\/wp\/v2\/users\/2"}],"replies":[{"embeddable":true,"href":"https:\/\/www.europesays.com\/fr\/wp-json\/wp\/v2\/comments?post=258880"}],"version-history":[{"count":0,"href":"https:\/\/www.europesays.com\/fr\/wp-json\/wp\/v2\/posts\/258880\/revisions"}],"wp:featuredmedia":[{"embeddable":true,"href":"https:\/\/www.europesays.com\/fr\/wp-json\/wp\/v2\/media\/258881"}],"wp:attachment":[{"href":"https:\/\/www.europesays.com\/fr\/wp-json\/wp\/v2\/media?parent=258880"}],"wp:term":[{"taxonomy":"category","embeddable":true,"href":"https:\/\/www.europesays.com\/fr\/wp-json\/wp\/v2\/categories?post=258880"},{"taxonomy":"post_tag","embeddable":true,"href":"https:\/\/www.europesays.com\/fr\/wp-json\/wp\/v2\/tags?post=258880"}],"curies":[{"name":"wp","href":"https:\/\/api.w.org\/{rel}","templated":true}]}}