{"id":258886,"date":"2025-07-19T13:29:09","date_gmt":"2025-07-19T13:29:09","guid":{"rendered":"https:\/\/www.europesays.com\/fr\/258886\/"},"modified":"2025-07-19T13:29:09","modified_gmt":"2025-07-19T13:29:09","slug":"cette-boisson-tres-consommee-en-ete-serait-lune-des-plus-mauvaises-pour-la-sante-selon-une-enquete-recente","status":"publish","type":"post","link":"https:\/\/www.europesays.com\/fr\/258886\/","title":{"rendered":"Cette boisson tr\u00e8s consomm\u00e9e en \u00e9t\u00e9 serait l\u2019une des plus mauvaises pour la sant\u00e9, selon une enqu\u00eate r\u00e9cente"},"content":{"rendered":"<p>Quand les temp\u00e9ratures grimpent, on r\u00eave tous de<br \/>\n<strong>boissons rafra\u00eechissantes<\/strong> et originales. Depuis<br \/>\nquelques ann\u00e9es, un nouveau chouchou a envahi les rues, les centres<br \/>\ncommerciaux et m\u00eame les r\u00e9seaux sociaux : le <strong>bubble<br \/>\ntea<\/strong>. Cette <a href=\"https:\/\/www.melty.fr\/divers\/rappel-de-produit-cette-boisson-tres-populaire-a-paris-ne-doit-pas-etre-consommee-2243250.html\" rel=\"nofollow noopener\" target=\"_blank\"><br \/>\nboisson color\u00e9e<\/a>, n\u00e9e \u00e0 Ta\u00efwan, s\u00e9duit autant les adolescents<br \/>\nque les adultes gr\u00e2ce \u00e0 ses perles de tapioca, ses saveurs vari\u00e9es<br \/>\net ses couleurs ludiques qui en font un objet instagrammable.<\/p>\n<p>Cette boisson est tout simplement hyper mauvaise pour la<br \/>\nsant\u00e9<\/p>\n<p>\u00c0 premi\u00e8re vue, on pourrait croire qu\u2019il s\u2019agit d\u2019un choix<br \/>\nplut\u00f4t sain, puisqu\u2019il contient du th\u00e9, r\u00e9put\u00e9 pour ses<br \/>\nantioxydants et ses vertus apaisantes. Mais derri\u00e8re son image fun<br \/>\net tendance se cache une r\u00e9alit\u00e9 bien moins reluisante. Le bubble<br \/>\ntea n\u2019a en effet pas grand-chose \u00e0 voir avec une simple tasse de<br \/>\nth\u00e9 vert ou noir. Cette boisson est souvent <strong>enrichie de<br \/>\nsirops,<\/strong> de laits sucr\u00e9s, de poudres aromatisantes et bien<br \/>\ns\u00fbr des fameuses perles de tapioca tremp\u00e9es dans un bain sucr\u00e9.<\/p>\n<p>R\u00e9sultat : un seul verre peut contenir entre <strong>300 et 400<br \/>\nkcal,<\/strong> soit davantage qu\u2019un grand verre de soda classique.<br \/>\nOr, ce sont des calories liquides, qu\u2019on ing\u00e8re sans vraiment en<br \/>\navoir conscience, et qui n\u2019apportent aucune sati\u00e9t\u00e9. Boire un<br \/>\nbubble tea revient donc \u00e0 avaler l\u2019\u00e9quivalent d\u2019un go\u00fbter<br \/>\ncomplet&#8230; Sans s\u2019en rendre compte. Mais le probl\u00e8me ne s\u2019arr\u00eate<br \/>\npas l\u00e0.<\/p>\n<p>Les bubble teas : des boissons bien trop sucr\u00e9es<\/p>\n<p>Comme l\u2019a soulign\u00e9 une enqu\u00eate r\u00e9cente du magazine Que<br \/>\nChoisir, ces boissons sont de <a href=\"https:\/\/www.melty.fr\/societe\/tiktok-cette-nouvelle-recette-tendance-maigrir-inquiete-1017130.html\" rel=\"nofollow noopener\" target=\"_blank\"><br \/>\nv\u00e9ritables bombes sucr\u00e9es<\/a>. \u00ab\u00a0On y trouve souvent 10 grammes<br \/>\nde sucre pour 100 ml\u00a0\u00bb, rel\u00e8ve l\u2019\u00e9tude. Avec un gobelet<br \/>\nclassique de 500 ml, on atteint vite la moiti\u00e9 de la dose<br \/>\n<strong>maximale de sucre<\/strong> recommand\u00e9e pour une journ\u00e9e. On<br \/>\nsait pourtant que la surconsommation de sucre augmente les risques<br \/>\nd\u2019ob\u00e9sit\u00e9, de diab\u00e8te de type 2 ou encore de maladies<br \/>\ncardiovasculaires.<\/p>\n<p>L\u2019autre grande inqui\u00e9tude vient des ingr\u00e9dients<br \/>\nultratransform\u00e9s. Les experts ont d\u00e9couvert dans ces boissons des<br \/>\nlistes interminables d\u2019additifs : colorants artificiels, ar\u00f4mes de<br \/>\nsynth\u00e8se, conservateurs et \u00e9dulcorants controvers\u00e9s. \u00ab\u00a0On<br \/>\nn\u2019avait jamais vu des listes d\u2019ingr\u00e9dients aussi rebutantes\u202f\u00a0\u00bb,<br \/>\na m\u00eame confess\u00e9 un journaliste de Que Choisir\u202f. Mathilde Touvier,<br \/>\nchercheuse \u00e0 l\u2019Inserm, a confirm\u00e9 aupr\u00e8s de 60 Millions de<br \/>\nConsommateurs : \u00ab\u00a0Tous les bubble teas sont des aliments<br \/>\nultratransform\u00e9s\u00a0\u00bb.<\/p>\n<p>L\u00a0\u00bbAgence de sant\u00e9 met en garde contre<br \/>\nles risques li\u00e9s \u00e0 cette boisson<\/p>\n<p>Or, l\u2019Anses (Agence nationale de s\u00e9curit\u00e9 sanitaire de<br \/>\nl\u2019alimentation) alerte sur ces produits : leur consommation<br \/>\nexcessive est \u00ab\u00a0associ\u00e9e \u00e0 un risque accru de mortalit\u00e9\u00a0\u00bb et<br \/>\nde nombreuses maladies chroniques, dont le diab\u00e8te,<br \/>\n<strong>l\u2019ob\u00e9sit\u00e9<\/strong>, certains cancers et des pathologies<br \/>\ncardiovasculaires. Alors oui, un bubble tea de temps en temps n\u2019est<br \/>\npas un drame. Mais comme toutes les boissons tr\u00e8s sucr\u00e9es ou<br \/>\ntransform\u00e9es, il vaut mieux le consid\u00e9rer comme un plaisir<br \/>\noccasionnel et non comme un rafra\u00eechissement quotidien.<\/p>\n<p>Pour se d\u00e9salt\u00e9rer l\u2019\u00e9t\u00e9, rien ne vaut l\u2019eau bien fra\u00eeche, les<br \/>\ninfusions glac\u00e9es maison ou m\u00eame un th\u00e9 glac\u00e9 non sucr\u00e9. Et si on<br \/>\naime vraiment le concept du bubble tea, on peut m\u00eame en pr\u00e9parer<br \/>\nune version light\u202fmaison <strong>en dosant le sucre<br \/>\nsoi<\/strong>-m\u00eame, en choisissant un lait v\u00e9g\u00e9tal non sucr\u00e9 et en<br \/>\nr\u00e9duisant les perles de tapioca. De quoi profiter du plaisir sans<br \/>\nsacrifier sa sant\u00e9 !<\/p>\n","protected":false},"excerpt":{"rendered":"Quand les temp\u00e9ratures grimpent, on r\u00eave tous de boissons rafra\u00eechissantes et originales. Depuis quelques ann\u00e9es, un nouveau chouchou&hellip;\n","protected":false},"author":2,"featured_media":258887,"comment_status":"","ping_status":"","sticky":false,"template":"","format":"standard","meta":{"footnotes":""},"categories":[10],"tags":[1011,27,72,71],"class_list":{"0":"post-258886","1":"post","2":"type-post","3":"status-publish","4":"format-standard","5":"has-post-thumbnail","7":"category-sante","8":"tag-fr","9":"tag-france","10":"tag-health","11":"tag-sante"},"share_on_mastodon":{"url":"https:\/\/pubeurope.com\/@fr\/114880142592246515","error":""},"_links":{"self":[{"href":"https:\/\/www.europesays.com\/fr\/wp-json\/wp\/v2\/posts\/258886","targetHints":{"allow":["GET"]}}],"collection":[{"href":"https:\/\/www.europesays.com\/fr\/wp-json\/wp\/v2\/posts"}],"about":[{"href":"https:\/\/www.europesays.com\/fr\/wp-json\/wp\/v2\/types\/post"}],"author":[{"embeddable":true,"href":"https:\/\/www.europesays.com\/fr\/wp-json\/wp\/v2\/users\/2"}],"replies":[{"embeddable":true,"href":"https:\/\/www.europesays.com\/fr\/wp-json\/wp\/v2\/comments?post=258886"}],"version-history":[{"count":0,"href":"https:\/\/www.europesays.com\/fr\/wp-json\/wp\/v2\/posts\/258886\/revisions"}],"wp:featuredmedia":[{"embeddable":true,"href":"https:\/\/www.europesays.com\/fr\/wp-json\/wp\/v2\/media\/258887"}],"wp:attachment":[{"href":"https:\/\/www.europesays.com\/fr\/wp-json\/wp\/v2\/media?parent=258886"}],"wp:term":[{"taxonomy":"category","embeddable":true,"href":"https:\/\/www.europesays.com\/fr\/wp-json\/wp\/v2\/categories?post=258886"},{"taxonomy":"post_tag","embeddable":true,"href":"https:\/\/www.europesays.com\/fr\/wp-json\/wp\/v2\/tags?post=258886"}],"curies":[{"name":"wp","href":"https:\/\/api.w.org\/{rel}","templated":true}]}}