{"id":258899,"date":"2025-07-19T13:36:17","date_gmt":"2025-07-19T13:36:17","guid":{"rendered":"https:\/\/www.europesays.com\/fr\/258899\/"},"modified":"2025-07-19T13:36:17","modified_gmt":"2025-07-19T13:36:17","slug":"n2-bayonne-chauray-montlouis-que-valent-les-futurs-adversaires-des-girondins","status":"publish","type":"post","link":"https:\/\/www.europesays.com\/fr\/258899\/","title":{"rendered":"N2. Bayonne, Chauray, Montlouis : que valent les futurs adversaires des Girondins ?"},"content":{"rendered":"<p><img decoding=\"async\" src=\"https:\/\/www.europesays.com\/fr\/wp-content\/uploads\/2025\/07\/671_b8598c7a6d5ab3adcafe3154f97106c1.jpg\" alt=\"N2. Bayonne, Chauray, Montlouis : que valent les futurs adversaires des Girondins ?\" class=\"img-responsive mt-3\"\/><\/p>\n<p class=\"text-center mb-3\" style=\"font-size: 14px\">\u00a9 Iconsport<\/p>\n<p style=\"text-align: justify;\">\u00c9coutez ce podcast ou lisez ses propos :<\/p>\n<p><strong>Les promus du groupe A<\/strong><\/p>\n<p style=\"text-align: justify;\"><strong>FC Montlouis :<\/strong><\/p>\n<p>\u00ab\u00a0Les promus se sont plut\u00f4t bien renforc\u00e9s afin de lutter pour le maintien cette saison. Ils ont recrut\u00e9 d\u2019anciens joueurs de Ligue 2. Montlouis a recrut\u00e9 le buteur Wail Bouhoutt, buteur reconnu, et le d\u00e9fenseur de Blois Marie-Louis qui avait bien emb\u00eat\u00e9 Andy Carroll au Stade Saint-Germaine (Blois avait gagn\u00e9 1 \u00e0 0). Montlouis a vu 3 jeunes joueurs partir au niveau au-dessus en N1 et Ligue 2.\u00a0\u00bb<\/p>\n<p style=\"text-align: justify;\"><strong>FC Chauray :<\/strong><\/p>\n<p style=\"text-align: justify;\">\u00ab\u00a0Le FC Chauray a recrut\u00e9 Killian Sanson de Bourges, J\u00e9r\u00e9my Grain des Girondins, et Saturnin Allagb\u00e9 dans les buts qui a jou\u00e9 130 matchs en Ligue 2. C&rsquo;est un recrutement int\u00e9ressant car le club a conserv\u00e9 une belle ossature avec un effectif fourni.\u00a0\u00bb<\/p>\n<p style=\"text-align: justify;\"><strong>Aviron Bayonnais :<\/strong><\/p>\n<p style=\"text-align: justify;\">\u00ab\u00a0Le troisi\u00e8me promu c&rsquo;est Bayonne. Il est au-dessus des deux premiers avec un budget plus important. Ils ont recrut\u00e9 deux joueurs qui ont d\u00e9j\u00e0 \u00e9volu\u00e9 en Ligue 2, comme Marvin de Lima \u00e0 Bordeaux, ou Pierre Bardi qui \u00e9tait capitaine de Rodez et qui revient d&rsquo;une exp\u00e9rience \u00e0 Chypre. Le gardien, Antoine Philippon arrive de National avec Concarneau. Ils ont conserv\u00e9 La\u00efd Boukari, l&rsquo;un des meilleurs buteurs de N3 (17 buts la saison derni\u00e8re). Ce club pense d\u00e9j\u00e0 \u00e0 la Ligue 3 et peut jouer les trouble-f\u00eates. Peut-\u00eatre qu&rsquo;ils ont les yeux plus gros que le ventre.\u00a0\u00bb<\/p>\n<p style=\"text-align: justify;\">Il faut aussi mentionner que la r\u00e9serve du FC Lorient a \u00e9t\u00e9 promue dans le groupe A de National 2.<\/p>\n<p>N.P<\/p>\n<p style=\"text-align: justify;\">Photo : Iconsport, Karim Fradin, Aviron Bayonnais<\/p>\n<p>\u00c0 lire &gt;&gt; <strong><a href=\"https:\/\/www.webgirondins.com\/actualite-girondins-national-2-les-adversaires-des-girondins-de-bordeaux-dans-le-groupe-a-129762\" target=\"_blank\" rel=\"noopener\">National 2 : les adversaires des Girondins de Bordeaux dans le groupe A<\/a><br \/><\/strong><\/p>\n<p>Notre podcast court mercato :<strong><br \/><\/strong><\/p>\n<p>\u00a0<\/p>\n<p>\u00a0<\/p>\n","protected":false},"excerpt":{"rendered":"\u00a9 Iconsport \u00c9coutez ce podcast ou lisez ses propos : Les promus du groupe A FC Montlouis :&hellip;\n","protected":false},"author":2,"featured_media":258900,"comment_status":"","ping_status":"","sticky":false,"template":"","format":"standard","meta":{"footnotes":""},"categories":[2],"tags":[11,8572,39906,9202,1997,22484,14078,1011,27,39907,3746,1987,2705,39903,12,3946,3725,471,5032,39905,521,39904,4568,7680],"class_list":{"0":"post-258899","1":"post","2":"type-post","3":"status-publish","4":"format-standard","5":"has-post-thumbnail","7":"category-actualites","8":"tag-actualites","9":"tag-adversaires","10":"tag-articles","11":"tag-bayonne","12":"tag-bordeaux","13":"tag-chauray","14":"tag-equipes","15":"tag-fr","16":"tag-france","17":"tag-futures","18":"tag-futurs","19":"tag-girondins","20":"tag-groupe","21":"tag-montlouis","22":"tag-news","23":"tag-nous","24":"tag-podcast","25":"tag-pour","26":"tag-presenter","27":"tag-proposons","28":"tag-serie","29":"tag-valent","30":"tag-vous","31":"tag-week"},"share_on_mastodon":{"url":"https:\/\/pubeurope.com\/@fr\/114880170140963328","error":""},"_links":{"self":[{"href":"https:\/\/www.europesays.com\/fr\/wp-json\/wp\/v2\/posts\/258899","targetHints":{"allow":["GET"]}}],"collection":[{"href":"https:\/\/www.europesays.com\/fr\/wp-json\/wp\/v2\/posts"}],"about":[{"href":"https:\/\/www.europesays.com\/fr\/wp-json\/wp\/v2\/types\/post"}],"author":[{"embeddable":true,"href":"https:\/\/www.europesays.com\/fr\/wp-json\/wp\/v2\/users\/2"}],"replies":[{"embeddable":true,"href":"https:\/\/www.europesays.com\/fr\/wp-json\/wp\/v2\/comments?post=258899"}],"version-history":[{"count":0,"href":"https:\/\/www.europesays.com\/fr\/wp-json\/wp\/v2\/posts\/258899\/revisions"}],"wp:featuredmedia":[{"embeddable":true,"href":"https:\/\/www.europesays.com\/fr\/wp-json\/wp\/v2\/media\/258900"}],"wp:attachment":[{"href":"https:\/\/www.europesays.com\/fr\/wp-json\/wp\/v2\/media?parent=258899"}],"wp:term":[{"taxonomy":"category","embeddable":true,"href":"https:\/\/www.europesays.com\/fr\/wp-json\/wp\/v2\/categories?post=258899"},{"taxonomy":"post_tag","embeddable":true,"href":"https:\/\/www.europesays.com\/fr\/wp-json\/wp\/v2\/tags?post=258899"}],"curies":[{"name":"wp","href":"https:\/\/api.w.org\/{rel}","templated":true}]}}