{"id":258905,"date":"2025-07-19T13:40:15","date_gmt":"2025-07-19T13:40:15","guid":{"rendered":"https:\/\/www.europesays.com\/fr\/258905\/"},"modified":"2025-07-19T13:40:15","modified_gmt":"2025-07-19T13:40:15","slug":"equipe-de-france-une-troisieme-selection-pour-paul-mallez-mais-pas-dexploit-pour-le-nanceien-et-les-bleus-face-aux-all-blacks","status":"publish","type":"post","link":"https:\/\/www.europesays.com\/fr\/258905\/","title":{"rendered":"\u00c9quipe de France. Une troisi\u00e8me s\u00e9lection pour Paul Mallez mais pas d\u2019exploit pour le Nanc\u00e9ien et les Bleus face aux All Blacks"},"content":{"rendered":"<p>Nouvelle-Z\u00e9lande &#8211; France<\/p>\n<p>29-19<\/p>\n<p>En t\u00eate au tableau d\u2019affichage quasiment jusqu\u2019\u00e0 l\u2019heure de jeu \u00e0 l\u2019issue d\u2019un solide premier acte, les Bleus ont cru \u00e0 l\u2019exploit lors de ce troisi\u00e8me test-match face aux All Blacks, ce samedi matin, \u00e0 Hamilton. Mais les joueurs de Fabien Galthi\u00e9, domin\u00e9s tout au long de la deuxi\u00e8me mi-temps, ont fini par c\u00e9der face aux assauts n\u00e9o-Z\u00e9landais. Avec \u00e0 la cl\u00e9 un troisi\u00e8me revers venu s\u2019ajouter \u00e0 <a href=\"https:\/\/www.estrepublicain.fr\/sport\/2025\/07\/05\/paul-mallez-coche-sa-premiere-selection-avec-un-xv-de-france-tout-proche-de-l-exploit-face-aux-all-blacks\" target=\"_blank\" rel=\"noopener\">la courte d\u00e9faite du premier match<\/a> (27-31) et \u00e0 la racl\u00e9e administr\u00e9e par les Blacks lors du deuxi\u00e8me (43-17).<\/p>\n<p>L\u2019essai inscrit par les N\u00e9o-Z\u00e9landais dans le temps additionnel de la premi\u00e8re p\u00e9riode pour revenir de 10-19 \u00e0 17-19 a fait mal aux Bleus qui n\u2019ont plus r\u00e9ussi \u00e0 rivaliser dans le jeu avec les Blacks apr\u00e8s la pause. Entr\u00e9 en jeu \u00e0 la 44e minute, Paul Mallez a commenc\u00e9 par deux actions positives face \u00e0 des \u00ab\u00a0N\u00e9o-Zed\u2019\u00a0\u00bb notamment pouss\u00e9s \u00e0 la faute sur une m\u00eal\u00e9e ferm\u00e9e.<\/p>\n<p>Mais la suite a \u00e9t\u00e9 plus compliqu\u00e9e pour <a href=\"https:\/\/www.estrepublicain.fr\/sport\/2025\/06\/18\/paul-mallez-je-ne-veux-pas-juste-me-contenter-d-etre-ici\" target=\"_blank\" rel=\"noopener\">le jeune pilier nanc\u00e9ien du Stade Toulousain<\/a> et les avants tricolores qui ont subi la puissance du pack n\u00e9o-z\u00e9landais, avec notamment deux m\u00eal\u00e9es ferm\u00e9es sanctionn\u00e9es d\u2019une p\u00e9nalit\u00e9. Deux essais inscrits aux 59e et 76e minutes ont permis aux All Blacks de prendre les commandes et de s\u2019imposer, au final, sans trembler.<\/p>\n","protected":false},"excerpt":{"rendered":"Nouvelle-Z\u00e9lande &#8211; France 29-19 En t\u00eate au tableau d\u2019affichage quasiment jusqu\u2019\u00e0 l\u2019heure de jeu \u00e0 l\u2019issue d\u2019un solide&hellip;\n","protected":false},"author":2,"featured_media":258906,"comment_status":"","ping_status":"","sticky":false,"template":"","format":"standard","meta":{"footnotes":""},"categories":[9635],"tags":[1111,11,1707,1704,1706,1705,1777,674,107,1701,1011,27,775,1702,1703,12,25,479,517,1700],"class_list":{"0":"post-258905","1":"post","2":"type-post","3":"status-publish","4":"format-standard","5":"has-post-thumbnail","7":"category-nancy","8":"tag-actu","9":"tag-actualites","10":"tag-edition-luneville","11":"tag-edition-nancy-et-agglomeration","12":"tag-edition-pont-a-mousson","13":"tag-edition-toul","14":"tag-eu","15":"tag-europe","16":"tag-fil-info","17":"tag-fil-info-sport","18":"tag-fr","19":"tag-france","20":"tag-grand-est","21":"tag-nancy","22":"tag-nancy-ville-54b","23":"tag-news","24":"tag-republique-francaise","25":"tag-rugby","26":"tag-sport","27":"tag-sport-lorrain"},"share_on_mastodon":{"url":"https:\/\/pubeurope.com\/@fr\/114880185828843092","error":""},"_links":{"self":[{"href":"https:\/\/www.europesays.com\/fr\/wp-json\/wp\/v2\/posts\/258905","targetHints":{"allow":["GET"]}}],"collection":[{"href":"https:\/\/www.europesays.com\/fr\/wp-json\/wp\/v2\/posts"}],"about":[{"href":"https:\/\/www.europesays.com\/fr\/wp-json\/wp\/v2\/types\/post"}],"author":[{"embeddable":true,"href":"https:\/\/www.europesays.com\/fr\/wp-json\/wp\/v2\/users\/2"}],"replies":[{"embeddable":true,"href":"https:\/\/www.europesays.com\/fr\/wp-json\/wp\/v2\/comments?post=258905"}],"version-history":[{"count":0,"href":"https:\/\/www.europesays.com\/fr\/wp-json\/wp\/v2\/posts\/258905\/revisions"}],"wp:featuredmedia":[{"embeddable":true,"href":"https:\/\/www.europesays.com\/fr\/wp-json\/wp\/v2\/media\/258906"}],"wp:attachment":[{"href":"https:\/\/www.europesays.com\/fr\/wp-json\/wp\/v2\/media?parent=258905"}],"wp:term":[{"taxonomy":"category","embeddable":true,"href":"https:\/\/www.europesays.com\/fr\/wp-json\/wp\/v2\/categories?post=258905"},{"taxonomy":"post_tag","embeddable":true,"href":"https:\/\/www.europesays.com\/fr\/wp-json\/wp\/v2\/tags?post=258905"}],"curies":[{"name":"wp","href":"https:\/\/api.w.org\/{rel}","templated":true}]}}