{"id":258915,"date":"2025-07-19T13:47:12","date_gmt":"2025-07-19T13:47:12","guid":{"rendered":"https:\/\/www.europesays.com\/fr\/258915\/"},"modified":"2025-07-19T13:47:12","modified_gmt":"2025-07-19T13:47:12","slug":"grenoble-et-echirolles-vont-ouvrir-une-nouvelle-cuisine-centrale","status":"publish","type":"post","link":"https:\/\/www.europesays.com\/fr\/258915\/","title":{"rendered":"Grenoble et \u00c9chirolles vont ouvrir une nouvelle cuisine centrale"},"content":{"rendered":"<p>Chaque jour, en p\u00e9riode scolaire, plus de 10\u00a0000\u00a0repas sortent de la cuisine centrale de la Ville de Grenoble. Mais la structure, install\u00e9e rue g\u00e9n\u00e9ral Mangin, est devenue sous-dimensionn\u00e9e pour produire autant de menus, destin\u00e9s aux \u00e9coliers qui mangent \u00e0 la cantine, aux cr\u00e8ches, aux centres de loisirs, aux \u00e9tablissements pour personnes \u00e2g\u00e9es, \u00e0 la restauration \u00e0 domicile et au self municipal.<\/p>\n<p>Aller vers le 100\u00a0% bio et la fin du plastique d\u2019emballage<\/p>\n<p>Dans la ville voisine d\u2019\u00c9chirolles, l\u2019\u00e9chelle n\u2019est pas la m\u00eame. Ce sont 2\u00a0500 repas qui sont produits&#8230;<\/p>\n","protected":false},"excerpt":{"rendered":"Chaque jour, en p\u00e9riode scolaire, plus de 10\u00a0000\u00a0repas sortent de la cuisine centrale de la Ville de Grenoble.&hellip;\n","protected":false},"author":2,"featured_media":258916,"comment_status":"","ping_status":"","sticky":false,"template":"","format":"standard","meta":{"footnotes":""},"categories":[9566],"tags":[1111,11,2430,130,33,112,1777,674,1011,27,2731,2732,108,12,25,104],"class_list":{"0":"post-258915","1":"post","2":"type-post","3":"status-publish","4":"format-standard","5":"has-post-thumbnail","7":"category-grenoble","8":"tag-actu","9":"tag-actualites","10":"tag-auvergne-rhone-alpes","11":"tag-consommation","12":"tag-economie","13":"tag-edition-grenoble-agglomeration","14":"tag-eu","15":"tag-europe","16":"tag-fr","17":"tag-france","18":"tag-grenoble","19":"tag-grenoble-bassin","20":"tag-isere","21":"tag-news","22":"tag-republique-francaise","23":"tag-societe"},"share_on_mastodon":{"url":"https:\/\/pubeurope.com\/@fr\/114880213455722414","error":""},"_links":{"self":[{"href":"https:\/\/www.europesays.com\/fr\/wp-json\/wp\/v2\/posts\/258915","targetHints":{"allow":["GET"]}}],"collection":[{"href":"https:\/\/www.europesays.com\/fr\/wp-json\/wp\/v2\/posts"}],"about":[{"href":"https:\/\/www.europesays.com\/fr\/wp-json\/wp\/v2\/types\/post"}],"author":[{"embeddable":true,"href":"https:\/\/www.europesays.com\/fr\/wp-json\/wp\/v2\/users\/2"}],"replies":[{"embeddable":true,"href":"https:\/\/www.europesays.com\/fr\/wp-json\/wp\/v2\/comments?post=258915"}],"version-history":[{"count":0,"href":"https:\/\/www.europesays.com\/fr\/wp-json\/wp\/v2\/posts\/258915\/revisions"}],"wp:featuredmedia":[{"embeddable":true,"href":"https:\/\/www.europesays.com\/fr\/wp-json\/wp\/v2\/media\/258916"}],"wp:attachment":[{"href":"https:\/\/www.europesays.com\/fr\/wp-json\/wp\/v2\/media?parent=258915"}],"wp:term":[{"taxonomy":"category","embeddable":true,"href":"https:\/\/www.europesays.com\/fr\/wp-json\/wp\/v2\/categories?post=258915"},{"taxonomy":"post_tag","embeddable":true,"href":"https:\/\/www.europesays.com\/fr\/wp-json\/wp\/v2\/tags?post=258915"}],"curies":[{"name":"wp","href":"https:\/\/api.w.org\/{rel}","templated":true}]}}