{"id":258919,"date":"2025-07-19T13:49:26","date_gmt":"2025-07-19T13:49:26","guid":{"rendered":"https:\/\/www.europesays.com\/fr\/258919\/"},"modified":"2025-07-19T13:49:26","modified_gmt":"2025-07-19T13:49:26","slug":"un-talus-prend-feu-12-pompiers-mobilises","status":"publish","type":"post","link":"https:\/\/www.europesays.com\/fr\/258919\/","title":{"rendered":"un talus prend feu, 12 pompiers mobilis\u00e9s"},"content":{"rendered":"<p>            Par<br \/>\n        <strong><br \/>\n            <a href=\"https:\/\/actu.fr\/auteur\/leo-gautret-actu-fr\" title=\"Consulter tous les articles de L\u00e9o Gautret\" rel=\"nofollow noopener\" target=\"_blank\">L\u00e9o Gautret<\/a><br \/>\n        <\/strong><\/p>\n<p>        Publi\u00e9 le<\/p>\n<p>            18 juil. 2025 \u00e0 17h59        <\/p>\n<p>Les <b>sapeurs-pompiers<\/b> ont \u00e9t\u00e9 alert\u00e9s <b>vers 15 h 30, <\/b>ce <b>vendredi 18 juillet 2025<\/b>, pour un<b> feu de talus<\/b>\u00a0signal\u00e9 \u00e0 <b>Pir\u00e9-Chanc\u00e9<\/b> (Ille-et-Vilaine), au bord de la <b>RD463.<\/b><\/p>\n<p class=\" wall-content\"><b>12 pompiers <\/b>sont intervenus sur place, informe le Centre op\u00e9rationnel d\u00e9partemental d\u2019incendie et de secours (Codis).<\/p>\n<p>100 m\u00e8tres br\u00fbl\u00e9s<\/p>\n<p class=\" wall-content\">Le feu s\u2019est propag\u00e9 sur <b>100 m\u00e8tres en bord de route, <\/b>en direction de Saint-Aubin-du-Pavail.<\/p>\n<p class=\" wall-content\">Le d\u00e9part de feu pourrait \u00eatre li\u00e9 \u00e0 une <b>projection d\u2019\u00e9tincelles<\/b> li\u00e9e \u00e0 un probl\u00e8me d\u2019essieu de camion.<\/p>\n<p class=\" wall-content\">L\u2019intervention s\u2019est achev\u00e9e vers 17 h 30.<\/p>\n<p>Vid\u00e9os : en ce moment sur Actu<\/p>\n<p class=\" wall-content\">Suivez toute l\u2019actualit\u00e9 de vos villes et m\u00e9dias favoris en vous inscrivant \u00e0 <a href=\"https:\/\/moncompte.actu.fr\" title=\"D\u00e9couvez Mon Actu\" rel=\"nofollow noopener\" data-trk=\"{&quot;cta&quot;:{&quot;action&quot;:&quot;https:\\\/\\\/moncompte.actu.fr&quot;,&quot;category&quot;:&quot;mon compte&quot;,&quot;from&quot;:&quot;article footer&quot;,&quot;name&quot;:&quot;Mon actu&quot;,&quot;type&quot;:&quot;cta&quot;}}\" target=\"_blank\">Mon Actu<\/a>.<\/p>\n","protected":false},"excerpt":{"rendered":"Par L\u00e9o Gautret Publi\u00e9 le 18 juil. 2025 \u00e0 17h59 Les sapeurs-pompiers ont \u00e9t\u00e9 alert\u00e9s vers 15 h&hellip;\n","protected":false},"author":2,"featured_media":258920,"comment_status":"","ping_status":"","sticky":false,"template":"","format":"standard","meta":{"footnotes":""},"categories":[2821],"tags":[1111,11,829,1777,674,118,1011,27,1310,12,584,25],"class_list":{"0":"post-258919","1":"post","2":"type-post","3":"status-publish","4":"format-standard","5":"has-post-thumbnail","7":"category-rennes","8":"tag-actu","9":"tag-actualites","10":"tag-bretagne","11":"tag-eu","12":"tag-europe","13":"tag-faits-divers","14":"tag-fr","15":"tag-france","16":"tag-incendie","17":"tag-news","18":"tag-rennes","19":"tag-republique-francaise"},"share_on_mastodon":{"url":"https:\/\/pubeurope.com\/@fr\/114880221411120748","error":""},"_links":{"self":[{"href":"https:\/\/www.europesays.com\/fr\/wp-json\/wp\/v2\/posts\/258919","targetHints":{"allow":["GET"]}}],"collection":[{"href":"https:\/\/www.europesays.com\/fr\/wp-json\/wp\/v2\/posts"}],"about":[{"href":"https:\/\/www.europesays.com\/fr\/wp-json\/wp\/v2\/types\/post"}],"author":[{"embeddable":true,"href":"https:\/\/www.europesays.com\/fr\/wp-json\/wp\/v2\/users\/2"}],"replies":[{"embeddable":true,"href":"https:\/\/www.europesays.com\/fr\/wp-json\/wp\/v2\/comments?post=258919"}],"version-history":[{"count":0,"href":"https:\/\/www.europesays.com\/fr\/wp-json\/wp\/v2\/posts\/258919\/revisions"}],"wp:featuredmedia":[{"embeddable":true,"href":"https:\/\/www.europesays.com\/fr\/wp-json\/wp\/v2\/media\/258920"}],"wp:attachment":[{"href":"https:\/\/www.europesays.com\/fr\/wp-json\/wp\/v2\/media?parent=258919"}],"wp:term":[{"taxonomy":"category","embeddable":true,"href":"https:\/\/www.europesays.com\/fr\/wp-json\/wp\/v2\/categories?post=258919"},{"taxonomy":"post_tag","embeddable":true,"href":"https:\/\/www.europesays.com\/fr\/wp-json\/wp\/v2\/tags?post=258919"}],"curies":[{"name":"wp","href":"https:\/\/api.w.org\/{rel}","templated":true}]}}