{"id":258929,"date":"2025-07-19T13:55:37","date_gmt":"2025-07-19T13:55:37","guid":{"rendered":"https:\/\/www.europesays.com\/fr\/258929\/"},"modified":"2025-07-19T13:55:37","modified_gmt":"2025-07-19T13:55:37","slug":"le-beton-netait-pas-encore-sec-un-intrus-degrade-le-chantier-de-cette-place-pres-de","status":"publish","type":"post","link":"https:\/\/www.europesays.com\/fr\/258929\/","title":{"rendered":"Le b\u00e9ton n\u2019\u00e9tait pas encore sec\u00a0: un intrus d\u00e9grade le chantier de cette place, pr\u00e8s de"},"content":{"rendered":"<p>Sur la place Simone-Veil, au c\u0153ur du bourg des Sorini\u00e8res, le nouveau b\u00e9ton avait \u00e9t\u00e9 coul\u00e9 lundi 7\u00a0juillet. Trois jours plus tard, le jeudi, <strong>\u00ab\u00a0un individu pi\u00e9ton poussant un deux-roues s\u2019est introduit sur la place, pendant la phase de s\u00e9chage, alors m\u00eame que le chantier est interdit au public et d\u00e9limit\u00e9 par des barri\u00e8res et une signal\u00e9tique\u00a0\u00bb<\/strong>, d\u00e9plore la mairie dans un communiqu\u00e9, ce jeudi 17\u00a0juillet.<\/p>\n<p>Une longue trace a ainsi \u00e9t\u00e9 creus\u00e9e <strong>\u00ab\u00a0sur une emprise de 15\u00a0m\u00b2\u00a0\u00bb<\/strong>, ce qui entra\u00eene une prolongation des travaux, avec une reprise du b\u00e9ton par l\u2019entreprise Charier pr\u00e9vue ce vendredi 18\u00a0juillet.<\/p>\n<p>La mairie en \u00ab\u00a0col\u00e8re\u00a0\u00bb<\/p>\n<p>La mairie des Sorini\u00e8res annonce qu\u2019elle va porter plainte. Les \u00e9lus soulignent <strong>\u00ab\u00a0leur col\u00e8re face \u00e0 un manque de civisme certain qui, pour la convenance d\u2019une seule personne, retarde l\u2019aboutissement d\u2019un chantier de longue haleine\u00a0\u00bb<\/strong>. L\u2019ouverture de la place, ainsi que de la rue des Lauriers \u2013 actuellement ferm\u00e9e \u00e0 la circulation \u2013 est d\u00e9sormais programm\u00e9e la semaine du 18\u00a0ao\u00fbt.<\/p>\n<p>Sur deux hectares de friche industrielle face \u00e0 la mairie, <a href=\"https:\/\/nantes.maville.com\/actu\/actudet_-avant-les-travaux-les-elus-vont-a-la-rencontre-des-habitants-du-centre-ville-des-sorinieres-_8-6323432_actu.Htm\" target=\"_self\" rel=\"nofollow noopener\">ce projet \u00ab\u00a0C\u0153ur de ville\u00a0\u00bb<\/a>, conduit par la M\u00e9tropole et la mairie, porte sur la cr\u00e9ation de 186\u00a0logements et de nouveaux commerces, en plus de cette nouvelle place qui accueillera le march\u00e9 hebdomadaire du jeudi.<\/p>\n<p>\u00a0<\/p>\n","protected":false},"excerpt":{"rendered":"Sur la place Simone-Veil, au c\u0153ur du bourg des Sorini\u00e8res, le nouveau b\u00e9ton avait \u00e9t\u00e9 coul\u00e9 lundi 7\u00a0juillet.&hellip;\n","protected":false},"author":2,"featured_media":258930,"comment_status":"","ping_status":"","sticky":false,"template":"","format":"standard","meta":{"footnotes":""},"categories":[2818],"tags":[1111,11,18296,4107,27253,1440,1777,674,1011,27,39908,766,12,2636,5536,3762,25,38548],"class_list":{"0":"post-258929","1":"post","2":"type-post","3":"status-publish","4":"format-standard","5":"has-post-thumbnail","7":"category-nantes","8":"tag-actu","9":"tag-actualites","10":"tag-beton","11":"tag-chantier","12":"tag-degrade","13":"tag-encore","14":"tag-eu","15":"tag-europe","16":"tag-fr","17":"tag-france","18":"tag-intrus","19":"tag-nantes","20":"tag-news","21":"tag-pays-de-la-loire","22":"tag-place","23":"tag-pres","24":"tag-republique-francaise","25":"tag-sec"},"share_on_mastodon":{"url":"https:\/\/pubeurope.com\/@fr\/114880244831251340","error":""},"_links":{"self":[{"href":"https:\/\/www.europesays.com\/fr\/wp-json\/wp\/v2\/posts\/258929","targetHints":{"allow":["GET"]}}],"collection":[{"href":"https:\/\/www.europesays.com\/fr\/wp-json\/wp\/v2\/posts"}],"about":[{"href":"https:\/\/www.europesays.com\/fr\/wp-json\/wp\/v2\/types\/post"}],"author":[{"embeddable":true,"href":"https:\/\/www.europesays.com\/fr\/wp-json\/wp\/v2\/users\/2"}],"replies":[{"embeddable":true,"href":"https:\/\/www.europesays.com\/fr\/wp-json\/wp\/v2\/comments?post=258929"}],"version-history":[{"count":0,"href":"https:\/\/www.europesays.com\/fr\/wp-json\/wp\/v2\/posts\/258929\/revisions"}],"wp:featuredmedia":[{"embeddable":true,"href":"https:\/\/www.europesays.com\/fr\/wp-json\/wp\/v2\/media\/258930"}],"wp:attachment":[{"href":"https:\/\/www.europesays.com\/fr\/wp-json\/wp\/v2\/media?parent=258929"}],"wp:term":[{"taxonomy":"category","embeddable":true,"href":"https:\/\/www.europesays.com\/fr\/wp-json\/wp\/v2\/categories?post=258929"},{"taxonomy":"post_tag","embeddable":true,"href":"https:\/\/www.europesays.com\/fr\/wp-json\/wp\/v2\/tags?post=258929"}],"curies":[{"name":"wp","href":"https:\/\/api.w.org\/{rel}","templated":true}]}}