{"id":258931,"date":"2025-07-19T13:56:20","date_gmt":"2025-07-19T13:56:20","guid":{"rendered":"https:\/\/www.europesays.com\/fr\/258931\/"},"modified":"2025-07-19T13:56:20","modified_gmt":"2025-07-19T13:56:20","slug":"quand-la-ville-se-devoile","status":"publish","type":"post","link":"https:\/\/www.europesays.com\/fr\/258931\/","title":{"rendered":"quand la ville se d\u00e9voile"},"content":{"rendered":"<p>      <img fetchpriority=\"high\" decoding=\"async\" class=\"mx-auto\" src=\"data:image\/svg+xml,%3Csvg%20xmlns%3D%27http%3A%2F%2Fwww.w3.org%2F2000%2Fsvg%27%20fill%3D%22%23e4e4e4%22%20viewBox%3D%270%200%20510%20340%27%20width%3D%22510%22%20height%3D%22340%22%3E%3Cpath%20d%3D%27M0%200h510v340H0z%27%2F%3E%3C%2Fsvg%3E\"  loading=\"eager\" width=\"510\" height=\"340\" data-oncrawl-image-size=\"510x340\" alt=\"\u00ab Latest Version\u00bb, une r\u00e9interpr\u00e9tation de la fontaine de la place Royale, par l\u2019artiste Willem de Haan.\"\/>      <\/p>\n<p class=\"latino-100m text-grey-600\">\n            \u00ab Latest Version\u00bb, une r\u00e9interpr\u00e9tation de la fontaine de la place Royale, par l\u2019artiste Willem de Haan.\u00a0MARTIN ARGYROGLO         <\/p>\n<p>    Lire\u00a0plus\u00a0tard  <\/p>\n<p><a aria-label=\"Nous suivre sur Google News\" href=\"https:\/\/news.google.com\/publications\/CAAqBwgKMJe4nQkw3dFs?hl=fr&amp;gl=FR&amp;ceid=FR%3Afr\" target=\"_blank\" data-piano=\"Page_Article,Sous_date_publi,Nous_suivre_sur_google_news,1er_clic,action\" class=\"btn btn--small btn--tertiary btn--icon-only\" rel=\"noopener\"><\/p>\n<p>      Google Actualit\u00e9s<br \/>\n  <\/a><\/p>\n<p>  Partager<\/p>\n<p>        Facebook<\/p>\n<p>        Bluesky<\/p>\n<p>        E-mail<\/p>\n<p>        Copier le lien<\/p>\n<p>      Envoyer<\/p>\n<p>      S\u2019abonner pour lire    <\/p>\n<p class=\"latino-500b text-grey-600\">Pour aller plus loin<\/p>\n<p class=\"node__paragraphe antonia-750r text-grey-800 pb-24 pb-md-30\">\nAvant de quitter le volant du VAN (Voyage \u00e0 Nantes), Jean Blaise, l\u2019homme qui a r\u00e9veill\u00e9 la cit\u00e9 des Ducs de Bretagne avec sa fanfare culturelle (Les Allum\u00e9es, Estuaire, le Lieu Unique\u2026), livre sa derni\u00e8re interpr\u00e9tation surr\u00e9aliste de la ville en pla\u00e7ant cette ann\u00e9e le parcours artistique urbain sous le signe de l\u2019\u00e9tranget\u00e9 (\u00ab\u00a0l\u2019Etrange \u00e9t\u00e9\u00a0\u00bb, jeu de mots). Cette \u00e9dition r\u00e9serve \u00e0 nouveau son lot de cr\u00e9ations estivales humoristiques, po\u00e9tiques ou politiques, \u00e0 l\u2019instar de ce bataillon de rangers gravissant l\u2019escalier de l\u2019Hermitage. En t\u00eate du cort\u00e8ge militaire, une paire de chaussures de clowns rouges. \u00ab\u00a0Le Bruit des bottes\u00a0\u00bb, de Romain Weintzem, \u00e9voque la mont\u00e9e de l\u2019extr\u00e9misme derri\u00e8re le grotesque de certains dirigeants. Plus loin, perch\u00e9s sur l\u2019enceinte du lyc\u00e9e Clemenceau, cinq musiciens en tenue de camouflage s\u2019appr\u00eatent, eux, \u00e0 initier une joyeuse nouba avec leurs cuivres. Avec cette \u00ab\u00a0Mauvaise Troupe\u00a0\u00bb, Romain Weintzem, encore lui, rend hommage au groupe des S\u00e2rs, cette bande d\u2019\u00e9l\u00e8ves ayant fr\u00e9quent\u00e9 l\u2019\u00e9tablissement qui, en 1913, annon\u00e7ait le mouvement surr\u00e9aliste\u00a0: r\u00e9volte contre les valeurs bourgeoises de la soci\u00e9t\u00e9, remise en question du langage\u2026<\/p>\n<p class=\"node__paragraphe antonia-750r text-grey-800 pb-8\">\nA la HAB Galerie, Gloria Friedmann nous oblige \u00e0 reconsid\u00e9rer nos modes de vies et notre attitude vis-\u00e0-vis de la nature. \u00ab\u00a0Combien de terres faut-il \u00e0 l\u2019homme\u00a0?\u00a0\u00bb interroge la sculptrice, qui place depuis longtemps le vivant au centre d\u2019une \u0153uvre fa\u00e7onn\u00e9e avec la terre de son potager bourguignon. Silhouettes humaines affubl\u00e9es de t\u00eates sph\u00e9riques volumineuses, personnages avan\u00e7ant b\u00eatement vers un entonnoir sans issue\u2026 Gloria Friedmann d\u00e9nonce \u2026<\/p>\n<p>  <img loading=\"lazy\" decoding=\"async\" class=\"floating-img\" src=\"https:\/\/www.europesays.com\/fr\/wp-content\/uploads\/2025\/07\/img-paywall@2x.png\" width=\"142\" height=\"91\" alt=\"\"\/><\/p>\n<p class=\"latino-100m text-blue-400\">Article r\u00e9serv\u00e9 aux abonn\u00e9s.<\/p>\n<p>          Se connecter<\/p>\n<p class=\"pb-16 text-center antonia-1850c\">Offre d\u2019\u00e9t\u00e9\u00a0:<br \/>1\u20ac\/mois pendant 6\u00a0mois<\/p>\n<p>\n        S&rsquo;abonner\n      <\/p>\n<p>          D\u00e9couvrir toutes nos offres<\/p>\n","protected":false},"excerpt":{"rendered":"\u00ab Latest Version\u00bb, une r\u00e9interpr\u00e9tation de la fontaine de la place Royale, par l\u2019artiste Willem de Haan.\u00a0MARTIN ARGYROGLO&hellip;\n","protected":false},"author":2,"featured_media":258932,"comment_status":"","ping_status":"","sticky":false,"template":"","format":"standard","meta":{"footnotes":""},"categories":[2818],"tags":[17,1111,11,251,851,2883,21076,1777,674,1349,1011,27,766,12,2636,25,4824,586],"class_list":{"0":"post-258931","1":"post","2":"type-post","3":"status-publish","4":"format-standard","5":"has-post-thumbnail","7":"category-nantes","8":"tag-17","9":"tag-actu","10":"tag-actualites","11":"tag-culture","12":"tag-devoile","13":"tag-ete","14":"tag-etrange","15":"tag-eu","16":"tag-europe","17":"tag-expositions","18":"tag-fr","19":"tag-france","20":"tag-nantes","21":"tag-news","22":"tag-pays-de-la-loire","23":"tag-republique-francaise","24":"tag-ville","25":"tag-voyage"},"share_on_mastodon":{"url":"https:\/\/pubeurope.com\/@fr\/114880248862492030","error":""},"_links":{"self":[{"href":"https:\/\/www.europesays.com\/fr\/wp-json\/wp\/v2\/posts\/258931","targetHints":{"allow":["GET"]}}],"collection":[{"href":"https:\/\/www.europesays.com\/fr\/wp-json\/wp\/v2\/posts"}],"about":[{"href":"https:\/\/www.europesays.com\/fr\/wp-json\/wp\/v2\/types\/post"}],"author":[{"embeddable":true,"href":"https:\/\/www.europesays.com\/fr\/wp-json\/wp\/v2\/users\/2"}],"replies":[{"embeddable":true,"href":"https:\/\/www.europesays.com\/fr\/wp-json\/wp\/v2\/comments?post=258931"}],"version-history":[{"count":0,"href":"https:\/\/www.europesays.com\/fr\/wp-json\/wp\/v2\/posts\/258931\/revisions"}],"wp:featuredmedia":[{"embeddable":true,"href":"https:\/\/www.europesays.com\/fr\/wp-json\/wp\/v2\/media\/258932"}],"wp:attachment":[{"href":"https:\/\/www.europesays.com\/fr\/wp-json\/wp\/v2\/media?parent=258931"}],"wp:term":[{"taxonomy":"category","embeddable":true,"href":"https:\/\/www.europesays.com\/fr\/wp-json\/wp\/v2\/categories?post=258931"},{"taxonomy":"post_tag","embeddable":true,"href":"https:\/\/www.europesays.com\/fr\/wp-json\/wp\/v2\/tags?post=258931"}],"curies":[{"name":"wp","href":"https:\/\/api.w.org\/{rel}","templated":true}]}}