{"id":258937,"date":"2025-07-19T13:59:11","date_gmt":"2025-07-19T13:59:11","guid":{"rendered":"https:\/\/www.europesays.com\/fr\/258937\/"},"modified":"2025-07-19T13:59:11","modified_gmt":"2025-07-19T13:59:11","slug":"les-habitants-dun-petit-village-sunissent-pour-produire-et-consommer-leur-propre-electricite-solaire","status":"publish","type":"post","link":"https:\/\/www.europesays.com\/fr\/258937\/","title":{"rendered":"Les habitants d\u2019un petit village s\u2019unissent pour produire et consommer leur propre \u00e9lectricit\u00e9 solaire"},"content":{"rendered":"<p>\n                                                                    l&rsquo;essentiel<br \/>\n                                                                Le projet photovolta\u00efque de Verniolle entre en phase active. Une communaut\u00e9 locale s\u2019organise autour d\u2019une \u00e9nergie partag\u00e9e. Quels enjeux soul\u00e8ve cette nouvelle gouvernance citoyenne de l\u2019\u00e9lectricit\u00e9\u00a0?\n                            <\/p>\n<p>Enercoop Midi-Pyr\u00e9n\u00e9es, qui g\u00e8re le projet photovolta\u00efque sur le site de l\u2019ancienne d\u00e9charge, invitait celles et ceux qui ont signal\u00e9 leur int\u00e9r\u00eat pour ce projet \u00e0 les rejoindre jeudi dernier pour \u00ab\u00a0une premi\u00e8re r\u00e9union de gouvernance autour de l\u2019op\u00e9ration d\u2019autoconsommation collective de Verniolle\u00a0\u00bb. Annie Bouby, maire, a ouvert la r\u00e9union en exprimant sa satisfaction de voir ce projet initi\u00e9 en 2021 se concr\u00e9tiser avec la mise en production dans les jours qui viennent et l\u2019int\u00e9r\u00eat port\u00e9 par certains Verniollais \u00e0 y adh\u00e9rer.<\/p>\n<p>La r\u00e9union s\u2019est articul\u00e9e autour d\u2019\u00e9changes favorisant les rencontres entre participants, leur permettant d\u2019en savoir plus sur l\u2019op\u00e9ration, d\u2019avoir des bases communes sur la d\u00e9marche et de d\u00e9cider de la suite ainsi que des actions \u00e0 mettre en \u0153uvre. Les participants ont \u00e9t\u00e9 r\u00e9partis en petits groupes de quatre ou cinq personnes pour partager ce qui leur semblait essentiel dans la d\u00e9marche\u00a0: production d\u2019\u00e9lectricit\u00e9, autoconsommation, circuit court, \u00e9conomique, communaut\u00e9 sont les termes qu\u2019ils ont s\u00e9lectionn\u00e9s.<\/p>\n<p>\u00c0 ce jour, 80 personnes ou entreprises ont fait part de leur int\u00e9r\u00eat pour ce projet de consommation d\u2019\u00e9lectricit\u00e9 produite localement, et ont re\u00e7u une estimation personnalis\u00e9e de ce que pourrait \u00eatre l\u2019\u00e9volution de leur facture d\u2019\u00e9lectricit\u00e9 en adh\u00e9rant au projet. Trente d\u2019entre eux se sont d\u2019ores et d\u00e9j\u00e0 engag\u00e9s dans la d\u00e9marche. La communaut\u00e9 \u00e9nerg\u00e9tique reste ouverte \u00e0 celles et ceux souhaitant b\u00e9n\u00e9ficier de cette initiative.<\/p>\n<p>Ces estimations sont amen\u00e9es \u00e0 fluctuer en fonction des taxes per\u00e7ues par l\u2019\u00c9tat, en particulier de l\u2019ACCISE, taxe indirecte per\u00e7ue par l\u2019\u00c9tat sur la consommation d\u2019\u00e9nergie, dont l\u2019\u00e9lectricit\u00e9 autoconsomm\u00e9e \u00e9tait exempt\u00e9e jusqu\u2019\u00e0 pr\u00e9sent.<\/p>\n<p>En fin de r\u00e9union, un groupe de cinq personnes volontaires s\u2019est constitu\u00e9 pour travailler cet automne, en gouvernance partag\u00e9e, sur une proposition de r\u00e8glement int\u00e9rieur \u00e0 destination de l\u2019ensemble des participants de l\u2019op\u00e9ration. Il permettra de d\u00e9finir, entre autres, les modalit\u00e9s de participation \u00e0 l\u2019op\u00e9ration et de r\u00e9partition de l\u2019\u00e9nergie produite localement.<\/p>\n<p>La mise en production est imminente et une inauguration est pr\u00e9vue \u00e0 la mi-septembre.<\/p>\n<p>Pour rejoindre le projet, n\u2019h\u00e9sitez pas \u00e0 contacter l\u2019\u00e9quipe d\u2019Enercoop Midi-Pyr\u00e9n\u00e9es par mail\u00a0: bonjour@elo.coop.<\/p>\n","protected":false},"excerpt":{"rendered":"l&rsquo;essentiel Le projet photovolta\u00efque de Verniolle entre en phase active. Une communaut\u00e9 locale s\u2019organise autour d\u2019une \u00e9nergie partag\u00e9e.&hellip;\n","protected":false},"author":2,"featured_media":258938,"comment_status":"","ping_status":"","sticky":false,"template":"","format":"standard","meta":{"footnotes":""},"categories":[2816],"tags":[1111,11,1777,674,1011,27,12,2680,25,2312],"class_list":{"0":"post-258937","1":"post","2":"type-post","3":"status-publish","4":"format-standard","5":"has-post-thumbnail","7":"category-toulouse","8":"tag-actu","9":"tag-actualites","10":"tag-eu","11":"tag-europe","12":"tag-fr","13":"tag-france","14":"tag-news","15":"tag-occitanie","16":"tag-republique-francaise","17":"tag-toulouse"},"share_on_mastodon":{"url":"https:\/\/pubeurope.com\/@fr\/114880260877949219","error":""},"_links":{"self":[{"href":"https:\/\/www.europesays.com\/fr\/wp-json\/wp\/v2\/posts\/258937","targetHints":{"allow":["GET"]}}],"collection":[{"href":"https:\/\/www.europesays.com\/fr\/wp-json\/wp\/v2\/posts"}],"about":[{"href":"https:\/\/www.europesays.com\/fr\/wp-json\/wp\/v2\/types\/post"}],"author":[{"embeddable":true,"href":"https:\/\/www.europesays.com\/fr\/wp-json\/wp\/v2\/users\/2"}],"replies":[{"embeddable":true,"href":"https:\/\/www.europesays.com\/fr\/wp-json\/wp\/v2\/comments?post=258937"}],"version-history":[{"count":0,"href":"https:\/\/www.europesays.com\/fr\/wp-json\/wp\/v2\/posts\/258937\/revisions"}],"wp:featuredmedia":[{"embeddable":true,"href":"https:\/\/www.europesays.com\/fr\/wp-json\/wp\/v2\/media\/258938"}],"wp:attachment":[{"href":"https:\/\/www.europesays.com\/fr\/wp-json\/wp\/v2\/media?parent=258937"}],"wp:term":[{"taxonomy":"category","embeddable":true,"href":"https:\/\/www.europesays.com\/fr\/wp-json\/wp\/v2\/categories?post=258937"},{"taxonomy":"post_tag","embeddable":true,"href":"https:\/\/www.europesays.com\/fr\/wp-json\/wp\/v2\/tags?post=258937"}],"curies":[{"name":"wp","href":"https:\/\/api.w.org\/{rel}","templated":true}]}}