{"id":258947,"date":"2025-07-19T14:06:14","date_gmt":"2025-07-19T14:06:14","guid":{"rendered":"https:\/\/www.europesays.com\/fr\/258947\/"},"modified":"2025-07-19T14:06:14","modified_gmt":"2025-07-19T14:06:14","slug":"metropole-de-lyon-un-homme-tue-par-arme-blanche-tot-samedi-matin-a-saint-fons","status":"publish","type":"post","link":"https:\/\/www.europesays.com\/fr\/258947\/","title":{"rendered":"M\u00e9tropole de Lyon. Un homme tu\u00e9 par arme blanche t\u00f4t samedi matin \u00e0 Saint-Fons"},"content":{"rendered":"<p>Un homme a \u00e9t\u00e9 tu\u00e9, ce samed 19 juillet, par arme blanche, dans la commune de Saint-Fons, limitrophe de Lyon, a appris Le Progr\u00e8s de sources concordantes.<\/p>\n<p>La victime, a priori un jeune homme, ne serait pas un r\u00e9sident de la ville, selon le maire, Christian Duch\u00eane.<\/p>\n<p>L\u2019homicide est survenu aux environs de 5 heures, rue Emile-Zola, dans le quartier de L\u2019Arsenal, \u00e9quip\u00e9 en cam\u00e9ras de vid\u00e9oprotection, d\u2019apr\u00e8s l\u2019\u00e9dile.<\/p>\n<p>Ce contenu est bloqu\u00e9 car vous n&rsquo;avez pas accept\u00e9 les cookies et autres traceurs.<\/p>\n<p>En cliquant sur \u00ab J\u2019accepte \u00bb, les cookies et autres traceurs seront d\u00e9pos\u00e9s et vous pourrez visualiser les contenus  (<a href=\"\" class=\"consentModule_policy\" target=\"_blank\" title=\"Consulter la politique de protection des donn\u00e9es du fournisseur\">plus d&rsquo;informations<\/a>).<\/p>\n<p>En cliquant sur \u00ab J\u2019accepte tous les cookies \u00bb, vous autorisez des d\u00e9p\u00f4ts de cookies et autres traceurs pour le stockage de vos donn\u00e9es sur nos sites et applications \u00e0 des fins de personnalisation et de ciblage publicitaire.<\/p>\n<p class=\"consentModule_secondaryText\">Vous gardez la possibilit\u00e9 de retirer votre consentement \u00e0 tout moment en consultant notre <a href=\"https:\/\/www.leprogres.fr\/protection-des-donnees\" target=\"_blank\" title=\"Consulter notre politique de protection des donn\u00e9es\" rel=\"noopener\">politique de protection des donn\u00e9es<\/a>. <br \/>&#13;<br \/>\n            <a href=\"https:\/\/www.leprogres.fr\/faits-divers-justice\/2025\/07\/19\/javascript:Didomi.notice.show()\" class=\"consentModule_cmp\" target=\"_blank\" rel=\"noopener\">G\u00e9rer mes choix<\/a>&#13;\n        <\/p>\n<p>&#13;<br \/>\n                        J&rsquo;accepte&#13;<br \/>\n            J&rsquo;accepte tous les cookies&#13;\n        <\/p>\n<p>  Traces de sang au sol<\/p>\n<p>Une enqu\u00eate de police est en cours. Les faits se sont produits sur la voie publique, avec des traces de sang au sol sur plusieurs dizaines de m\u00e8tres, d\u2019apr\u00e8s nos informations.<\/p>\n<p>Les forces de l\u2019ordre et les secours avaient \u00e9t\u00e9 initialement d\u00e9p\u00each\u00e9s sur les lieux pour deux victimes par arme blanche, dont une avait disparu \u00e0 leur arriv\u00e9e. L\u2019autre avait \u00e9t\u00e9 d\u00e9couverte inconsciente au sol. Le massage cardiaque prodigu\u00e9 n\u2019a pas permis de la r\u00e9animer.<\/p>\n<p>  Un pr\u00e9c\u00e9dent en novembre<\/p>\n<p>La commune de Saint-Fons avait d\u00e9j\u00e0 \u00e9t\u00e9 le th\u00e9\u00e2tre d\u2019un <a href=\"https:\/\/www.leprogres.fr\/faits-divers-justice\/2024\/11\/17\/meurtre-a-saint-fons-ce-que-l-on-sait-de-l-enquete-et-des-lieux-du-drame\" target=\"_blank\" rel=\"noopener\">homicide \u00e0 l\u2019arme blanche<\/a> , le 17\u00a0novembre. Un Alg\u00e9rien de 31 ans avait alors perdu la vie, avenue Albert-Thomas, au sud du quartier de L\u2019Arsenal.<\/p>\n","protected":false},"excerpt":{"rendered":"Un homme a \u00e9t\u00e9 tu\u00e9, ce samed 19 juillet, par arme blanche, dans la commune de Saint-Fons, limitrophe&hellip;\n","protected":false},"author":2,"featured_media":258948,"comment_status":"","ping_status":"","sticky":false,"template":"","format":"standard","meta":{"footnotes":""},"categories":[1889],"tags":[1111,11,2430,271,272,3152,1777,674,274,107,1011,27,2428,12,25,2429,12592,4407],"class_list":{"0":"post-258947","1":"post","2":"type-post","3":"status-publish","4":"format-standard","5":"has-post-thumbnail","7":"category-lyon","8":"tag-actu","9":"tag-actualites","10":"tag-auvergne-rhone-alpes","11":"tag-crime","12":"tag-delit-et-contravention","13":"tag-edition-est-lyonnais","14":"tag-eu","15":"tag-europe","16":"tag-faits-divers-justice","17":"tag-fil-info","18":"tag-fr","19":"tag-france","20":"tag-lyon","21":"tag-news","22":"tag-republique-francaise","23":"tag-rhone","24":"tag-saint-fons","25":"tag-venissieux-bassin"},"share_on_mastodon":{"url":"https:\/\/pubeurope.com\/@fr\/114880288039066747","error":""},"_links":{"self":[{"href":"https:\/\/www.europesays.com\/fr\/wp-json\/wp\/v2\/posts\/258947","targetHints":{"allow":["GET"]}}],"collection":[{"href":"https:\/\/www.europesays.com\/fr\/wp-json\/wp\/v2\/posts"}],"about":[{"href":"https:\/\/www.europesays.com\/fr\/wp-json\/wp\/v2\/types\/post"}],"author":[{"embeddable":true,"href":"https:\/\/www.europesays.com\/fr\/wp-json\/wp\/v2\/users\/2"}],"replies":[{"embeddable":true,"href":"https:\/\/www.europesays.com\/fr\/wp-json\/wp\/v2\/comments?post=258947"}],"version-history":[{"count":0,"href":"https:\/\/www.europesays.com\/fr\/wp-json\/wp\/v2\/posts\/258947\/revisions"}],"wp:featuredmedia":[{"embeddable":true,"href":"https:\/\/www.europesays.com\/fr\/wp-json\/wp\/v2\/media\/258948"}],"wp:attachment":[{"href":"https:\/\/www.europesays.com\/fr\/wp-json\/wp\/v2\/media?parent=258947"}],"wp:term":[{"taxonomy":"category","embeddable":true,"href":"https:\/\/www.europesays.com\/fr\/wp-json\/wp\/v2\/categories?post=258947"},{"taxonomy":"post_tag","embeddable":true,"href":"https:\/\/www.europesays.com\/fr\/wp-json\/wp\/v2\/tags?post=258947"}],"curies":[{"name":"wp","href":"https:\/\/api.w.org\/{rel}","templated":true}]}}