{"id":258955,"date":"2025-07-19T14:12:08","date_gmt":"2025-07-19T14:12:08","guid":{"rendered":"https:\/\/www.europesays.com\/fr\/258955\/"},"modified":"2025-07-19T14:12:08","modified_gmt":"2025-07-19T14:12:08","slug":"un-centre-durgences-pour-maux-de-tete-a-paris-bouffee-despoir-pour-les-malades","status":"publish","type":"post","link":"https:\/\/www.europesays.com\/fr\/258955\/","title":{"rendered":"un centre d\u2019urgences pour maux de t\u00eate \u00e0 Paris, bouff\u00e9e d\u2019espoir pour les malades"},"content":{"rendered":"<p data-module=\"fig-standfirst-editorial-episode\" data-context=\"@media (min-width:48em)\"><strong>REPORTAGE &#8211;\u00a0<\/strong>Le troisi\u00e8me \u00e9tage de l\u2019h\u00f4pital Lariboisi\u00e8re accueille chaque ann\u00e9e en urgence 10.000 patients qui souffrent de violents maux de t\u00eate. Gr\u00e2ce \u00e0 des protocoles sp\u00e9cifiques, ce petit centre peu connu des g\u00e9n\u00e9ralistes leur apporte un vrai soulagement.<\/p>\n<p class=\"fig-paragraph fig-paragraph--dropped\">Recroquevill\u00e9 sur sa chaise, Dinesh* grimace. R\u00e9solument mutique, le visage fig\u00e9 par\u00a0<a href=\"http:\/\/www.lefigaro.fr\/sports\/football\/ligue-europa\/ligue-europa-la-forte-migraine-de-franck-haise-causee-par-une-bonne-hypertension-arterielle-20241127\" target=\"_blank\" data-fig-type=\"NewsFlash\" rel=\"noopener\" data-gtm-custom-categorie=\"navigation\" data-gtm-custom-action=\"crossclick\" data-gtm-custom-label=\"Contextuel\" data-gtm-event=\"customEventSPE\" data-fig-domain=\"LEFIGARO\">un rictus de douleur<\/a>, le petit homme enserre d\u2019une main sa t\u00eate sur laquelle ses doigts mart\u00e8lent \u00e0 intervalle r\u00e9gulier. Une toux \u00e9touff\u00e9e rompt le silence engourdi de la salle d\u2019attente\u00a0: au bruit, Dinesh se crispe. Sa jambe tressaille, il souffle fort, agrippe le bras de la jeune fille assise \u00e0 ses c\u00f4t\u00e9s qui se l\u00e8ve et accoste \u2014 en chuchotant \u2014 la secr\u00e9taire m\u00e9dicale. \u00abMadame, excusez-moi, mais mon p\u00e8re, l\u00e0, il n\u2019est vraiment pas bien, il me dit de vous dire que son mal de t\u00eate empire, je pense qu\u2019il faut faire quelque chose&#8230;\u00bb, avise-t-elle en pointant du doigt le quinquag\u00e9naire, qui ne parle certes pas fran\u00e7ais mais s\u2019\u00e9vertue \u00e0 mimer d\u2019une main tremblante un couteau qui se plante dans son \u0153il.<\/p>\n<p class=\"fig-paragraph fig-paragraph--dropped\">Ils sont plusieurs, l\u2019air aussi vaincu que Dinesh, \u00e0 patienter ce matin dans la salle d\u2019attente du centre d\u2019urgence des c\u00e9phal\u00e9es, au troisi\u00e8me \u00e9tage de\u00a0<a href=\"http:\/\/www.lefigaro.fr\/sciences\/deces-aux-urgences-de-lariboisiere-le-parquet-demande-un-proces-pour-homicide-involontaire-20230104\" target=\"_blank\" data-fig-type=\"NewsFlash\" rel=\"noopener\" data-gtm-custom-categorie=\"navigation\" data-gtm-custom-action=\"crossclick\" data-gtm-custom-label=\"Contextuel\" data-gtm-event=\"customEventSPE\" data-fig-domain=\"LEFIGARO\">l\u2019h\u00f4pital Lariboisi\u00e8re AP-HP<\/a>, dans le 10e arrondissement de Paris. Sur quelques dizaines de m\u00e8tres carr\u00e9s tamis\u00e9s d\u2019\u00e9clairage vert, s\u2019\u00e9tend ici le seul centre de France sp\u00e9cialis\u00e9 dans le traitement des maux de t\u00eate. Peu connu des m\u00e9decins g\u00e9n\u00e9ralistes et des malades eux-m\u00eames, ce petit centre accueille chaque jour quelque 35 malades en crise, pour lesquels il constitue un formidable espoir d\u2019obtenir, enfin, un diagnostic.<\/p>\n<p>\u00abC\u00e9phal\u00e9e suicidaire\u00bb<\/p>\n","protected":false},"excerpt":{"rendered":"REPORTAGE &#8211;\u00a0Le troisi\u00e8me \u00e9tage de l\u2019h\u00f4pital Lariboisi\u00e8re accueille chaque ann\u00e9e en urgence 10.000 patients qui souffrent de violents&hellip;\n","protected":false},"author":2,"featured_media":258956,"comment_status":"","ping_status":"","sticky":false,"template":"","format":"standard","meta":{"footnotes":""},"categories":[1888],"tags":[11,15182,1777,674,1011,27,25439,12,626,25],"class_list":{"0":"post-258955","1":"post","2":"type-post","3":"status-publish","4":"format-standard","5":"has-post-thumbnail","7":"category-paris","8":"tag-actualites","9":"tag-aphp","10":"tag-eu","11":"tag-europe","12":"tag-fr","13":"tag-france","14":"tag-migraine","15":"tag-news","16":"tag-paris","17":"tag-republique-francaise"},"share_on_mastodon":{"url":"https:\/\/pubeurope.com\/@fr\/114880311814074846","error":""},"_links":{"self":[{"href":"https:\/\/www.europesays.com\/fr\/wp-json\/wp\/v2\/posts\/258955","targetHints":{"allow":["GET"]}}],"collection":[{"href":"https:\/\/www.europesays.com\/fr\/wp-json\/wp\/v2\/posts"}],"about":[{"href":"https:\/\/www.europesays.com\/fr\/wp-json\/wp\/v2\/types\/post"}],"author":[{"embeddable":true,"href":"https:\/\/www.europesays.com\/fr\/wp-json\/wp\/v2\/users\/2"}],"replies":[{"embeddable":true,"href":"https:\/\/www.europesays.com\/fr\/wp-json\/wp\/v2\/comments?post=258955"}],"version-history":[{"count":0,"href":"https:\/\/www.europesays.com\/fr\/wp-json\/wp\/v2\/posts\/258955\/revisions"}],"wp:featuredmedia":[{"embeddable":true,"href":"https:\/\/www.europesays.com\/fr\/wp-json\/wp\/v2\/media\/258956"}],"wp:attachment":[{"href":"https:\/\/www.europesays.com\/fr\/wp-json\/wp\/v2\/media?parent=258955"}],"wp:term":[{"taxonomy":"category","embeddable":true,"href":"https:\/\/www.europesays.com\/fr\/wp-json\/wp\/v2\/categories?post=258955"},{"taxonomy":"post_tag","embeddable":true,"href":"https:\/\/www.europesays.com\/fr\/wp-json\/wp\/v2\/tags?post=258955"}],"curies":[{"name":"wp","href":"https:\/\/api.w.org\/{rel}","templated":true}]}}