{"id":25896,"date":"2025-04-15T04:43:14","date_gmt":"2025-04-15T04:43:14","guid":{"rendered":"https:\/\/www.europesays.com\/fr\/25896\/"},"modified":"2025-04-15T04:43:14","modified_gmt":"2025-04-15T04:43:14","slug":"cheville-en-vrac-reconnaissance-cata-pourquoi-ferrand-prevot-a-hesite-a-prendre-le-depart","status":"publish","type":"post","link":"https:\/\/www.europesays.com\/fr\/25896\/","title":{"rendered":"Cheville en vrac, reconnaissance \u00ab\u00a0cata\u00a0\u00bb, pourquoi Ferrand-Pr\u00e9vot a h\u00e9sit\u00e9 \u00e0 prendre le d\u00e9part"},"content":{"rendered":"<p>Coup d\u2019essai, coup de ma\u00eetre, malgr\u00e9 des circonstances peu favorables. Pauline Ferrand-Pr\u00e9vot, qui disputait \u00e0 33 ans son premier Paris-Roubaix, <a href=\"https:\/\/www.20minutes.fr\/sport\/cyclisme\/4148357-20250412-paris-roubaix-pauline-ferrand-prevot-remporte-edition-feminine-premiere-francaise-sacree-epreuve\" class=\"color-ultramarine c-link\" rel=\"nofollow noopener\" target=\"_blank\">a sign\u00e9 samedi le premier succ\u00e8s<\/a> d\u2019une Fran\u00e7aise dans la Reine des classiques, signant son grand retour sur la route. Et quel succ\u00e8s\u00a0!<\/p>\n<p>Malade les deux jours pr\u00e9c\u00e9dents la course, victime d\u2019une chute \u00e0 53 kilom\u00e8tres la ligne la contraignant \u00e0 une longue course-poursuite, la R\u00e9moise a dompt\u00e9 les pav\u00e9s autant qu\u2019elle a d\u00e9go\u00fbt\u00e9 la concurrence, \u00e0 commencer par la favorite Lotte Kopecky.<\/p>\n<p>A 33 ans, de retour sur la route cette saison apr\u00e8s une parenth\u00e8se de sept ans consacr\u00e9e au VTT, \u00ab\u00a0PFP\u00a0\u00bb peut se f\u00e9liciter de ce choix de revenir sur le bitume dans l\u2019optique d\u2019une victoire sur le Tour de France \u00ab\u00a0dans les deux ou trois saisons \u00e0 venir\u00a0\u00bb.<\/p>\n<p>Une victoire malgr\u00e9 une grosse infection \u00e0 la cheville<\/p>\n<p>\u00ab\u00a0Gagner Roubaix\u2026 Je suis super heureuse mais je ne r\u00e9alise pas, c\u2019est peut-\u00eatre ma plus belle victoire\u00a0\u00bb a r\u00e9agi Ferrand-Pr\u00e9vot, incr\u00e9dule quelques minutes apr\u00e8s son exploit. Il faut dire que jusqu\u2019au dernier moment, la m\u00e9daill\u00e9e d\u2019or des JO de Paris en VTT, a dout\u00e9 de ses capacit\u00e9s \u00e0 ne serait-ce qu\u2019\u00e0 <a href=\"https:\/\/www.leparisien.fr\/sports\/cyclisme\/paris-roubaix\/antibiotiques-saison-3-ferrand-prevot-publie-une-photo-de-sa-cheville-infectee-qui-a-failli-tout-gacher-13-04-2025-YPLWMETTZFC6TKGXREKAGK3RDU.php\" target=\"_blank\" class=\"color-ultramarine c-link\" rel=\"nofollow noopener\">prendre le d\u00e9part de la course<\/a>.<\/p>\n<p>\u00ab\u00a0On avait fait une premi\u00e8re reconnaissance des pav\u00e9s mercredi, les filles allaient si vite qu\u2019elles me l\u00e2chaient presque. Ce matin, je n\u2019\u00e9tais pas encore s\u00fbre de prendre le d\u00e9part. Mais je me suis dit que j\u2019allais faire de mon mieux pour aider (sa co\u00e9quipi\u00e8re n\u00e9erlandaise) Marianne Vos \u00e0 s\u2019imposer\u00a0\u00bb, a-t-elle racont\u00e9, le visage noirci par la poussi\u00e8re, avant quelques heures plus tard, de montrer l\u2019\u00e9tat de sa cheville sur Instagram.<\/p>\n<p>Victime d\u2019une chute sur les chemins blancs de la Toscane, PFP doit lutter depuis avec une cheville infect\u00e9e et une mall\u00e9ole particuli\u00e8rement touch\u00e9e, comme on peut le voir <a href=\"https:\/\/www.instagram.com\/p\/DIXapoctThz\/?hl=fr&amp;img_index=10\" target=\"_blank\" class=\"color-ultramarine c-link\" rel=\"nofollow noopener\">sur une photo publi\u00e9e sur le compte de la championne.<\/a><\/p>\n<p>\u00ab\u00a0Beau travail de mon \u00e9quipe, qui a pris soin de moi ces derniers jours o\u00f9 je me sentais, luttant (encore cinq semaines apr\u00e8s ma chute sur les Strade Bianche) contre une blessure infect\u00e9e \u00e0 la cheville (photo 10 si vous \u00eates curieux de voir comment de si petites choses peuvent presque tout g\u00e2cher). Let\u2019s go r\u00e9cup\u00e9rer et soigner cette plaie (antibiotiques saison 3\u2026) pour \u00eatre pr\u00eate pour de nouvelles aventures\u00a0\u00bb.<\/p>\n<p><script async src=\"\/\/www.instagram.com\/embed.js\"><\/script><\/p>\n","protected":false},"excerpt":{"rendered":"Coup d\u2019essai, coup de ma\u00eetre, malgr\u00e9 des circonstances peu favorables. Pauline Ferrand-Pr\u00e9vot, qui disputait \u00e0 33 ans son&hellip;\n","protected":false},"author":2,"featured_media":25897,"comment_status":"","ping_status":"","sticky":false,"template":"","format":"standard","meta":{"footnotes":""},"categories":[2],"tags":[11,207,1011,27,7941,12,1656,8011,25,517,8012],"class_list":{"0":"post-25896","1":"post","2":"type-post","3":"status-publish","4":"format-standard","5":"has-post-thumbnail","7":"category-actualites","8":"tag-actualites","9":"tag-cyclisme","10":"tag-fr","11":"tag-france","12":"tag-jo-paris-2024","13":"tag-news","14":"tag-paris-roubaix","15":"tag-pauline-ferrand-prevot","16":"tag-republique-francaise","17":"tag-sport","18":"tag-vtt"},"share_on_mastodon":{"url":"https:\/\/pubeurope.com\/@fr\/114340154788870721","error":""},"_links":{"self":[{"href":"https:\/\/www.europesays.com\/fr\/wp-json\/wp\/v2\/posts\/25896","targetHints":{"allow":["GET"]}}],"collection":[{"href":"https:\/\/www.europesays.com\/fr\/wp-json\/wp\/v2\/posts"}],"about":[{"href":"https:\/\/www.europesays.com\/fr\/wp-json\/wp\/v2\/types\/post"}],"author":[{"embeddable":true,"href":"https:\/\/www.europesays.com\/fr\/wp-json\/wp\/v2\/users\/2"}],"replies":[{"embeddable":true,"href":"https:\/\/www.europesays.com\/fr\/wp-json\/wp\/v2\/comments?post=25896"}],"version-history":[{"count":0,"href":"https:\/\/www.europesays.com\/fr\/wp-json\/wp\/v2\/posts\/25896\/revisions"}],"wp:featuredmedia":[{"embeddable":true,"href":"https:\/\/www.europesays.com\/fr\/wp-json\/wp\/v2\/media\/25897"}],"wp:attachment":[{"href":"https:\/\/www.europesays.com\/fr\/wp-json\/wp\/v2\/media?parent=25896"}],"wp:term":[{"taxonomy":"category","embeddable":true,"href":"https:\/\/www.europesays.com\/fr\/wp-json\/wp\/v2\/categories?post=25896"},{"taxonomy":"post_tag","embeddable":true,"href":"https:\/\/www.europesays.com\/fr\/wp-json\/wp\/v2\/tags?post=25896"}],"curies":[{"name":"wp","href":"https:\/\/api.w.org\/{rel}","templated":true}]}}