{"id":258965,"date":"2025-07-19T14:17:10","date_gmt":"2025-07-19T14:17:10","guid":{"rendered":"https:\/\/www.europesays.com\/fr\/258965\/"},"modified":"2025-07-19T14:17:10","modified_gmt":"2025-07-19T14:17:10","slug":"lallemagne-fait-une-entree-fracassante-sur-le-marche-a-500-milliards-deuros-des-semi-conducteurs-avec-un-metal-qui-nexiste-pas","status":"publish","type":"post","link":"https:\/\/www.europesays.com\/fr\/258965\/","title":{"rendered":"L&rsquo;Allemagne fait une entr\u00e9e fracassante sur le march\u00e9 \u00e0 500 milliards d&rsquo;euros des semi-conducteurs avec un \u00ab\u00a0m\u00e9tal qui n&rsquo;existe pas\u00a0\u00bb"},"content":{"rendered":"<p><strong>Une id\u00e9e simple, une prouesse atomique pour l\u2019Allemagne.<\/strong><\/p>\n<p>Ils ont os\u00e9 m\u00e9langer quatre \u00e9l\u00e9ments qui, jusque-l\u00e0, refusaient de cohabiter. Carbone, silicium, germanium, \u00e9tain. Quatre membres de la m\u00eame famille chimique, les fameux \u00e9l\u00e9ments du groupe IV du tableau p\u00e9riodique, r\u00e9unis dans un seul et m\u00eame alliage. Un mat\u00e9riau qui n\u2019existait tout simplement pas jusqu\u2019\u00e0 aujourd\u2019hui.<br \/>C\u2019est le fruit du travail de chercheurs allemands du Forschungszentrum J\u00fclich et de l\u2019Institut Leibniz pour la micro\u00e9lectronique. Leur but ? Cr\u00e9er une mati\u00e8re capable de r\u00e9concilier l\u2019\u00e9lectronique classique avec les promesses du quantique. Et le plus fou dans tout \u00e7a, c\u2019est qu\u2019ils y sont arriv\u00e9s sans changer les machines qu\u2019on utilise d\u00e9j\u00e0 dans l\u2019industrie des puces \u00e9lectroniques.<\/p>\n<p>Lire aussi :<\/p>\n<p>Le silicium, ce roi vieillissant qui pourrait faire alliance avec d\u2019autres \u00e9l\u00e9ments<\/p>\n<p>Depuis des d\u00e9cennies, le silicium r\u00e8gne sur l\u2019univers des semi-conducteurs. Nos ordinateurs, nos smartphones, nos voitures connect\u00e9es : tout repose sur lui. Mais d\u00e8s qu\u2019on tente d\u2019y glisser un peu de photonique ou de technologies quantiques, \u00e7a coince. Trop rigide, pas assez mall\u00e9able au niveau de ses propri\u00e9t\u00e9s optiques.<br \/>Alors les chercheurs ont tent\u00e9 autre chose. Ils ont rajout\u00e9 du germanium et de l\u2019\u00e9tain. Et maintenant, ils y ont ajout\u00e9 un invit\u00e9 surprise : le carbone. Probl\u00e8me, son atome est tout petit, impr\u00e9visible, il se lie facilement mais ne fait pas bon m\u00e9nage avec les gros comme l\u2019\u00e9tain. C\u2019\u00e9tait un peu comme faire cohabiter un sumo, un gymnaste et un danseur \u00e9toile dans une bo\u00eete \u00e0 chaussures.<\/p>\n<blockquote class=\"wp-embedded-content\" data-secret=\"4camxgIGYi\">\n<p><a href=\"https:\/\/media24.fr\/2025\/07\/15\/ce-geant-francais-prend-une-decision-lourde-de-sens-attaquer-le-marche-des-start-ups-suedois-pour-muscler-sa-rd-dans-le-secteur-numerique\/\" target=\"_blank\" rel=\"noopener\">Ce g\u00e9ant fran\u00e7ais des nouvelles technologies prend une d\u00e9cision lourde de sens : attaquer le march\u00e9 des start-ups en Su\u00e8de pour booster son innovation<\/a><\/p>\n<\/blockquote>\n<p>Un peu de chaleur et beaucoup de finesse<\/p>\n<p>Comment ont-ils r\u00e9ussi \u00e0 faire tenir tout ce monde ensemble ? Avec un proc\u00e9d\u00e9 d\u00e9j\u00e0 utilis\u00e9 dans l\u2019industrie : la d\u00e9position chimique en phase vapeur (CVD). Imaginez un four o\u00f9 l\u2019on d\u00e9pose, atome par atome, des couches de mati\u00e8re sur une galette de silicium ultra-pure, appel\u00e9e wafer. Le secret, c\u2019est d\u2019y aller lentement, de contr\u00f4ler chaque temp\u00e9rature, chaque liaison chimique, pour que la structure cristalline ne se fissure pas.<br \/>R\u00e9sultat : un mat\u00e9riau lisse, uniforme, stable, comme s\u2019il avait toujours exist\u00e9. Et \u00e0 l\u2019\u0153il nu, le wafer final ressemble trait pour trait \u00e0 un wafer classique. Sauf qu\u2019il est capable d\u2019exploiter la lumi\u00e8re comme jamais.<\/p>\n<p>Une LED quantique, en plein jour<\/p>\n<p>Pour prouver que leur alliage n\u2019\u00e9tait pas juste un caprice de laboratoire, les chercheurs ont fabriqu\u00e9 une LED fonctionnelle, \u00e0 partir de ce mat\u00e9riau, bas\u00e9e sur une structure en puits quantique. Autrement dit, une diode \u00e9lectroluminescente capable d\u2019\u00e9mettre de la lumi\u00e8re\u2026 \u00e0 temp\u00e9rature ambiante. Pas besoin de refroidisseur \u00e0 -273 \u00b0C, pas besoin d\u2019environnement cryog\u00e9nique.<br \/>Ce n\u2019est pas juste une lumi\u00e8re qui clignote. C\u2019est une preuve que le mat\u00e9riau est capable de traiter l\u2019information quantique, en ma\u00eetrisant des ph\u00e9nom\u00e8nes ultrafins dans la mati\u00e8re. Une premi\u00e8re mondiale, et un tremplin vers les futures puces hybrides, qui m\u00e9langeront \u00e9lectrons et photons comme on m\u00e9lange des ingr\u00e9dients dans une recette de cuisine.<\/p>\n<p>Des applications qui d\u00e9passent l\u2019imagination<\/p>\n<p>On parle souvent de r\u00e9volution quantique, de promesses folles, de supercalculateurs. Ce mat\u00e9riau-l\u00e0 pourrait bien \u00eatre la charni\u00e8re qui rend tout \u00e7a possible. Des lasers embarqu\u00e9s sur une puce, des capteurs thermiques dans un v\u00eatement, des ordinateurs qui traitent des donn\u00e9es avec la vitesse de la lumi\u00e8re\u2026 Ce n\u2019est plus de la science-fiction.<br \/>Et surtout, pas besoin de reconstruire les usines. Le mat\u00e9riau est compatible avec les lignes de production d\u00e9j\u00e0 en place. C\u2019est comme d\u00e9couvrir un nouveau carburant\u2026 qui marche dans votre voiture actuelle, sans changer le moteur.<\/p>\n<p>Un mat\u00e9riau pour l\u2019avenir, n\u00e9 dans le pr\u00e9sent<\/p>\n<p>Il aura fallu des ann\u00e9es, des calculs, des paris risqu\u00e9s sur le comportement de l\u2019atome, pour que ce mat\u00e9riau voie le jour. L\u2019\u00e9quipe de chercheurs, guid\u00e9e entre autres par Dan Buca et Giovanni Capellini, a franchi une fronti\u00e8re invisible : celle entre le possible th\u00e9orique et le r\u00e9alisable industriel.<br \/>Et pour une fois, ce n\u2019est pas une startup de la Silicon Valley qui s\u2019en vante. C\u2019est une \u00e9quipe europ\u00e9enne, qui montre que la course au quantique se joue aussi sur le Vieux Continent. Le carbone, le silicium, le germanium et l\u2019\u00e9tain ne se supportaient pas. Aujourd\u2019hui, ils travaillent ensemble. Et \u00e7a change tout.<\/p>\n<blockquote class=\"wp-embedded-content\" data-secret=\"0gV3nYW9Jk\">\n<p><a href=\"https:\/\/media24.fr\/2025\/06\/06\/et-si-la-france-abandonnait-la-course-aux-semi-conducteurs-pour-fournir-plutot-les-3-gaz-indispensables-a-leur-production-comme-le-fait-air-liquide-a-singapour\/\" target=\"_blank\" rel=\"noopener\">Et si la France abandonnait la course aux semi-conducteurs pour fournir plut\u00f4t les 3 gaz indispensables \u00e0 leur production comme le fait Air Liquide \u00e0 Singapour ?<\/a><\/p>\n<\/blockquote>\n<p>Un march\u00e9 gigantesque \u00e0 la cl\u00e9 et un retour en force de l\u2019Europe<\/p>\n<p>C\u2019est un march\u00e9 qui ne dort jamais. Chaque seconde, quelque part dans le monde, un composant \u00e9lectronique se vend, se grave ou se soude sur une carte-m\u00e8re. Le march\u00e9 des semi-conducteurs repr\u00e9sente aujourd\u2019hui plus de 500 milliards d\u2019euros par an, et il est domin\u00e9 sans partage par l\u2019Asie et les \u00c9tats-Unis. Ta\u00efwan, gr\u00e2ce \u00e0 TSMC, d\u00e9tient \u00e0 elle seule environ 26 % de ce march\u00e9, suivie par la Cor\u00e9e du Sud (Samsung) avec 19 %, et les \u00c9tats-Unis (Intel, Nvidia, Qualcomm) qui cumulent pr\u00e8s de 20 %. \u00c0 c\u00f4t\u00e9, l\u2019Europe ne p\u00e8se qu\u2019environ 9 %, malgr\u00e9 une expertise historique en R&amp;D et en \u00e9quipements (ASML, STMicroelectronics).<\/p>\n<p>Ce retard est strat\u00e9gique. Il rend l\u2019Union europ\u00e9enne vuln\u00e9rable, notamment dans l\u2019automobile, la d\u00e9fense ou les t\u00e9l\u00e9communications, o\u00f9 une p\u00e9nurie de puces peut paralyser une industrie enti\u00e8re.<\/p>\n<p>Mais l\u2019arriv\u00e9e d\u2019un nouveau mat\u00e9riau comme le CSiGeSn d\u00e9velopp\u00e9 en Allemagne pourrait changer la donne. Ce compos\u00e9 innovant, compatible avec les proc\u00e9d\u00e9s industriels existants, permet d\u2019int\u00e9grer des fonctions optiques et quantiques sur une m\u00eame puce, chose que le silicium ne permettait pas. C\u2019est un raccourci inattendu, un coup de th\u00e9\u00e2tre technologique. L\u2019Europe, sans rattraper imm\u00e9diatement les nanom\u00e8tres asiatiques, pourrait reprendre la main sur la prochaine g\u00e9n\u00e9ration de puces, plus intelligentes, plus hybrides, et taill\u00e9es pour les enjeux \u00e0 venir.<\/p>\n<p>Sources :<\/p>\n<p><strong>Etude :<\/strong><\/p>\n<p>Adaptive Epitaxy of C-Si-Ge-Sn: Customizable Bulk and Quantum Structures<\/p>\n<p>Omar Concepci\u00f3n, Ambrishkumar J. Devaiya, Marvin H. Zoellner, Markus A. Schubert, Florian B\u00e4rwolf, Lukas Seidel, Vincent Reboud, Andreas T. Tiedemann, Jin-Hee Bae, Alexei Tchelnokov, Qing-Tai Zhao, Christopher A. Broderick, Michael Oehme, Giovanni Capellini, Detlev Gr\u00fctzmacher, Dan Buca<br \/>Publi\u00e9 le 11 juin 2025<\/p>\n<p>https:\/\/doi.org\/10.1002\/adma.202506919<\/p>\n<p><strong>Chiffres march\u00e9 des semi-conducteurs :<\/strong><\/p>\n<ul>\n<li>https:\/\/www.statista.com\/statistics\/266973\/global-semiconductor-industry-revenue-since-1987<\/li>\n<\/ul>\n<p>Image : la plaquette rev\u00eatue ne se distingue pas optiquement d\u2019une plaquette traditionnelle. Copyright : Forschungszentrum J\u00fclich \/ Jen\u00f6 Gellinek<\/p>\n","protected":false},"excerpt":{"rendered":"Une id\u00e9e simple, une prouesse atomique pour l\u2019Allemagne. Ils ont os\u00e9 m\u00e9langer quatre \u00e9l\u00e9ments qui, jusque-l\u00e0, refusaient de&hellip;\n","protected":false},"author":2,"featured_media":258966,"comment_status":"","ping_status":"","sticky":false,"template":"","format":"standard","meta":{"footnotes":""},"categories":[1587],"tags":[11,672,1804,1805,1803,1777,674,1801,1892,12,1802,43],"class_list":{"0":"post-258965","1":"post","2":"type-post","3":"status-publish","4":"format-standard","5":"has-post-thumbnail","7":"category-allemagne","8":"tag-actualites","9":"tag-allemagne","10":"tag-bundesrepublik-deutschland","11":"tag-de","12":"tag-deutschland","13":"tag-eu","14":"tag-europe","15":"tag-germany","16":"tag-gu00e9opolitique","17":"tag-news","18":"tag-republique-federale-dallemagne","19":"tag-science"},"share_on_mastodon":{"url":"https:\/\/pubeurope.com\/@fr\/114880331357341888","error":""},"_links":{"self":[{"href":"https:\/\/www.europesays.com\/fr\/wp-json\/wp\/v2\/posts\/258965","targetHints":{"allow":["GET"]}}],"collection":[{"href":"https:\/\/www.europesays.com\/fr\/wp-json\/wp\/v2\/posts"}],"about":[{"href":"https:\/\/www.europesays.com\/fr\/wp-json\/wp\/v2\/types\/post"}],"author":[{"embeddable":true,"href":"https:\/\/www.europesays.com\/fr\/wp-json\/wp\/v2\/users\/2"}],"replies":[{"embeddable":true,"href":"https:\/\/www.europesays.com\/fr\/wp-json\/wp\/v2\/comments?post=258965"}],"version-history":[{"count":0,"href":"https:\/\/www.europesays.com\/fr\/wp-json\/wp\/v2\/posts\/258965\/revisions"}],"wp:featuredmedia":[{"embeddable":true,"href":"https:\/\/www.europesays.com\/fr\/wp-json\/wp\/v2\/media\/258966"}],"wp:attachment":[{"href":"https:\/\/www.europesays.com\/fr\/wp-json\/wp\/v2\/media?parent=258965"}],"wp:term":[{"taxonomy":"category","embeddable":true,"href":"https:\/\/www.europesays.com\/fr\/wp-json\/wp\/v2\/categories?post=258965"},{"taxonomy":"post_tag","embeddable":true,"href":"https:\/\/www.europesays.com\/fr\/wp-json\/wp\/v2\/tags?post=258965"}],"curies":[{"name":"wp","href":"https:\/\/api.w.org\/{rel}","templated":true}]}}