{"id":258967,"date":"2025-07-19T14:18:15","date_gmt":"2025-07-19T14:18:15","guid":{"rendered":"https:\/\/www.europesays.com\/fr\/258967\/"},"modified":"2025-07-19T14:18:15","modified_gmt":"2025-07-19T14:18:15","slug":"cette-ville-portugaise-ignoree-est-le-tresor-cache-de-leurope","status":"publish","type":"post","link":"https:\/\/www.europesays.com\/fr\/258967\/","title":{"rendered":"cette ville portugaise ignor\u00e9e est le \u00ab\u00a0tr\u00e9sor cach\u00e9\u00a0\u00bb de l\u2019Europe"},"content":{"rendered":"<p>Ei si vous faisiez diff\u00e9remment cet \u00e9t\u00e9 en faisant un pas de c\u00f4t\u00e9 ? Alors que certains lieux \u00e9touffent face au tourisme de masse, la plateforme de location de vacances HomeToGo d\u00e9voile les endroits les plus sous-estim\u00e9s d\u2019Europe, ces destinations qui valent le d\u00e9tour mais o\u00f9 personne ne s\u2019arr\u00eate jamais. En prenant en consid\u00e9ration le volume de recherches, le prix des locations de vacances, la qualit\u00e9 des paysages, la gastronomie et la m\u00e9t\u00e9o, <a data-i13n=\"cpos:1;pos:1\" href=\"https:\/\/www.hometogo.com\/europe\/#hidden-gem-index\" rel=\"nofollow noopener\" target=\"_blank\" data-ylk=\"slk:HomeToGo;cpos:1;pos:1;elm:context_link;itc:0;sec:content-canvas\" class=\"link \">HomeToGo<\/a> a r\u00e9alis\u00e9 un classement des meilleurs contr\u00e9es hors des sentiers battus en Europe pour les vacances.<\/p>\n<p><strong>1 &#8211; Tomar (Portugal)<\/strong><\/p>\n<p>Pour \u00e9chapper \u00e0 la foule cet \u00e9t\u00e9, la ville de Tomar a \u00e9t\u00e9 \u00e9lue plus beau tr\u00e9sor cach\u00e9 du vieux continent. \u00c0 mi-chemin entre Porto et Lisbonne, cette charmante ville du centre du Portugal est id\u00e9ale pour les amateurs d\u2019histoire. Fond\u00e9e par les Templiers au XIIe si\u00e8cle, elle m\u00e9rite le d\u00e9tour gr\u00e2ce \u00e0 son splendide Couvent de l&rsquo;Ordre du Christ, inscrit au patrimoine de l\u2019UNESCO. Dans le classement d\u00e9voil\u00e9 par HomeToGo, la ville affiche la note parfaite de 10 sur 10 pour son potentiel et la note de 9,43 sur le crit\u00e8re de la notori\u00e9t\u00e9 discr\u00e8te.<\/p>\n<p><strong>2 &#8211; Brisighella (Italie)<\/strong><\/p>\n<p>Le petit village de Brisighella dans la r\u00e9gion d\u2019\u00c9milie-Romagne occupe la deuxi\u00e8me place du classement des tr\u00e9sors cach\u00e9s d&rsquo;Europe pour les vacances d\u2019\u00e9t\u00e9. \u00c0 environ 80 kilom\u00e8tres de Bologne, cette p\u00e9pite italienne souvent oubli\u00e9e par les voyageurs brille par son bourg m\u00e9di\u00e9val, l\u2019un des plus beaux d\u2019Italie. Il suffit de se perdre dans ses rues escarp\u00e9es, de parcourir les sentiers \u00e0 flanc de colline et de pousser les portes de l\u2019un des restaurants pour comprendre pourquoi ce village m\u00e9rite le d\u00e9placement.<\/p>\n<p><img decoding=\"async\" class=\"caas-img caas-lazy has-preview\" alt=\"Brisighella (Cr\u00e9dit : Getty Images)\" src=\"https:\/\/www.europesays.com\/fr\/wp-content\/uploads\/2025\/07\/9f25afd0-63ab-11f0-b737-b2cf44b6d74c.jpeg\"\/><\/p>\n<p>Brisighella (Cr\u00e9dit : Getty Images)<\/p>\n<p><strong>3 &#8211; Nauplie (Gr\u00e8ce)<\/strong><\/p>\n<p>Quand on parle vacances en Gr\u00e8ce, Ath\u00e8nes, Santorin, Mykonos, Rhodes ou encore Corfou sont r\u00e9guli\u00e8rement cit\u00e9s. Mais avez-vous d\u00e9j\u00e0 entendu parler de Nauplie ? Lov\u00e9e dans le golfe Argolique \u00e0 l&rsquo;est du P\u00e9loponn\u00e8se, elle est une destination originale \u00e0 2h d\u2019Ath\u00e8nes. Si vous aimez manger, Nauplie obtient le score presque parfait de 9,82 sur le crit\u00e8re de la gastronomie.<\/p>\n<p><img decoding=\"async\" class=\"caas-img caas-lazy has-preview\" alt=\"Nauplie (Cr\u00e9dit : Getty Images)\" src=\"https:\/\/www.europesays.com\/fr\/wp-content\/uploads\/2025\/07\/dc2fc140-63ab-11f0-bed3-7db91494f19c.jpeg\"\/><\/p>\n<p>Nauplie (Cr\u00e9dit : Getty Images)<\/p>\n<p><strong>4 &#8211; Puy-l\u2019\u00c9v\u00eaque (France)<\/strong><\/p>\n<p>Cocorico, un tr\u00e9sor cach\u00e9 de l\u2019Europe se trouve en France. Site incontournable du Lot, le village perch\u00e9 de Puy-l\u2019\u00c9v\u00eaque est une bonne surprise pour ceux qui font l\u2019effort de s\u2019y attarder. M\u00eame en haute saison, les touristes se font rares. \u00ab\u00a0Perch\u00e9e sur un promontoire dominant la vall\u00e9e du Lot, la cit\u00e9 m\u00e9di\u00e9vale de Puy-l\u2019\u00c9v\u00eaque impose son \u00e9l\u00e9gante silhouette depuis le XIIIe\u1d49 si\u00e8cle\u00a0\u00bb, compl\u00e8te<a data-i13n=\"cpos:2;pos:1\" href=\"https:\/\/www.ladepeche.fr\/2025\/06\/30\/puy-leveque-sentinelle-du-lot-12795624.php\" rel=\"nofollow noopener\" target=\"_blank\" data-ylk=\"slk:La D\u00e9p\u00eache du Midi;cpos:2;pos:1;elm:context_link;itc:0;sec:content-canvas\" class=\"link \"> La D\u00e9p\u00eache du Midi<\/a>. Et de pr\u00e9ciser : \u00ab\u00a0Ancienne possession de l\u2019\u00e9v\u00each\u00e9 de Cahors, dont elle tire son nom, elle fut l\u2019un des ports fluviaux les plus actifs du Lot jusqu\u2019\u00e0 la fin du XIXe\u1d49 si\u00e8cle\u00a0\u00bb.<\/p>\n<p><img decoding=\"async\" class=\"caas-img caas-lazy has-preview\" alt=\"Puy-l\u2019\u00c9v\u00eaque (Cr\u00e9dit : Fran\u00c3\u00a7ois DUCASSE\/Gamma-Rapho via Getty Images)\" src=\"https:\/\/www.europesays.com\/fr\/wp-content\/uploads\/2025\/07\/09b27360-63ac-11f0-bfbb-2698ebb0994f.jpeg\"\/><\/p>\n<p>Puy-l\u2019\u00c9v\u00eaque (Cr\u00e9dit : Fran\u00c3\u00a7ois DUCASSE\/Gamma-Rapho via Getty Images)<\/p>\n<p><strong>5 &#8211; Bremm (Allemagne)<\/strong><\/p>\n<p>Avec son score quasi-parfait de 9,98 dans la cat\u00e9gorie \u00ab\u00a0sous le radar\u00a0\u00bb, Bremm annonce la couleur : ce petit coin d\u2019Allemagne gagne \u00e0 \u00eatre connu. Le village viticole, au pied des vignobles les plus pentus d\u2019Europe, le Calmont, est facilement accessible depuis la France (2h30 de voiture depuis Metz). Ses sentiers de randonn\u00e9e avec des passages en via ferrata, sa vue imprenable sur les m\u00e9andres de la Moselle, ses maisons \u00e0 colombages et ses nombreuses caves raviront les amateurs de nature et de vin.<\/p>\n<p><img decoding=\"async\" class=\"caas-img caas-lazy has-preview\" alt=\"Bremm (Cr\u00e9dit : Getty Images)\" src=\"https:\/\/www.europesays.com\/fr\/wp-content\/uploads\/2025\/07\/698dc9b0-63ac-11f0-bb7d-39bb36235577.jpeg\"\/><\/p>\n<p>Bremm (Cr\u00e9dit : Getty Images)<\/p>\n<p>Dans le reste du top 10, on trouve aussi <strong>Beynac-et-Cazenac<\/strong>, l\u2019un des plus villages de France au coeur du P\u00e9rigord Noir, la commune espagnole de <strong>Valdovi\u00f1o<\/strong> connue pour ses plages, <strong>Sibiu<\/strong>, la captivante ville de Transylvanie, en Roumanie, le village pittoresque des Gorges de l\u2019Ard\u00e8che <strong>Labeaume<\/strong> et enfin la charmante ville de <strong>Beaumaris<\/strong>, situ\u00e9e sur l&rsquo;\u00eele galloise d\u2019Anglesey.<\/p>\n","protected":false},"excerpt":{"rendered":"Ei si vous faisiez diff\u00e9remment cet \u00e9t\u00e9 en faisant un pas de c\u00f4t\u00e9 ? Alors que certains lieux&hellip;\n","protected":false},"author":2,"featured_media":258968,"comment_status":"","ping_status":"","sticky":false,"template":"","format":"standard","meta":{"footnotes":""},"categories":[1586],"tags":[11,39918,1777,674,1011,27,5962,12,39917,25,36824],"class_list":{"0":"post-258967","1":"post","2":"type-post","3":"status-publish","4":"format-standard","5":"has-post-thumbnail","7":"category-europe","8":"tag-actualites","9":"tag-couvent-de-lordre-du-christ","10":"tag-eu","11":"tag-europe","12":"tag-fr","13":"tag-france","14":"tag-getty-images","15":"tag-news","16":"tag-patrimoine-de-lunesco","17":"tag-republique-francaise","18":"tag-tourisme-de-masse"},"share_on_mastodon":{"url":"https:\/\/pubeurope.com\/@fr\/114880335556257336","error":""},"_links":{"self":[{"href":"https:\/\/www.europesays.com\/fr\/wp-json\/wp\/v2\/posts\/258967","targetHints":{"allow":["GET"]}}],"collection":[{"href":"https:\/\/www.europesays.com\/fr\/wp-json\/wp\/v2\/posts"}],"about":[{"href":"https:\/\/www.europesays.com\/fr\/wp-json\/wp\/v2\/types\/post"}],"author":[{"embeddable":true,"href":"https:\/\/www.europesays.com\/fr\/wp-json\/wp\/v2\/users\/2"}],"replies":[{"embeddable":true,"href":"https:\/\/www.europesays.com\/fr\/wp-json\/wp\/v2\/comments?post=258967"}],"version-history":[{"count":0,"href":"https:\/\/www.europesays.com\/fr\/wp-json\/wp\/v2\/posts\/258967\/revisions"}],"wp:featuredmedia":[{"embeddable":true,"href":"https:\/\/www.europesays.com\/fr\/wp-json\/wp\/v2\/media\/258968"}],"wp:attachment":[{"href":"https:\/\/www.europesays.com\/fr\/wp-json\/wp\/v2\/media?parent=258967"}],"wp:term":[{"taxonomy":"category","embeddable":true,"href":"https:\/\/www.europesays.com\/fr\/wp-json\/wp\/v2\/categories?post=258967"},{"taxonomy":"post_tag","embeddable":true,"href":"https:\/\/www.europesays.com\/fr\/wp-json\/wp\/v2\/tags?post=258967"}],"curies":[{"name":"wp","href":"https:\/\/api.w.org\/{rel}","templated":true}]}}