{"id":258978,"date":"2025-07-19T14:26:09","date_gmt":"2025-07-19T14:26:09","guid":{"rendered":"https:\/\/www.europesays.com\/fr\/258978\/"},"modified":"2025-07-19T14:26:09","modified_gmt":"2025-07-19T14:26:09","slug":"videos-atp-entre-alexander-zverev-et-toni-nadal-cest-vraiment-du-serieux","status":"publish","type":"post","link":"https:\/\/www.europesays.com\/fr\/258978\/","title":{"rendered":"Vid\u00e9os, ATP > Entre Alexander Zverev et Toni Nadal, c&rsquo;est vraiment du s\u00e9rieux !"},"content":{"rendered":"<p>Alors que la rumeur concer\u00adnant une asso\u00adcia\u00adtion entre Alexander Zverev et Toni Nadal commen\u00ad\u00e7ait \u00e0 prendre de l\u2019am\u00adpleur ces derniers jours, les derni\u00e8res images qui nous parviennent de Majorque semblent confirmer forte\u00adment cette tendance.<\/p>\n<p>Pr\u00e9sent depuis d\u00e9j\u00e0 plusieurs jours \u00e0 la Rafa Nadal Academy, le joueur alle\u00admand a de nouveau \u00e9t\u00e9 aper\u00e7u et film\u00e9 en train de s\u2019en\u00adtra\u00eener sous les yeux et les conseils d\u2019oncle Toni.\u00a0<\/p>\n<blockquote class=\"twitter-tweet\">\n<p lang=\"en\" dir=\"ltr\">Another day, another prac\u00adtice session for Alexander Zverev with Toni Nadal at the Rafa Nadal Academy<\/p>\n<p>\ud83d\udcf8sk_sportsworld_, mana\u00adtogo Instagram <a href=\"https:\/\/t.co\/In8JoreG50\" data-wpel-link=\"external\" target=\"_blank\" rel=\"nofollow external noopener\">pic.twitter.com\/In8JoreG50<\/a><\/p>\n<p>\u2014 ilyza1002 (@ilyza1002) <a href=\"https:\/\/twitter.com\/ilyza1002\/status\/1946551651998769300?ref_src=twsrc%5Etfw\" data-wpel-link=\"external\" target=\"_blank\" rel=\"nofollow external noopener\">July 19,\u00a02025<\/a><\/p><\/blockquote>\n<p>L\u2019actuel 3e joueur mondial, qui veut gagner en agres\u00adsi\u00advit\u00e9 dans son jeu, aura l\u2019op\u00adpor\u00adtu\u00adnit\u00e9 de se tester \u00e0 l\u2019oc\u00adca\u00adsion du Masters 1000 de Toronto (du 27 juillet au 7 ao\u00fbt)\u2026 avec Toni Nadal dans sa\u00a0box\u202f?<\/p>\n<p class=\"post-published-date\" style=\"color: silver; font-size: 75%; text-align: left;\">Publi\u00e9 le samedi 19 juillet 2025 \u00e0 15:15<\/p>\n<p><script async src=\"https:\/\/platform.twitter.com\/widgets.js\" charset=\"utf-8\"><\/script><\/p>\n","protected":false},"excerpt":{"rendered":"Alors que la rumeur concer\u00adnant une asso\u00adcia\u00adtion entre Alexander Zverev et Toni Nadal commen\u00ad\u00e7ait \u00e0 prendre de l\u2019am\u00adpleur&hellip;\n","protected":false},"author":2,"featured_media":258979,"comment_status":"","ping_status":"","sticky":false,"template":"","format":"standard","meta":{"footnotes":""},"categories":[1415],"tags":[1011,27,1960,60,1467,4542],"class_list":{"0":"post-258978","1":"post","2":"type-post","3":"status-publish","4":"format-standard","5":"has-post-thumbnail","7":"category-tennis","8":"tag-fr","9":"tag-france","10":"tag-nadal","11":"tag-sports","12":"tag-tennis","13":"tag-zverev"},"share_on_mastodon":{"url":"https:\/\/pubeurope.com\/@fr\/114880366706795028","error":""},"_links":{"self":[{"href":"https:\/\/www.europesays.com\/fr\/wp-json\/wp\/v2\/posts\/258978","targetHints":{"allow":["GET"]}}],"collection":[{"href":"https:\/\/www.europesays.com\/fr\/wp-json\/wp\/v2\/posts"}],"about":[{"href":"https:\/\/www.europesays.com\/fr\/wp-json\/wp\/v2\/types\/post"}],"author":[{"embeddable":true,"href":"https:\/\/www.europesays.com\/fr\/wp-json\/wp\/v2\/users\/2"}],"replies":[{"embeddable":true,"href":"https:\/\/www.europesays.com\/fr\/wp-json\/wp\/v2\/comments?post=258978"}],"version-history":[{"count":0,"href":"https:\/\/www.europesays.com\/fr\/wp-json\/wp\/v2\/posts\/258978\/revisions"}],"wp:featuredmedia":[{"embeddable":true,"href":"https:\/\/www.europesays.com\/fr\/wp-json\/wp\/v2\/media\/258979"}],"wp:attachment":[{"href":"https:\/\/www.europesays.com\/fr\/wp-json\/wp\/v2\/media?parent=258978"}],"wp:term":[{"taxonomy":"category","embeddable":true,"href":"https:\/\/www.europesays.com\/fr\/wp-json\/wp\/v2\/categories?post=258978"},{"taxonomy":"post_tag","embeddable":true,"href":"https:\/\/www.europesays.com\/fr\/wp-json\/wp\/v2\/tags?post=258978"}],"curies":[{"name":"wp","href":"https:\/\/api.w.org\/{rel}","templated":true}]}}