{"id":258980,"date":"2025-07-19T14:28:19","date_gmt":"2025-07-19T14:28:19","guid":{"rendered":"https:\/\/www.europesays.com\/fr\/258980\/"},"modified":"2025-07-19T14:28:19","modified_gmt":"2025-07-19T14:28:19","slug":"laveu-enorme-de-quartararo-au-sujet-de-marc-marquez","status":"publish","type":"post","link":"https:\/\/www.europesays.com\/fr\/258980\/","title":{"rendered":"l&rsquo;aveu \u00e9norme de Quartararo au sujet de Marc M\u00e1rquez"},"content":{"rendered":"<p>Fabio Quartararo rend hommage \u00e0 Marc M\u00e1rquez et assure que le pilote espagnol est hors norme cette saison, mais qu&rsquo;il est aussi sur une autre plan\u00e8te depuis dix ans. Alors que le pilote Ducati domine la saison 2025 de la t\u00eate et des \u00e9paules, avec une large avance au classement des pilotes, Fabio Quartararo semble \u00e9pat\u00e9 par le niveau affich\u00e9 par M\u00e1rquez. Il a tenu \u00e0 lui rendre un hommage appuy\u00e9, en ayant des mots forts pour le Catalan, en route vers une neuvi\u00e8me couronne mondiale.<\/p>\n<p>Quartararo rend hommage \u00e0 M\u00e1rquez<\/p>\n<p>\u00ab\u00a0Je ne pense pas qu\u2019il y ait quelqu\u2019un du niveau de Marquez actuellement. Pas seulement maintenant, mais depuis dix ans. Il est bon dans tout : sur le mouill\u00e9, sur le sec, avec un bras bless\u00e9\u2026 C\u2019est comme FIFA, o\u00f9 tous les joueurs ont une note de 99\u00a0\u00bb, a confi\u00e9 Fabio Quartararo dans les colonnes de AS. Cependant, le Fran\u00e7ais, bien qu&rsquo;il s&rsquo;incline devant M\u00e1rquez, reconna\u00eet une petite faille chez l&rsquo;Espagnol. Il a ainsi expliqu\u00e9 pouvoir \u00eatre peut-\u00eatre plus rapide que lui sur sec. \u00ab\u00a0Dans des conditions inhabituelles, il est quasiment imbattable. Mais sur le sec, on pourrait lui poser quelques probl\u00e8mes. En vitesse pure, j\u2019ai le potentiel pour \u00eatre tr\u00e8s rapide\u00a0\u00bb, a assur\u00e9 El Diablo. Reste \u00e0 le faire avant la fin de la saison pour tenter d&#8217;empocher un Grand Prix.<\/p>\n<p>    Partagez cette info avec vos amis et vos proches en cliquant ici  <\/p>\n<p> Podcasts \u00e0 la une MEN LIFE <\/p>\n<p>    Pour r\u00e9sumer<\/p>\n<p>Fabio Quartararo rend hommage \u00e0 Marc M\u00e1rquez et assure que le pilote espagnol est hors norme cette saison, mais qu&rsquo;il est aussi sur une autre plan\u00e8te depuis dix ans.<\/p>\n<p>R\u00e9dacteur<\/p>\n<p><img decoding=\"async\" width=\"76\" height=\"76\" loading=\"lazy\" src=\"https:\/\/www.europesays.com\/fr\/wp-content\/uploads\/2025\/04\/logo-victor-willems.jpg\" alt=\"Victor Willems\"\/><\/p>\n","protected":false},"excerpt":{"rendered":"Fabio Quartararo rend hommage \u00e0 Marc M\u00e1rquez et assure que le pilote espagnol est hors norme cette saison,&hellip;\n","protected":false},"author":2,"featured_media":258981,"comment_status":"","ping_status":"","sticky":false,"template":"","format":"standard","meta":{"footnotes":""},"categories":[1413],"tags":[1011,27,1457,1456,60],"class_list":{"0":"post-258980","1":"post","2":"type-post","3":"status-publish","4":"format-standard","5":"has-post-thumbnail","7":"category-moto","8":"tag-fr","9":"tag-france","10":"tag-moto","11":"tag-motocycle","12":"tag-sports"},"share_on_mastodon":{"url":"https:\/\/pubeurope.com\/@fr\/114880374622235837","error":""},"_links":{"self":[{"href":"https:\/\/www.europesays.com\/fr\/wp-json\/wp\/v2\/posts\/258980","targetHints":{"allow":["GET"]}}],"collection":[{"href":"https:\/\/www.europesays.com\/fr\/wp-json\/wp\/v2\/posts"}],"about":[{"href":"https:\/\/www.europesays.com\/fr\/wp-json\/wp\/v2\/types\/post"}],"author":[{"embeddable":true,"href":"https:\/\/www.europesays.com\/fr\/wp-json\/wp\/v2\/users\/2"}],"replies":[{"embeddable":true,"href":"https:\/\/www.europesays.com\/fr\/wp-json\/wp\/v2\/comments?post=258980"}],"version-history":[{"count":0,"href":"https:\/\/www.europesays.com\/fr\/wp-json\/wp\/v2\/posts\/258980\/revisions"}],"wp:featuredmedia":[{"embeddable":true,"href":"https:\/\/www.europesays.com\/fr\/wp-json\/wp\/v2\/media\/258981"}],"wp:attachment":[{"href":"https:\/\/www.europesays.com\/fr\/wp-json\/wp\/v2\/media?parent=258980"}],"wp:term":[{"taxonomy":"category","embeddable":true,"href":"https:\/\/www.europesays.com\/fr\/wp-json\/wp\/v2\/categories?post=258980"},{"taxonomy":"post_tag","embeddable":true,"href":"https:\/\/www.europesays.com\/fr\/wp-json\/wp\/v2\/tags?post=258980"}],"curies":[{"name":"wp","href":"https:\/\/api.w.org\/{rel}","templated":true}]}}