{"id":258986,"date":"2025-07-19T14:31:11","date_gmt":"2025-07-19T14:31:11","guid":{"rendered":"https:\/\/www.europesays.com\/fr\/258986\/"},"modified":"2025-07-19T14:31:11","modified_gmt":"2025-07-19T14:31:11","slug":"le-tres-joli-coup-du-psg-avec-xavi-simons","status":"publish","type":"post","link":"https:\/\/www.europesays.com\/fr\/258986\/","title":{"rendered":"Le tr\u00e8s joli coup du PSG avec Xavi Simons"},"content":{"rendered":"<p><strong>Xavi Simons, milieu\/attaquant de 22 ans de Pays-Bas, a \u00e9t\u00e9 un grand espoir au Paris Saint-Germain. Sauf qu\u2019il s\u2019est compl\u00e8tement lanc\u00e9 en professionnel qu\u2019au PSV Eindhoven et au RB Leipzig, o\u00f9 il a \u00e9t\u00e9 vendu d\u00e9finitivement l\u2019hiver dernier pour 50 millions d\u2019euros. Il est dor\u00e9navant annonc\u00e9 sur le d\u00e9part, plut\u00f4t vers la Premier League, et Paris devrait encore r\u00e9colter un peu d\u2019argent. C\u2019est ce qu\u2019a soulign\u00e9 le journaliste Abdellah Boulma.<\/strong><\/p>\n<blockquote class=\"twitter-tweet\" data-width=\"550\" data-dnt=\"true\">\n<p lang=\"fr\" dir=\"ltr\">Pour rappel : le PSG a s\u00e9curis\u00e9 10 % sur la plus-value en cas de revente de Xavi Simons par Leipzig. Chelsea et Arsenal surveillent la situation. En prime, Paris empochera entre 2 et 5 % \u00e0 chaque transfert du joueur, pour le reste de sa carri\u00e8re <a href=\"https:\/\/twitter.com\/hashtag\/PSG?src=hash&amp;ref_src=twsrc%5Etfw\" rel=\"nofollow noopener\" target=\"_blank\">#PSG<\/a> <a href=\"https:\/\/twitter.com\/hashtag\/RBL?src=hash&amp;ref_src=twsrc%5Etfw\" rel=\"nofollow noopener\" target=\"_blank\">#RBL<\/a><\/p>\n<p>\u2014 Abdellah Boulma (@AbdellahBoulma) <a href=\"https:\/\/twitter.com\/AbdellahBoulma\/status\/1946503260979757558?ref_src=twsrc%5Etfw\" rel=\"nofollow noopener\" target=\"_blank\">July 19, 2025<\/a><\/p>\n<\/blockquote>\n<p>Avec une vente \u00e0 50 millions d\u2019euros et un prix \u00e9voqu\u00e9 derni\u00e8rement autour de 70 millions d\u2019euros, le PSG peut donc esp\u00e9rer r\u00e9colter environ 2 millions cet \u00e9t\u00e9 avec le transfert de Simons. Ce n\u2019est pas tr\u00e8s impressionnant, ni un changement majeur dans le mercato parisien. Mais ce n\u2019est pas rien non plus.<\/p>\n<p>Surtout qu\u2019il y a aussi le pourcentage \u00e0 r\u00e9colter des prochains transferts. Le N\u00e9erlandais n\u2019a que 22 ans, est talentueux et se dirige vers le championnat le plus riche, ainsi que le plus suivi. Il pourrait y avoir encore quelques jolies sommes \u00e0 venir.<\/p>\n<p>Aussi, ce n\u2019est pas n\u00e9gligeable, Simons a pos\u00e9 des probl\u00e8mes \u00e0 Leipzig et en s\u00e9lection \u00e0 cause de son comportement. Un souci que Paris a bien su flairer et \u00e9viter, sans oublier de bien n\u00e9gocier. Il y a eu la d\u00e9ception de ne pas voir le joueur revenir au PSG en 2023 et 2024, mais petit \u00e0 petit il appara\u00eet que c\u2019\u00e9tait probablement le meilleur choix pour le club.<\/p>\n<p>\t\t\t\t\t\t\t\t\t\t\t\t\t\t\t\t\t\t\t\t\t\t\t<img loading=\"lazy\" src=\"https:\/\/www.europesays.com\/fr\/wp-content\/uploads\/2025\/04\/ParisFans_Logo.png\" decoding=\"async\" class=\"lazyload\" width=\"240\" height=\"54\" data-eio-rwidth=\"240\" data-eio-rheight=\"54\"\/><\/p>\n<p>\t\t\t\t\t\t\t\t<script async src=\"https:\/\/platform.twitter.com\/widgets.js\" charset=\"utf-8\"><\/script><\/p>\n","protected":false},"excerpt":{"rendered":"Xavi Simons, milieu\/attaquant de 22 ans de Pays-Bas, a \u00e9t\u00e9 un grand espoir au Paris Saint-Germain. Sauf qu\u2019il&hellip;\n","protected":false},"author":2,"featured_media":258987,"comment_status":"","ping_status":"","sticky":false,"template":"","format":"standard","meta":{"footnotes":""},"categories":[1410],"tags":[63,1011,27,60,96,39919],"class_list":{"0":"post-258986","1":"post","2":"type-post","3":"status-publish","4":"format-standard","5":"has-post-thumbnail","7":"category-football","8":"tag-football","9":"tag-fr","10":"tag-france","11":"tag-sports","12":"tag-une","13":"tag-xavi-simons"},"share_on_mastodon":{"url":"https:\/\/pubeurope.com\/@fr\/114880386434165261","error":""},"_links":{"self":[{"href":"https:\/\/www.europesays.com\/fr\/wp-json\/wp\/v2\/posts\/258986","targetHints":{"allow":["GET"]}}],"collection":[{"href":"https:\/\/www.europesays.com\/fr\/wp-json\/wp\/v2\/posts"}],"about":[{"href":"https:\/\/www.europesays.com\/fr\/wp-json\/wp\/v2\/types\/post"}],"author":[{"embeddable":true,"href":"https:\/\/www.europesays.com\/fr\/wp-json\/wp\/v2\/users\/2"}],"replies":[{"embeddable":true,"href":"https:\/\/www.europesays.com\/fr\/wp-json\/wp\/v2\/comments?post=258986"}],"version-history":[{"count":0,"href":"https:\/\/www.europesays.com\/fr\/wp-json\/wp\/v2\/posts\/258986\/revisions"}],"wp:featuredmedia":[{"embeddable":true,"href":"https:\/\/www.europesays.com\/fr\/wp-json\/wp\/v2\/media\/258987"}],"wp:attachment":[{"href":"https:\/\/www.europesays.com\/fr\/wp-json\/wp\/v2\/media?parent=258986"}],"wp:term":[{"taxonomy":"category","embeddable":true,"href":"https:\/\/www.europesays.com\/fr\/wp-json\/wp\/v2\/categories?post=258986"},{"taxonomy":"post_tag","embeddable":true,"href":"https:\/\/www.europesays.com\/fr\/wp-json\/wp\/v2\/tags?post=258986"}],"curies":[{"name":"wp","href":"https:\/\/api.w.org\/{rel}","templated":true}]}}