{"id":258990,"date":"2025-07-19T14:33:17","date_gmt":"2025-07-19T14:33:17","guid":{"rendered":"https:\/\/www.europesays.com\/fr\/258990\/"},"modified":"2025-07-19T14:33:17","modified_gmt":"2025-07-19T14:33:17","slug":"au-centre-pompidou-metz-un-visiteur-mange-une-oeuvre-a-6-millions-deuros-dans-lexposition-de-maurizio-cattelan","status":"publish","type":"post","link":"https:\/\/www.europesays.com\/fr\/258990\/","title":{"rendered":"Au Centre Pompidou-Metz, un visiteur mange une \u0153uvre \u00e0 6 millions d&rsquo;euros dans l&rsquo;exposition de Maurizio Cattelan"},"content":{"rendered":"<p>Comedian (2019), \u0153uvre conceptuelle qui consiste en une banane accroch\u00e9e au ruban adh\u00e9sif sur un mur, est pr\u00e9sent\u00e9e dans le cadre de l\u2019exposition \u00ab\u00a0Un Dimanche sans Fin\u00a0\u00bb au Centre Pompidou-Metz. Son auteur, l\u2019Italien Maurizio Cattelan a r\u00e9agi non sans ironie \u00e0 cet acte contestataire.<\/p>\n<p class=\"field_LQ2154C\">\u00ab Il n\u2019y a pas une fa\u00e7on sp\u00e9cifique d\u2019interpr\u00e9ter une \u0153uvre. Tout le monde a une interpr\u00e9tation personnelle. L\u00e9g\u00e8re ou grave, \u00e9mouvante ou choquante, tous les ressentis sont possibles.\u00a0\u00bb Il y a quelques mois, <a href=\"https:\/\/www.connaissancedesarts.com\/artistes\/maurizio-cattelan\/jai-toujours-cru-que-si-une-oeuvre-peut-etre-resumee-clairement-cest-quelle-est-artistiquement-morte-maurizio-cattelan-au-dela-du-scandale-11201536\/\" rel=\"nofollow noopener\" target=\"_blank\">Maurizio Cattelan<\/a> se confiait aupr\u00e8s de \u00ab\u00a0Connaissance des Arts\u00a0\u00bb sur ses cr\u00e9ations, r\u00e9guli\u00e8rement tax\u00e9es de scandaleuses et de provocantes. Force est de constater qu\u2019elles continuent\u00a0\u00e0 susciter l\u2019ire de certains, voire des r\u00e9actions concr\u00e8tes. C\u2019est ce dont a \u00e9t\u00e9 victime Comedian, la semaine derni\u00e8re au <a href=\"https:\/\/www.centrepompidou-metz.fr\/fr\" rel=\"nofollow noopener\" target=\"_blank\"><a href=\"https:\/\/www.centrepompidou-metz.fr\/fr\" target=\"_blank\" rel=\"noopener nofollow\">Centre Pompidou-Metz<\/a>. Cette \u0153uvre embl\u00e9matique avait \u00e9t\u00e9 montr\u00e9e pour la premi\u00e8re fois \u00e0 Art Basel Miami en 2019.<\/p>\n<p class=\"entry-related__title\"><strong>\u00c0 regarder aussi : <\/strong><\/p>\n<p>\t\tUn croc et puis s\u2019en va<\/p>\n<p class=\"field_LQ2154C\">Samedi 12 juillet, un visiteur de l\u2019exposition \u00ab\u00a0Dimanche sans Fin\u00a0\u00bb (<a href=\"https:\/\/www.connaissancedesarts.com\/musees\/centre-pompidou\/fermeture-du-centre-pompidou-decouvrez-le-programme-des-expositions-et-festivals-hors-les-murs-en-2025-et-2026-11201273\/\" rel=\"nofollow noopener\" target=\"_blank\">visible<\/a> jusqu\u2019au 2 f\u00e9vrier 2027) a d\u00e9croch\u00e9 la banane de Comedian avant de l\u2019\u00e9plucher pour en manger un morceau puis l\u2019abandonner. Selon \u00ab\u00a0L\u2019Est R\u00e9publicain\u00a0\u00bb, le responsable de la d\u00e9gradation aurait \u00e9t\u00e9 choqu\u00e9 d\u2019apprendre que cette \u0153uvre ait pu \u00eatre achet\u00e9e pour <a href=\"https:\/\/www.connaissancedesarts.com\/arts-expositions\/art-contemporain\/la-banane-la-plus-chere-du-monde-vol-a-lexplosif-la-tapisserie-de-bayeux-reinventee-5-infos-etonnantes-quil-ne-fallait-pas-manquer-cette-semaine-11196143\/\" rel=\"nofollow noopener\" target=\"_blank\">6,2 millions de dollars<\/a>. Les gardiens sont ensuite rapidement intervenus et dans le calme, si bien que l\u2019\u0153uvre a \u00e9t\u00e9 r\u00e9install\u00e9e dans la foul\u00e9e, selon le protocole pr\u00e9cis d\u00e9fini par l\u2019artiste.<\/p>\n<p><img loading=\"lazy\" width=\"653\" height=\"490\" decoding=\"async\" aria-describedby=\"caption-attachment-203887\" src=\"data:image\/svg+xml,%3Csvg%20xmlns=\" http:=\"\" alt=\"L'oeuvre conceptuelle The Comedian de Maurizio Cattelan expos\u00e9e au Centre Pompidou-Metz dans l'exposition \u00ab Dimanche sans fin \u00bb, mai 2025 \u00a9 Connaissance des Arts \/ C\u00e9line Lefranc\" class=\"size-medium wp-image-203887\" data-lazy-src=\"https:\/\/www.europesays.com\/fr\/wp-content\/uploads\/2025\/07\/cda25_actu_banane_cattelan-tt-width-653-height-490-fill-0-crop-0-bgcolor-eeeeee.jpg\"\/><\/p>\n<p id=\"caption-attachment-203887\" class=\"wp-caption-text\">L\u2019oeuvre conceptuelle The Comedian de Maurizio Cattelan expos\u00e9e au Centre Pompidou-Metz dans l\u2019exposition \u00ab Dimanche sans fin \u00bb, mai 2025 \u00a9 Connaissance des Arts \/ C\u00e9line Lefranc<\/p>\n<p class=\"field_LQ2154C\">La banane \u00e9tant un \u00e9l\u00e9ment organique rapidement p\u00e9rissable, elle est quoi qu\u2019il en soit tr\u00e8s r\u00e9guli\u00e8rement remplac\u00e9e. L\u2019institution a en ce sens fait savoir que \u00ab\u00a0l\u2019incident de ce week-end, bien que non pr\u00e9vu, n\u2019a en rien alt\u00e9r\u00e9 l\u2019int\u00e9grit\u00e9 de l\u2019\u0153uvre ni le bon d\u00e9roulement de l\u2019exposition, qui reste pleinement accessible au public.\u00a0\u00bb<\/p>\n<p><img loading=\"lazy\" width=\"653\" height=\"436\" decoding=\"async\" aria-describedby=\"caption-attachment-203888\" src=\"data:image\/svg+xml,%3Csvg%20xmlns=\" http:=\"\" alt=\"Vue de l'exposition l'exposition \u00ab Dimanche sans fin \u00bb au Centre Pompidou-Metz Photo : \u00a9 Centre Pompidou-Metz \/ Marc Domage, 2025 \" class=\"size-medium wp-image-203888\" data-lazy-src=\"https:\/\/www.europesays.com\/fr\/wp-content\/uploads\/2025\/07\/cda25_actu_banane_cattelan_2-tt-width-653-height-436-fill-0-crop-0-bgcolor-eeeeee.jpg\"\/><\/p>\n<p id=\"caption-attachment-203888\" class=\"wp-caption-text\">Vue de l\u2019exposition l\u2019exposition \u00ab Dimanche sans fin \u00bb au Centre Pompidou-Metz Photo : \u00a9 Centre Pompidou-Metz \/ Marc Domage, 2025<\/p>\n<p class=\"field_LQ2154C\">Loin d\u2019\u00eatre \u00e9mu ni m\u00eame surpris par l\u2019\u00e9v\u00e9nement, Maurizio Cattelan (\u00e9galement co-commissaire de l\u2019exposition et qui y pr\u00e9sente de nombreuses d\u2019autres \u0153uvres) a pr\u00e9f\u00e9r\u00e9 souligner avec amusement le manque de radicalit\u00e9 de la d\u00e9marche du visiteur\u00a0: \u00ab\u00a0je regrette que l\u2019on confonde le fruit avec l\u2019\u0153uvre elle-m\u00eame\u00a0: plut\u00f4t que de manger la banane avec sa peau et son scotch, le visiteur s\u2019est content\u00e9 de consommer le fruit\u00a0\u00bb.<\/p>\n<p><img loading=\"lazy\" width=\"653\" height=\"980\" decoding=\"async\" aria-describedby=\"caption-attachment-191519\" src=\"data:image\/svg+xml,%3Csvg%20xmlns=\" http:=\"\" alt=\"Portrait de l'artiste Maurizio Cattelan \u00a9 Alberto Zanetti\" class=\"size-medium wp-image-191519\" data-lazy-src=\"https:\/\/www.europesays.com\/fr\/wp-content\/uploads\/2025\/07\/cda24_itw_catellan_portrait-tt-width-653-height-980-fill-0-crop-0-bgcolor-eeeeee.jpg\"\/><\/p>\n<p id=\"caption-attachment-191519\" class=\"wp-caption-text\">Portrait de l\u2019artiste Maurizio Cattelan \u00a9 Alberto Zanetti<\/p>\n<p>Une \u0153uvre d\u00e9j\u00e0 prise pour cible dans le pass\u00e9<\/p>\n<p class=\"field_LQ2154C\">Ce n\u2019est pas la premi\u00e8re fois que Comedian est prise pour cible. En 2019, l\u2019artiste David Datuna avait croqu\u00e9 le fruit apr\u00e8s que l\u2019\u0153uvre avait \u00e9t\u00e9 vendue 120\u00a0000 dollars par la <a href=\"https:\/\/www.connaissancedesarts.com\/arts-expositions\/exposition-gratuite-a-paris-detranges-creatures-envahissent-la-galerie-perrotin-11189006\/\" rel=\"nofollow noopener\" target=\"_blank\">Galerie Perrotin<\/a> \u00e0 Art Basel Miami. En 2024, c\u2019est un jeune Chinois richissime qui avait publiquement mang\u00e9 la banane. Petite diff\u00e9rence cependant, il en \u00e9tait l\u2019heureux propri\u00e9taire.<\/p>\n<p><img loading=\"lazy\" width=\"653\" height=\"367\" decoding=\"async\" aria-describedby=\"caption-attachment-201558\" src=\"data:image\/svg+xml,%3Csvg%20xmlns=\" http:=\"\" alt=\"Comedian, 2019, banane et ruban adh\u00e9sif, dim. var. COLLECTION PRIV\u00c9E. COURTESY PERROTIN. \u00a9RHONA WISE\u2019S.\" class=\"size-medium wp-image-201558\" data-lazy-src=\"https:\/\/www.europesays.com\/fr\/wp-content\/uploads\/2025\/07\/cdamai25_cattelan_main-tt-width-653-height-367-fill-0-crop-0-bgcolor-eeeeee.jpg\"\/><\/p>\n<p id=\"caption-attachment-201558\" class=\"wp-caption-text\">Comedian, 2019, banane et ruban adh\u00e9sif, dim. var. collection priv\u00e9e Courtesy Perrotin. \u00a9RHONA WISE\u2019S.<\/p>\n<p class=\"field_LQ2154C\">Par ailleurs, le Centre Pompidou-Metz a d\u00e9j\u00e0 \u00e9t\u00e9 r\u00e9cemment le th\u00e9\u00e2tre de la d\u00e9gradation de l\u2019une des \u0153uvres pr\u00e9sent\u00e9es en son sein. En effet, en 2020, L\u2019Origine du monde\u00a0 (1866) de <a href=\"https:\/\/www.connaissancedesarts.com\/artistes\/gustave-courbet\/au-musee-dorsay-un-monumental-chef-doeuvre-de-gustave-courbet-retrouvera-bientot-ses-couleurs-11191217\/\" rel=\"nofollow noopener\" target=\"_blank\">Gustave Courbet<\/a> avait \u00e9t\u00e9 <a href=\"https:\/\/www.connaissancedesarts.com\/artistes\/gustave-courbet\/vol-et-vandalisme-doeuvres-dart-que-sest-il-passe-au-centre-pompidou-metz-11191651\/\" rel=\"nofollow noopener\" target=\"_blank\">tagu\u00e9 \u00e0 la peinture<\/a> par l\u2019artiste performeuse Deborah de Robertis. Heureusement, la toile \u00e9tait prot\u00e9g\u00e9e par une vitre.<\/p>\n<p>Dimanche sans fin. Maurizio Cattelan et la Collection du Centre Pompidou  \u2013 15 ans<\/p>\n","protected":false},"excerpt":{"rendered":"Comedian (2019), \u0153uvre conceptuelle qui consiste en une banane accroch\u00e9e au ruban adh\u00e9sif sur un mur, est pr\u00e9sent\u00e9e&hellip;\n","protected":false},"author":2,"featured_media":258991,"comment_status":"","ping_status":"","sticky":false,"template":"","format":"standard","meta":{"footnotes":""},"categories":[1358],"tags":[1348,1384,1385,1386,58,59,1011,27],"class_list":{"0":"post-258990","1":"post","2":"type-post","3":"status-publish","4":"format-standard","5":"has-post-thumbnail","7":"category-arts-et-design","8":"tag-arts","9":"tag-arts-and-design","10":"tag-arts-et-design","11":"tag-design","12":"tag-divertissement","13":"tag-entertainment","14":"tag-fr","15":"tag-france"},"share_on_mastodon":{"url":"https:\/\/pubeurope.com\/@fr\/114880394471391164","error":""},"_links":{"self":[{"href":"https:\/\/www.europesays.com\/fr\/wp-json\/wp\/v2\/posts\/258990","targetHints":{"allow":["GET"]}}],"collection":[{"href":"https:\/\/www.europesays.com\/fr\/wp-json\/wp\/v2\/posts"}],"about":[{"href":"https:\/\/www.europesays.com\/fr\/wp-json\/wp\/v2\/types\/post"}],"author":[{"embeddable":true,"href":"https:\/\/www.europesays.com\/fr\/wp-json\/wp\/v2\/users\/2"}],"replies":[{"embeddable":true,"href":"https:\/\/www.europesays.com\/fr\/wp-json\/wp\/v2\/comments?post=258990"}],"version-history":[{"count":0,"href":"https:\/\/www.europesays.com\/fr\/wp-json\/wp\/v2\/posts\/258990\/revisions"}],"wp:featuredmedia":[{"embeddable":true,"href":"https:\/\/www.europesays.com\/fr\/wp-json\/wp\/v2\/media\/258991"}],"wp:attachment":[{"href":"https:\/\/www.europesays.com\/fr\/wp-json\/wp\/v2\/media?parent=258990"}],"wp:term":[{"taxonomy":"category","embeddable":true,"href":"https:\/\/www.europesays.com\/fr\/wp-json\/wp\/v2\/categories?post=258990"},{"taxonomy":"post_tag","embeddable":true,"href":"https:\/\/www.europesays.com\/fr\/wp-json\/wp\/v2\/tags?post=258990"}],"curies":[{"name":"wp","href":"https:\/\/api.w.org\/{rel}","templated":true}]}}