{"id":258994,"date":"2025-07-19T14:35:14","date_gmt":"2025-07-19T14:35:14","guid":{"rendered":"https:\/\/www.europesays.com\/fr\/258994\/"},"modified":"2025-07-19T14:35:14","modified_gmt":"2025-07-19T14:35:14","slug":"on-recoit-des-messages-du-monde-entier-avec-la-serie-soleil-noir-la-france-rayonne-sur-netflix","status":"publish","type":"post","link":"https:\/\/www.europesays.com\/fr\/258994\/","title":{"rendered":"\u00ab\u00a0On re\u00e7oit des messages du monde entier\u00a0\u00bb\u00a0: avec la s\u00e9rie \u00ab\u00a0Soleil noir\u00a0\u00bb, la France rayonne sur Netflix"},"content":{"rendered":"<p class=\"paragraph text_align_left lp-f-body-02\">Sur <a href=\"https:\/\/www.leparisien.fr\/culture-loisirs\/netflix\/\" target=\"_blank\" rel=\"noreferrer nofollow noopener\">Netflix<\/a>, l\u2019\u00e9t\u00e9 chante \u00ab Cocorico \u00bb. La troisi\u00e8me s\u00e9rie non-anglophone la plus regard\u00e9e sur la plate-forme dans le monde est fran\u00e7aise. \u00ab Soleil Noir \u00bb, un thriller avec Isabelle Adjani, sorti le 9 juillet, cumule \u00e0 ce jour plus de 28 millions de vues et d\u00e9tr\u00f4ne la saison 3 de \u00ab <a href=\"https:\/\/www.leparisien.fr\/culture-loisirs\/series\/la-saison-3-est-vraiment-la-derniere-mais-la-serie-netflix-squid-game-va-t-elle-rebondir-27-06-2025-NKIP2TXHPFEYNF5HQP5V2VP57M.php\" target=\"_blank\" rel=\"noreferrer nofollow noopener\">Squid Game<\/a> \u00bb dans l\u2019Hexagone. Les six \u00e9pisodes de 50 minutes reprennent les codes de la s\u00e9rie polici\u00e8re estivale agr\u00e9ment\u00e9s d\u2019un coup de th\u00e9\u00e2tre moderne. C\u2019est ce qui a d\u00fb s\u00e9duire les 5,8 millions de t\u00e9l\u00e9spectateurs compt\u00e9s jusque-l\u00e0 par le site Tudum.<\/p>\n","protected":false},"excerpt":{"rendered":"Sur Netflix, l\u2019\u00e9t\u00e9 chante \u00ab Cocorico \u00bb. La troisi\u00e8me s\u00e9rie non-anglophone la plus regard\u00e9e sur la plate-forme dans&hellip;\n","protected":false},"author":2,"featured_media":258995,"comment_status":"","ping_status":"","sticky":false,"template":"","format":"standard","meta":{"footnotes":""},"categories":[1356],"tags":[872,58,59,1011,27,1314,252,1364],"class_list":{"0":"post-258994","1":"post","2":"type-post","3":"status-publish","4":"format-standard","5":"has-post-thumbnail","7":"category-television","8":"tag-culture-et-loisirs","9":"tag-divertissement","10":"tag-entertainment","11":"tag-fr","12":"tag-france","13":"tag-series","14":"tag-television","15":"tag-tv"},"share_on_mastodon":{"url":"https:\/\/pubeurope.com\/@fr\/114880402110032498","error":""},"_links":{"self":[{"href":"https:\/\/www.europesays.com\/fr\/wp-json\/wp\/v2\/posts\/258994","targetHints":{"allow":["GET"]}}],"collection":[{"href":"https:\/\/www.europesays.com\/fr\/wp-json\/wp\/v2\/posts"}],"about":[{"href":"https:\/\/www.europesays.com\/fr\/wp-json\/wp\/v2\/types\/post"}],"author":[{"embeddable":true,"href":"https:\/\/www.europesays.com\/fr\/wp-json\/wp\/v2\/users\/2"}],"replies":[{"embeddable":true,"href":"https:\/\/www.europesays.com\/fr\/wp-json\/wp\/v2\/comments?post=258994"}],"version-history":[{"count":0,"href":"https:\/\/www.europesays.com\/fr\/wp-json\/wp\/v2\/posts\/258994\/revisions"}],"wp:featuredmedia":[{"embeddable":true,"href":"https:\/\/www.europesays.com\/fr\/wp-json\/wp\/v2\/media\/258995"}],"wp:attachment":[{"href":"https:\/\/www.europesays.com\/fr\/wp-json\/wp\/v2\/media?parent=258994"}],"wp:term":[{"taxonomy":"category","embeddable":true,"href":"https:\/\/www.europesays.com\/fr\/wp-json\/wp\/v2\/categories?post=258994"},{"taxonomy":"post_tag","embeddable":true,"href":"https:\/\/www.europesays.com\/fr\/wp-json\/wp\/v2\/tags?post=258994"}],"curies":[{"name":"wp","href":"https:\/\/api.w.org\/{rel}","templated":true}]}}