{"id":259021,"date":"2025-07-19T14:51:06","date_gmt":"2025-07-19T14:51:06","guid":{"rendered":"https:\/\/www.europesays.com\/fr\/259021\/"},"modified":"2025-07-19T14:51:06","modified_gmt":"2025-07-19T14:51:06","slug":"ou-a-ete-tourne-cet-episode-avec-cristiana-reali-et-fabrice-deville","status":"publish","type":"post","link":"https:\/\/www.europesays.com\/fr\/259021\/","title":{"rendered":"O\u00f9 a \u00e9t\u00e9 tourn\u00e9 cet \u00e9pisode avec Cristiana Reali et Fabrice Deville ?"},"content":{"rendered":"<p class=\"articleContent-meta\">\n        Aujourd&rsquo;hui \u00e0 11:00 &#8211; par             <a class=\"articleContent-metaAuthorsLink\" href=\"https:\/\/www.cesoirtv.com\/auteur\/thomas-fourcroy\/\" target=\"_blank\" rel=\"noopener\">Thomas Fourcroy<\/a><\/p>\n<p>                    Tweeter<\/p>\n<p>                    Partager sur Facebook<\/p>\n<p>                        <img decoding=\"async\" src=\"https:\/\/www.europesays.com\/fr\/wp-content\/uploads\/2025\/07\/meurtres-a-nancy-15-octobre.jpg\" alt=\"Player Video\" class=\"player-applyRatio poster exclude-seedtag\"\/><\/p>\n<p>Ce samedi 19 juillet, France 3 rediffuse un \u00e9pisode des Meurtres \u00e0&#8230; et cette fois-ci direction Nancy avec notamment Cristiana Reali, Fabrice Deville et Nelly Lawson ! L&rsquo;occasion de d\u00e9couvrir de beaux lieux de la ville lorraine&#8230; <\/p>\n<p>C&rsquo;est un incontournable de l&rsquo;\u00e9t\u00e9&#8230; mais pas que ! Pour les amoureux du suspense et du voyage, la collection Meurtres \u00e0&#8230; porte le format parfait, m\u00ealant d\u00e9couverte des plus jolis coins de l&rsquo;Hexagone et enqu\u00eates relev\u00e9es. Ce samedi, France 3 remet le cap sur Nancy pour la rediffusion d&rsquo;un \u00e9pisode port\u00e9 par trois acteurs de renom : <a href=\"https:\/\/www.cesoirtv.com\/news\/cinema\/1134-cristiana-reali-et-francis-huster-retour-sur-lhistoire-dun-divorce-reussi\/\" target=\"_blank\" rel=\"noopener\">Cristiana Reali<\/a>, <a href=\"https:\/\/www.cesoirtv.com\/news\/series\/3764-fabrice-deville-marie-et-pere-de-4-enfants-jai-une-forme-de-vie-de-celibataire\/\" target=\"_blank\" rel=\"noopener\">Fabrice Deville<\/a> et Nelly Lawson. Un \u00e9pisode pour lequel la r\u00e9alisatrice Sylvie Ayme a fait les choses en grand, posant sa cam\u00e9ra au sein des lieux les plus embl\u00e9matiques de la capitale des Ducs de Lorraine.<\/p>\n<p>Meurtres \u00e0 Nancy : Dans quels lieux a \u00e9t\u00e9 tourn\u00e9 le t\u00e9l\u00e9film ?<\/p>\n<p>Ville sympathique, Nancy verra sa tranquillit\u00e9 \u00eatre troubl\u00e9e ce samedi soir sur France 3. En effet, on suivra dans notre long-m\u00e9trage une enqu\u00eate originale, celle du meurtre d&rsquo;une jeune femme, dont le corps a \u00e9t\u00e9 retrouv\u00e9 pendant une vente aux ench\u00e8res d&rsquo;objets d&rsquo;art. Une affaire dont se chargeront la capitaine de police Laurence Weber et son coll\u00e8gue St\u00e9phane Bernier. Deux fins limiers qui, apr\u00e8s la d\u00e9couverte d&rsquo;une myst\u00e9rieuse inscription, devront faire corps avec les l\u00e9gendes m\u00e9di\u00e9vales du coin pour arriver \u00e0 leurs fins&#8230; Une sacr\u00e9e intrigue qui profite d&rsquo;\u00e9crins particuliers, parmi les plus c\u00e9l\u00e8bres de la cit\u00e9 ducale. \u00c0 l&rsquo;\u00e9cran, se succ\u00e8dent ainsi la place et biblioth\u00e8que Stanislas, mais aussi la Villa Majorelle ou encore l&rsquo;H\u00f4tel de ville. De quoi ravir le producteur de l\u2019\u00e9pisode, Antonin Ehrenberg, qui a partag\u00e9 les secrets d&rsquo;autres jolis lieux dans les colonnes de l&rsquo;<a href=\"https:\/\/www.estrepublicain.fr\/culture-loisirs\/2022\/04\/27\/meurtres-a-nancy-le-tournage-du-telefilm-de-france-3-vient-de-debuter\" target=\"_blank\" rel=\"noopener\">Est R\u00e9publicain<\/a> : \u00ab\u00a0Nancy est une ville magnifique, avec des lieux de tournage qui le sont tout autant. On a aussi pris nos quartiers \u00e0 l\u2019ancienne facult\u00e9 de pharmacie, o\u00f9 l\u2019on a mis les loges, et o\u00f9 l\u2019on a deux d\u00e9cors principaux : le commissariat et la salle des ventes.\u00a0\u00bb<\/p>\n<p>                                L&rsquo;impact incontournable des Meurtres \u00e0&#8230; sur le tourisme<\/p>\n<p>En tout et pour tout, l&rsquo;\u00e9quipe de Meurtres \u00e0 Nancy a pass\u00e9 une vingtaine de jours \u00e0 filmer les merveilles de la ville aux portes d&rsquo;or. De quoi avoir un rendu int\u00e9ressant et attirer les t\u00e9l\u00e9spectateurs, qui ont \u00e9t\u00e9 5,06 millions lors de sa premi\u00e8re diffusion en octobre 2022. Un passage de Meurtres \u00e0&#8230; dans une ville, voil\u00e0 qui r\u00e9jouit \u00e9galement les officiels. Fran\u00e7ois Werner, vice-pr\u00e9sident d\u00e9l\u00e9gu\u00e9 au d\u00e9veloppement du tourisme \u00e0 Nancy, en avait d&rsquo;ailleurs fait \u00e9tat chez <a href=\"https:\/\/www.leparisien.fr\/culture-loisirs\/tv\/meurtres-a-sur-france-3-comment-la-serie-dope-le-tourisme-en-region-29-04-2023-FRMBNJRJNNA7XPTZ4IZRHIOVOU.php\" target=\"_blank\" rel=\"noopener\">Le Parisien<\/a> : \u00ab\u00a0En termes de retomb\u00e9es tr\u00e8s directes, le tournage repr\u00e9sente 1 400 nuit\u00e9es, soit l\u2019\u00e9quivalent d\u2019un gros congr\u00e8s, et l\u2019embauche de professionnels locaux. Nous ne sommes pas Nice ni Deauville. Pourtant, on ressent un enthousiasme de la part des \u00e9quipes de tournage.\u00a0\u00bb<\/p>\n","protected":false},"excerpt":{"rendered":"Aujourd&rsquo;hui \u00e0 11:00 &#8211; par Thomas Fourcroy Tweeter Partager sur Facebook Ce samedi 19 juillet, France 3 rediffuse&hellip;\n","protected":false},"author":2,"featured_media":259022,"comment_status":"","ping_status":"","sticky":false,"template":"","format":"standard","meta":{"footnotes":""},"categories":[9635],"tags":[1111,11,1777,674,1011,27,876,775,2706,3566,39838,1702,12,25],"class_list":{"0":"post-259021","1":"post","2":"type-post","3":"status-publish","4":"format-standard","5":"has-post-thumbnail","7":"category-nancy","8":"tag-actu","9":"tag-actualites","10":"tag-eu","11":"tag-europe","12":"tag-fr","13":"tag-france","14":"tag-france-3","15":"tag-grand-est","16":"tag-lieux-de-tournage","17":"tag-meurtres-u00e0","18":"tag-meurtres-u00e0-15102022-211000-france-3","19":"tag-nancy","20":"tag-news","21":"tag-republique-francaise"},"share_on_mastodon":{"url":"https:\/\/pubeurope.com\/@fr\/114880465063078803","error":""},"_links":{"self":[{"href":"https:\/\/www.europesays.com\/fr\/wp-json\/wp\/v2\/posts\/259021","targetHints":{"allow":["GET"]}}],"collection":[{"href":"https:\/\/www.europesays.com\/fr\/wp-json\/wp\/v2\/posts"}],"about":[{"href":"https:\/\/www.europesays.com\/fr\/wp-json\/wp\/v2\/types\/post"}],"author":[{"embeddable":true,"href":"https:\/\/www.europesays.com\/fr\/wp-json\/wp\/v2\/users\/2"}],"replies":[{"embeddable":true,"href":"https:\/\/www.europesays.com\/fr\/wp-json\/wp\/v2\/comments?post=259021"}],"version-history":[{"count":0,"href":"https:\/\/www.europesays.com\/fr\/wp-json\/wp\/v2\/posts\/259021\/revisions"}],"wp:featuredmedia":[{"embeddable":true,"href":"https:\/\/www.europesays.com\/fr\/wp-json\/wp\/v2\/media\/259022"}],"wp:attachment":[{"href":"https:\/\/www.europesays.com\/fr\/wp-json\/wp\/v2\/media?parent=259021"}],"wp:term":[{"taxonomy":"category","embeddable":true,"href":"https:\/\/www.europesays.com\/fr\/wp-json\/wp\/v2\/categories?post=259021"},{"taxonomy":"post_tag","embeddable":true,"href":"https:\/\/www.europesays.com\/fr\/wp-json\/wp\/v2\/tags?post=259021"}],"curies":[{"name":"wp","href":"https:\/\/api.w.org\/{rel}","templated":true}]}}