{"id":259037,"date":"2025-07-19T15:01:14","date_gmt":"2025-07-19T15:01:14","guid":{"rendered":"https:\/\/www.europesays.com\/fr\/259037\/"},"modified":"2025-07-19T15:01:14","modified_gmt":"2025-07-19T15:01:14","slug":"en-ille-et-vilaine-un-celebre-dj-present-pour-une-nouvelle-soiree-electro-dexception","status":"publish","type":"post","link":"https:\/\/www.europesays.com\/fr\/259037\/","title":{"rendered":"En Ille-et-Vilaine, un c\u00e9l\u00e8bre DJ pr\u00e9sent pour une nouvelle soir\u00e9e \u00e9lectro d\u2019exception"},"content":{"rendered":"<p>Apr\u00e8s le succ\u00e8s de Cerrone en 2023 et de Synapson en 2024, la Ville de Dinard et <a href=\"https:\/\/www.letelegramme.fr\/ille-et-vilaine\/dinard-35800\/on-veut-monter-en-gamme-ambitieux-le-plus-grand-casino-de-bretagne-retrouve-son-cachet-historique-6849294.php\" target=\"_blank\" rel=\"noopener\">le Casino Barri\u00e8re<\/a> proposent une nouvelle soir\u00e9e \u00e9lectro d\u2019exception sur la plage de l\u2019\u00c9cluse, ce dimanche 20 juillet. Au programme, un concert exceptionnel en DJ Set de Feder, figure embl\u00e9matique de la sc\u00e8ne \u00e9lectro fran\u00e7aise, suivi d\u2019un spectacle pyrotechnique sur le th\u00e8me de la french touch. Et c\u2019est gratuit !<\/p>\n<p>Un feu d\u2019artifice inspir\u00e9 de la French Touch<\/p>\n<p>Le c\u00e9l\u00e8bre DJ ni\u00e7ois Feder (Hadrien Federiconi), v\u00e9ritable pilier de la \u00ab French Touch \u00bb, fort de 1,5 milliard de \u00ab streams \u00bb sur les plateformes musicales et 300 millions de vues sur Youtube, ouvrira le bal \u00e0 20 h 30, sur la plage de l\u2019Ecluse, transform\u00e9e en piste de dance \u00e0 ciel ouvert, pour l\u2019occasion.<\/p>\n<p>R\u00e9v\u00e9l\u00e9 en 2015 par le tube plan\u00e9taire Goodbye, class\u00e9 n\u00b01 sur iTunes dans 22 pays, Feder a depuis encha\u00een\u00e9 les succ\u00e8s et les collaborations prestigieuses, de Lordly \u00e0 ses productions pour Myl\u00e8ne Farmer, en passant par des titres avec Dan Caplen ou le rappeur Sadek. Son style, entre deep house et pop \u00e9lectro, a conquis un large public \u00e0 travers le monde. Ce concert s\u2019inscrit dans le cadre du mini-tour europ\u00e9en 2025 de l\u2019artiste.<\/p>\n<p>\u00c0 23 h 15, le ciel, entre Malouine et Moulinet, s\u2019illuminera avec un spectacle pyrotechnique in\u00e9dit, imagin\u00e9 par la soci\u00e9t\u00e9 F\u00e9\u00e9rie. Cette cr\u00e9ation originale rendra hommage \u00e0 l\u2019univers de la French Touch, dans une explosion de lumi\u00e8re, de musique et de couleurs qui viendra sublimer la baie de Dinard.<\/p>\n<p>Pour cl\u00f4turer cette soir\u00e9e, le DJ dinardais, L\u00e9o C\u2019, prendra le relais aux platines pour prolonger l\u2019ambiance festive jusqu\u2019\u00e0 la fin de la nuit. Les feux d\u2019artifice \u00e0 Dinard sont r\u00e9put\u00e9s et attirent souvent pr\u00e8s de 40 000 personnes.<\/p>\n<p><strong>Pratique. <\/strong>Dimanche 20 juillet 2025, plage de l\u2018\u00a0\u00c9cluse, entr\u00e9e libre. \u00c0 21 h 30 : DJ set de Feder ; \u00e0 23 h 15 : Feu d\u2019artifice \u00ab French Touch \u00bb, suivi du Set du DJ L\u00e9o C\u2019. <\/p>\n","protected":false},"excerpt":{"rendered":"Apr\u00e8s le succ\u00e8s de Cerrone en 2023 et de Synapson en 2024, la Ville de Dinard et le&hellip;\n","protected":false},"author":2,"featured_media":259038,"comment_status":"","ping_status":"","sticky":false,"template":"","format":"standard","meta":{"footnotes":""},"categories":[2821],"tags":[1111,11,829,24351,1777,674,1011,27,848,12,584,25],"class_list":{"0":"post-259037","1":"post","2":"type-post","3":"status-publish","4":"format-standard","5":"has-post-thumbnail","7":"category-rennes","8":"tag-actu","9":"tag-actualites","10":"tag-bretagne","11":"tag-dinard","12":"tag-eu","13":"tag-europe","14":"tag-fr","15":"tag-france","16":"tag-ille-et-vilaine","17":"tag-news","18":"tag-rennes","19":"tag-republique-francaise"},"share_on_mastodon":{"url":"https:\/\/pubeurope.com\/@fr\/114880504313176875","error":""},"_links":{"self":[{"href":"https:\/\/www.europesays.com\/fr\/wp-json\/wp\/v2\/posts\/259037","targetHints":{"allow":["GET"]}}],"collection":[{"href":"https:\/\/www.europesays.com\/fr\/wp-json\/wp\/v2\/posts"}],"about":[{"href":"https:\/\/www.europesays.com\/fr\/wp-json\/wp\/v2\/types\/post"}],"author":[{"embeddable":true,"href":"https:\/\/www.europesays.com\/fr\/wp-json\/wp\/v2\/users\/2"}],"replies":[{"embeddable":true,"href":"https:\/\/www.europesays.com\/fr\/wp-json\/wp\/v2\/comments?post=259037"}],"version-history":[{"count":0,"href":"https:\/\/www.europesays.com\/fr\/wp-json\/wp\/v2\/posts\/259037\/revisions"}],"wp:featuredmedia":[{"embeddable":true,"href":"https:\/\/www.europesays.com\/fr\/wp-json\/wp\/v2\/media\/259038"}],"wp:attachment":[{"href":"https:\/\/www.europesays.com\/fr\/wp-json\/wp\/v2\/media?parent=259037"}],"wp:term":[{"taxonomy":"category","embeddable":true,"href":"https:\/\/www.europesays.com\/fr\/wp-json\/wp\/v2\/categories?post=259037"},{"taxonomy":"post_tag","embeddable":true,"href":"https:\/\/www.europesays.com\/fr\/wp-json\/wp\/v2\/tags?post=259037"}],"curies":[{"name":"wp","href":"https:\/\/api.w.org\/{rel}","templated":true}]}}