{"id":259039,"date":"2025-07-19T15:02:19","date_gmt":"2025-07-19T15:02:19","guid":{"rendered":"https:\/\/www.europesays.com\/fr\/259039\/"},"modified":"2025-07-19T15:02:19","modified_gmt":"2025-07-19T15:02:19","slug":"mercato-apres-quentin-merlin-rennes-fonce-sur-un-cadre-de-lom","status":"publish","type":"post","link":"https:\/\/www.europesays.com\/fr\/259039\/","title":{"rendered":"Mercato : Apr\u00e8s Quentin Merlin, Rennes fonce sur un cadre de l\u2019OM"},"content":{"rendered":"<p data-testid=\"article-teaser\">Rennes, toujours actif sur le march\u00e9, pourrait bien surprendre l\u2019OM avec une double offensive inattendue pour renforcer son effectif.<\/p>\n<p>Le mercato d\u2019\u00e9t\u00e9 prend une tournure strat\u00e9gique du c\u00f4t\u00e9 du Roazhon Park. En qu\u00eate de renforts cibl\u00e9s pour \u00e9quilibrer son effectif, le Stade Rennais s\u2019active en coulisses. Et c\u2019est du c\u00f4t\u00e9 de Marseille que les Bretons ont d\u00e9cid\u00e9 de creuser leur sillon. Apr\u00e8s avoir ouvert les discussions pour Quentin Merlin, les dirigeants rennais lorgnent \u00e0 pr\u00e9sent un autre joueur d\u2019exp\u00e9rience au c\u0153ur du jeu olympien.<\/p>\n<p>L&rsquo;article continue ci-dessous<\/p>\n","protected":false},"excerpt":{"rendered":"Rennes, toujours actif sur le march\u00e9, pourrait bien surprendre l\u2019OM avec une double offensive inattendue pour renforcer son&hellip;\n","protected":false},"author":2,"featured_media":259040,"comment_status":"","ping_status":"","sticky":false,"template":"","format":"standard","meta":{"footnotes":""},"categories":[2821],"tags":[1111,11,829,1777,674,1011,27,66,884,1434,12,27032,584,25,28401,23718],"class_list":{"0":"post-259039","1":"post","2":"type-post","3":"status-publish","4":"format-standard","5":"has-post-thumbnail","7":"category-rennes","8":"tag-actu","9":"tag-actualites","10":"tag-bretagne","11":"tag-eu","12":"tag-europe","13":"tag-fr","14":"tag-france","15":"tag-ligue-1","16":"tag-marseille","17":"tag-mercato","18":"tag-news","19":"tag-q-merlin","20":"tag-rennes","21":"tag-republique-francaise","22":"tag-transfers","23":"tag-v-rongier"},"share_on_mastodon":{"url":"https:\/\/pubeurope.com\/@fr\/114880508381757637","error":""},"_links":{"self":[{"href":"https:\/\/www.europesays.com\/fr\/wp-json\/wp\/v2\/posts\/259039","targetHints":{"allow":["GET"]}}],"collection":[{"href":"https:\/\/www.europesays.com\/fr\/wp-json\/wp\/v2\/posts"}],"about":[{"href":"https:\/\/www.europesays.com\/fr\/wp-json\/wp\/v2\/types\/post"}],"author":[{"embeddable":true,"href":"https:\/\/www.europesays.com\/fr\/wp-json\/wp\/v2\/users\/2"}],"replies":[{"embeddable":true,"href":"https:\/\/www.europesays.com\/fr\/wp-json\/wp\/v2\/comments?post=259039"}],"version-history":[{"count":0,"href":"https:\/\/www.europesays.com\/fr\/wp-json\/wp\/v2\/posts\/259039\/revisions"}],"wp:featuredmedia":[{"embeddable":true,"href":"https:\/\/www.europesays.com\/fr\/wp-json\/wp\/v2\/media\/259040"}],"wp:attachment":[{"href":"https:\/\/www.europesays.com\/fr\/wp-json\/wp\/v2\/media?parent=259039"}],"wp:term":[{"taxonomy":"category","embeddable":true,"href":"https:\/\/www.europesays.com\/fr\/wp-json\/wp\/v2\/categories?post=259039"},{"taxonomy":"post_tag","embeddable":true,"href":"https:\/\/www.europesays.com\/fr\/wp-json\/wp\/v2\/tags?post=259039"}],"curies":[{"name":"wp","href":"https:\/\/api.w.org\/{rel}","templated":true}]}}