{"id":259041,"date":"2025-07-19T15:03:10","date_gmt":"2025-07-19T15:03:10","guid":{"rendered":"https:\/\/www.europesays.com\/fr\/259041\/"},"modified":"2025-07-19T15:03:10","modified_gmt":"2025-07-19T15:03:10","slug":"strasbourg-un-an-apres-la-premiere-annonce-de-sa-liquidation-le-magasin-toto-tissus-a-ferme-pour-de-bon","status":"publish","type":"post","link":"https:\/\/www.europesays.com\/fr\/259041\/","title":{"rendered":"Strasbourg. Un an apr\u00e8s la premi\u00e8re annonce de sa liquidation, le magasin Toto Tissus a ferm\u00e9 pour de bon"},"content":{"rendered":"<p>\u00ab\u00a0Je croyais que \u00e7a ne devait finalement pas fermer\u00a0!\u00a0\u00bb s\u2019exclame une jeune fille, d\u00e9sempar\u00e9e devant les portes closes de l\u2019enseigne Toto Tissus. Depuis plusieurs jours, on ne distingue plus \u00e2me qui vive \u00e0 travers les vitres. Seule une affiche jaune avec l\u2019inscription manuscrite \u00ab\u00a0Fermeture d\u00e9finitive\u00a0\u00bb informe les derniers habitu\u00e9s qui ont suivi les diff\u00e9rentes \u00e9tapes de la chute comme un mauvais feuilleton.<\/p>\n<p><a href=\"https:\/\/www.dna.fr\/economie\/2024\/05\/28\/toto-tissus-en-liquidation-totale-avant-sa-fermeture-definitive\" target=\"_blank\" rel=\"nofollow noopener\">Fin mai\u00a02024, Toto Tissus annon\u00e7ait sa fermeture d\u00e9finitive<\/a> en r\u00e9alisant une liquidation totale. Un coup dur pour les couturi\u00e8res et autres habitu\u00e9s de cette caverne d\u2019Ali Baba, ouverte depuis 1982. D\u2019autant plus que le magasin strasbourgeois marchait bien, faisant partie des plus rentables de la marque, qui comptait 44 magasins dans toute la France.<\/p>\n<p>  Des dizaines de magasins ferm\u00e9s du jour au lendemain<\/p>\n<p><a href=\"https:\/\/www.dna.fr\/economie\/2024\/10\/11\/annonce-comme-ferme-cet-ete-toto-tissus-reste-finalement-ouvert\" target=\"_blank\" rel=\"nofollow noopener\">Puis les mois ont pass\u00e9, et le magasin n\u2019a pas ferm\u00e9.<\/a> En octobre, les placards publicitaires criards annon\u00e7ant la fermeture avaient m\u00eame \u00e9t\u00e9 arrach\u00e9s. \u00ab\u00a0La tentative de reprise n\u2019a pas abouti, donc nous continuons\u00a0\u00bb, avait alors expliqu\u00e9 l\u2019ancienne responsable du magasin \u00e0 notre coll\u00e8gue. Joie des salari\u00e9s qui pouvaient ainsi garder leur emploi, et des clients qui peinaient \u00e0 trouver une solution de secours sans devoir sortir de Strasbourg.<\/p>\n<p>Ce contenu est bloqu\u00e9 car vous n&rsquo;avez pas accept\u00e9 les cookies et autres traceurs.<\/p>\n<p>En cliquant sur \u00ab J\u2019accepte \u00bb, les cookies et autres traceurs seront d\u00e9pos\u00e9s et vous pourrez visualiser les contenus  (<a href=\"\" class=\"consentModule_policy\" target=\"_blank\" title=\"Consulter la politique de protection des donn\u00e9es du fournisseur\">plus d&rsquo;informations<\/a>).<\/p>\n<p>En cliquant sur \u00ab J\u2019accepte tous les cookies \u00bb, vous autorisez des d\u00e9p\u00f4ts de cookies et autres traceurs pour le stockage de vos donn\u00e9es sur nos sites et applications \u00e0 des fins de personnalisation et de ciblage publicitaire.<\/p>\n<p class=\"consentModule_secondaryText\">Vous gardez la possibilit\u00e9 de retirer votre consentement \u00e0 tout moment en consultant notre <a href=\"https:\/\/www.dna.fr\/protection-des-donnees\" target=\"_blank\" title=\"Consulter notre politique de protection des donn\u00e9es\" rel=\"nofollow noopener\">politique de protection des donn\u00e9es<\/a>. <br \/>&#13;<br \/>\n            <a href=\"https:\/\/www.dna.fr\/economie\/2025\/07\/19\/javascript:Didomi.notice.show()\" class=\"consentModule_cmp\" rel=\"nofollow noopener\" target=\"_blank\">G\u00e9rer mes choix<\/a>&#13;\n        <\/p>\n<p>&#13;<br \/>\n                        J&rsquo;accepte&#13;<br \/>\n            J&rsquo;accepte tous les cookies&#13;\n        <\/p>\n<p>Mais voil\u00e0 que la belle histoire a tourn\u00e9 \u00e0 la mauvaise blague (de Toto). Le 26\u00a0juin dernier, la marque annon\u00e7ait sur ses r\u00e9seaux sociaux la fermeture totale de tous ses magasins depuis la veille. \u00ab\u00a0Comment pouvez-vous nous pr\u00e9venir le lendemain de la fermeture\u00a0? Preuve que vous n\u2019aviez aucune consid\u00e9ration pour vos clientes\u00a0\u00bb, s\u2019agace une femme en commentaire. Strasbourg n\u2019a pas fait exception. Les portes se sont d\u00e9finitivement ferm\u00e9es sans m\u00eame une liquidation. \u00c0 travers les vitres sales, on aper\u00e7oit des \u00e9talages encore remplis de tissus\u2026<\/p>\n","protected":false},"excerpt":{"rendered":"\u00ab\u00a0Je croyais que \u00e7a ne devait finalement pas fermer\u00a0!\u00a0\u00bb s\u2019exclame une jeune fille, d\u00e9sempar\u00e9e devant les portes closes&hellip;\n","protected":false},"author":2,"featured_media":259042,"comment_status":"","ping_status":"","sticky":false,"template":"","format":"standard","meta":{"footnotes":""},"categories":[2820],"tags":[1111,11,4406,33,2880,1777,674,107,1011,27,775,12,25,640,2879],"class_list":{"0":"post-259041","1":"post","2":"type-post","3":"status-publish","4":"format-standard","5":"has-post-thumbnail","7":"category-strasbourg","8":"tag-actu","9":"tag-actualites","10":"tag-commerce-et-services","11":"tag-economie","12":"tag-edition-strasbourg","13":"tag-eu","14":"tag-europe","15":"tag-fil-info","16":"tag-fr","17":"tag-france","18":"tag-grand-est","19":"tag-news","20":"tag-republique-francaise","21":"tag-strasbourg","22":"tag-strasbourg-ville"},"share_on_mastodon":{"url":"https:\/\/pubeurope.com\/@fr\/114880512188341203","error":""},"_links":{"self":[{"href":"https:\/\/www.europesays.com\/fr\/wp-json\/wp\/v2\/posts\/259041","targetHints":{"allow":["GET"]}}],"collection":[{"href":"https:\/\/www.europesays.com\/fr\/wp-json\/wp\/v2\/posts"}],"about":[{"href":"https:\/\/www.europesays.com\/fr\/wp-json\/wp\/v2\/types\/post"}],"author":[{"embeddable":true,"href":"https:\/\/www.europesays.com\/fr\/wp-json\/wp\/v2\/users\/2"}],"replies":[{"embeddable":true,"href":"https:\/\/www.europesays.com\/fr\/wp-json\/wp\/v2\/comments?post=259041"}],"version-history":[{"count":0,"href":"https:\/\/www.europesays.com\/fr\/wp-json\/wp\/v2\/posts\/259041\/revisions"}],"wp:featuredmedia":[{"embeddable":true,"href":"https:\/\/www.europesays.com\/fr\/wp-json\/wp\/v2\/media\/259042"}],"wp:attachment":[{"href":"https:\/\/www.europesays.com\/fr\/wp-json\/wp\/v2\/media?parent=259041"}],"wp:term":[{"taxonomy":"category","embeddable":true,"href":"https:\/\/www.europesays.com\/fr\/wp-json\/wp\/v2\/categories?post=259041"},{"taxonomy":"post_tag","embeddable":true,"href":"https:\/\/www.europesays.com\/fr\/wp-json\/wp\/v2\/tags?post=259041"}],"curies":[{"name":"wp","href":"https:\/\/api.w.org\/{rel}","templated":true}]}}