{"id":259045,"date":"2025-07-19T15:05:11","date_gmt":"2025-07-19T15:05:11","guid":{"rendered":"https:\/\/www.europesays.com\/fr\/259045\/"},"modified":"2025-07-19T15:05:11","modified_gmt":"2025-07-19T15:05:11","slug":"suspicion-de-pollution-les-trois-plages-fermees-vendredi-a-cagnes-sur-mer-ont-rouvert-ce-samedi-midi","status":"publish","type":"post","link":"https:\/\/www.europesays.com\/fr\/259045\/","title":{"rendered":"\u00ab\u00a0Suspicion de pollution\u00a0\u00bb: les trois plages ferm\u00e9es vendredi \u00e0 Cagnes-sur-Mer ont rouvert ce samedi midi"},"content":{"rendered":"<p>\u00c0 grand renfort de gestes et d&rsquo;appels au m\u00e9gaphone, <strong>les baigneurs avaient \u00e9t\u00e9 \u00e9vacu\u00e9s de l&rsquo;eau d\u00e8s 15h, ce vendredi 18 juillet. <\/strong><\/p>\n<p>En effet, \u00e0 Cagnes-sur-Mer, <a href=\"https:\/\/www.nicematin.com\/sante\/suspicion-de-pollution-analyse-en-cours-cagnes-sur-mer-ferment-plusieurs-plages-a-la-baignade-ce-vendredi-en-fin-d-apres-midi-994842?t=1752927948\" target=\"_blank\" rel=\"noopener nofollow\">la municipalit\u00e9 \u00e9tait contrainte de fermer trois plages \u00e0 la baignade <strong>en raison d&rsquo;une \u00ab\u00a0suspicion de pollution\u00a0\u00bb<\/strong><\/a>.<\/p>\n<p>Concern\u00e9es: celles\u00a0du Port, de l\u2019Entr\u00e9e du port et de l\u2019\u00c9glise, <strong>jusqu&rsquo;\u00e0 l&rsquo;\u00e9tablissement priv\u00e9 Le Carr\u00e9 bleu.<\/strong><\/p>\n<p><strong>Ce samedi 19 juillet<\/strong>, alors que les estivants regardaient l&rsquo;eau en chien de fa\u00efence (avec interdiction d&rsquo;y rentrer, donc), <strong>le drapeau vert a remplac\u00e9 le rouge \u00e0 11h35<\/strong>.<\/p>\n<p>Dans un message post\u00e9 sur les r\u00e9seaux sociaux de la Ville quasi simultan\u00e9ment, le maire de Cagnes-sur-Mer, Louis N\u00e8gre, a indiqu\u00e9: <strong>\u00ab\u00a0Les r\u00e9sultats des analyses effectu\u00e9es dans le cadre de la suspicion de pollution en mer sont au vert<\/strong>. Les plages ferm\u00e9es [ce vendredi] par mesure de pr\u00e9caution, ont donc rouvert il y a quelques minutes\u00a0\u00bb.<\/p>\n<p>                                <strong>Les causes de l&rsquo;\u00e9pisode pas encore connues<\/strong><\/p>\n<p>Fausse alerte ou dissipation de la pollution marine envisag\u00e9e ce vendredi? <strong>Il faudra encore patienter pour le savoir&#8230;<\/strong><\/p>\n<p>Dans son post, l&rsquo;\u00e9dile pr\u00e9cise ainsi \u00e0 la mi-journ\u00e9e: <strong>\u00ab\u00a0L&rsquo;enqu\u00eate pour identifier la source de cet incident est toujours en cours\u00a0\u00bb.\u00a0<\/strong><\/p>\n<p>Joint par t\u00e9l\u00e9phone vendredi soir tard, l&rsquo;\u00e9lu indiquait que les investigations convergeaient alors vers un <strong>incident survenu depuis le vallon des Vaux<\/strong>, au niveau du quartier du Val-Fleuri et \u00e9cartait formellement tout lien \u00ab\u00a0avec l&rsquo;assainissement\u00a0\u00bb.\u00a0<\/p>\n","protected":false},"excerpt":{"rendered":"\u00c0 grand renfort de gestes et d&rsquo;appels au m\u00e9gaphone, les baigneurs avaient \u00e9t\u00e9 \u00e9vacu\u00e9s de l&rsquo;eau d\u00e8s 15h,&hellip;\n","protected":false},"author":2,"featured_media":259046,"comment_status":"","ping_status":"","sticky":false,"template":"","format":"standard","meta":{"footnotes":""},"categories":[2819],"tags":[1111,11,436,1777,674,1011,27,12,2401,882,25,71],"class_list":{"0":"post-259045","1":"post","2":"type-post","3":"status-publish","4":"format-standard","5":"has-post-thumbnail","7":"category-nice","8":"tag-actu","9":"tag-actualites","10":"tag-environnement","11":"tag-eu","12":"tag-europe","13":"tag-fr","14":"tag-france","15":"tag-news","16":"tag-nice","17":"tag-provence-alpes-cote-dazur","18":"tag-republique-francaise","19":"tag-sante"},"share_on_mastodon":{"url":"https:\/\/pubeurope.com\/@fr\/114880520061435747","error":""},"_links":{"self":[{"href":"https:\/\/www.europesays.com\/fr\/wp-json\/wp\/v2\/posts\/259045","targetHints":{"allow":["GET"]}}],"collection":[{"href":"https:\/\/www.europesays.com\/fr\/wp-json\/wp\/v2\/posts"}],"about":[{"href":"https:\/\/www.europesays.com\/fr\/wp-json\/wp\/v2\/types\/post"}],"author":[{"embeddable":true,"href":"https:\/\/www.europesays.com\/fr\/wp-json\/wp\/v2\/users\/2"}],"replies":[{"embeddable":true,"href":"https:\/\/www.europesays.com\/fr\/wp-json\/wp\/v2\/comments?post=259045"}],"version-history":[{"count":0,"href":"https:\/\/www.europesays.com\/fr\/wp-json\/wp\/v2\/posts\/259045\/revisions"}],"wp:featuredmedia":[{"embeddable":true,"href":"https:\/\/www.europesays.com\/fr\/wp-json\/wp\/v2\/media\/259046"}],"wp:attachment":[{"href":"https:\/\/www.europesays.com\/fr\/wp-json\/wp\/v2\/media?parent=259045"}],"wp:term":[{"taxonomy":"category","embeddable":true,"href":"https:\/\/www.europesays.com\/fr\/wp-json\/wp\/v2\/categories?post=259045"},{"taxonomy":"post_tag","embeddable":true,"href":"https:\/\/www.europesays.com\/fr\/wp-json\/wp\/v2\/tags?post=259045"}],"curies":[{"name":"wp","href":"https:\/\/api.w.org\/{rel}","templated":true}]}}