{"id":259055,"date":"2025-07-19T15:10:10","date_gmt":"2025-07-19T15:10:10","guid":{"rendered":"https:\/\/www.europesays.com\/fr\/259055\/"},"modified":"2025-07-19T15:10:10","modified_gmt":"2025-07-19T15:10:10","slug":"alain-anziani-ancien-president-de-la-metropole-de-bordeaux-est-decede","status":"publish","type":"post","link":"https:\/\/www.europesays.com\/fr\/259055\/","title":{"rendered":"Alain Anziani, ancien pr\u00e9sident de la m\u00e9tropole de Bordeaux, est d\u00e9c\u00e9d\u00e9"},"content":{"rendered":"<p>Il avait \u00e9t\u00e9 maire de <a href=\"https:\/\/objectifaquitaine.latribune.fr\/politique\/2021-01-12\/merignac-reste-attractive-et-investira-davantage-en-2021-871332.html\" target=\"_blank\" rel=\"nofollow noopener\">M\u00e9rignac<\/a> (Gironde) pendant onze ans et pr\u00e9sident de Bordeaux M\u00e9tropole. Alain Anziani est d\u00e9c\u00e9d\u00e9 samedi \u00e0 l&rsquo;\u00e2ge de 74 ans, a annonc\u00e9 la Ville de M\u00e9rignac. Il \u00e9tait atteint de deux cancers et de la maladie de Parkinson. Avocat de profession, Anziani fut conseiller r\u00e9gional d&rsquo;Aquitaine puis s\u00e9nateur. Il \u00e9tait une grande figure du <a href=\"https:\/\/www.latribune.fr\/la-tribune-dimanche\/politique\/olivier-faure-premier-secretaire-du-ps-il-y-aura-un-candidat-commun-de-la-gauche-et-des-ecologistes-1026878.html\" target=\"_blank\" rel=\"nofollow noopener\">Parti socialiste<\/a> en Gironde, o\u00f9 il militait depuis ses 17 ans et dont il dirigea la f\u00e9d\u00e9ration d\u00e9partementale de 1993 \u00e0 2009 ; un record.<\/p>\n<p>En 2017, la loi sur le cumul des mandats le pousse \u00e0 quitter la chambre haute pour revenir \u00e0 ses fonctions locales. Il conserve son si\u00e8ge de maire de M\u00e9rignac, c\u00e9d\u00e9 en 2014 par Michel Sainte-Marie qui l&rsquo;avait fait patienter pendant plus de dix ans, estimant qu&rsquo;il n&rsquo;\u00e9tait \u00ab pas assez connu \u00bb des habitants. Diminu\u00e9 par la maladie, il avait d\u00e9missionn\u00e9 de son mandat au printemps dernier. Son retour au conseil municipal en octobre apr\u00e8s une longue hospitalisation avait \u00e9t\u00e9 salu\u00e9 \u00e0 l&rsquo;unanimit\u00e9.<\/p>\n<p>Plus t\u00f4t, en 2024, il avait d\u00e9j\u00e0 annonc\u00e9 son retrait de la pr\u00e9sidence de la m\u00e9tropole. \u00ab Je ne veux pas \u00eatre un pr\u00e9sident fantoche \u00bb, d\u00e9clarait-il alors, passant un message de sensibilisation au d\u00e9pistage. \u00c0 son bilan local figurent notamment des mesures sur les transports. \u00ab Une page de l&rsquo;histoire politique girondine se tourne \u00bb, a r\u00e9agi le pr\u00e9sident de la r\u00e9gion Nouvelle-Aquitaine Alain Rousset, saluant la \u00ab profondeur de pens\u00e9e \u00bb et la \u00ab\u00a0capacit\u00e9 \u00e0 rester sto\u00efque en toutes situations \u00bb de celui qu&rsquo;il consid\u00e8re comme un fr\u00e8re. Un hommage public lui sera rendu \u00e0 M\u00e9rignac lundi \u00e0 12 heures.<\/p>\n","protected":false},"excerpt":{"rendered":"Il avait \u00e9t\u00e9 maire de M\u00e9rignac (Gironde) pendant onze ans et pr\u00e9sident de Bordeaux M\u00e9tropole. Alain Anziani est&hellip;\n","protected":false},"author":2,"featured_media":259056,"comment_status":"","ping_status":"","sticky":false,"template":"","format":"standard","meta":{"footnotes":""},"categories":[2817],"tags":[17,1111,11,13876,4255,39920,1997,932,1777,674,1011,27,3102,2800,12,2219,4919,25],"class_list":{"0":"post-259055","1":"post","2":"type-post","3":"status-publish","4":"format-standard","5":"has-post-thumbnail","7":"category-bordeaux","8":"tag-17","9":"tag-actu","10":"tag-actualites","11":"tag-alain","12":"tag-ancien","13":"tag-anziani","14":"tag-bordeaux","15":"tag-est","16":"tag-eu","17":"tag-europe","18":"tag-fr","19":"tag-france","20":"tag-la-tribune-dimanche","21":"tag-metropole","22":"tag-news","23":"tag-nouvelle-aquitaine","24":"tag-president","25":"tag-republique-francaise"},"share_on_mastodon":{"url":"https:\/\/pubeurope.com\/@fr\/114880539768771894","error":""},"_links":{"self":[{"href":"https:\/\/www.europesays.com\/fr\/wp-json\/wp\/v2\/posts\/259055","targetHints":{"allow":["GET"]}}],"collection":[{"href":"https:\/\/www.europesays.com\/fr\/wp-json\/wp\/v2\/posts"}],"about":[{"href":"https:\/\/www.europesays.com\/fr\/wp-json\/wp\/v2\/types\/post"}],"author":[{"embeddable":true,"href":"https:\/\/www.europesays.com\/fr\/wp-json\/wp\/v2\/users\/2"}],"replies":[{"embeddable":true,"href":"https:\/\/www.europesays.com\/fr\/wp-json\/wp\/v2\/comments?post=259055"}],"version-history":[{"count":0,"href":"https:\/\/www.europesays.com\/fr\/wp-json\/wp\/v2\/posts\/259055\/revisions"}],"wp:featuredmedia":[{"embeddable":true,"href":"https:\/\/www.europesays.com\/fr\/wp-json\/wp\/v2\/media\/259056"}],"wp:attachment":[{"href":"https:\/\/www.europesays.com\/fr\/wp-json\/wp\/v2\/media?parent=259055"}],"wp:term":[{"taxonomy":"category","embeddable":true,"href":"https:\/\/www.europesays.com\/fr\/wp-json\/wp\/v2\/categories?post=259055"},{"taxonomy":"post_tag","embeddable":true,"href":"https:\/\/www.europesays.com\/fr\/wp-json\/wp\/v2\/tags?post=259055"}],"curies":[{"name":"wp","href":"https:\/\/api.w.org\/{rel}","templated":true}]}}