{"id":259069,"date":"2025-07-19T15:21:10","date_gmt":"2025-07-19T15:21:10","guid":{"rendered":"https:\/\/www.europesays.com\/fr\/259069\/"},"modified":"2025-07-19T15:21:10","modified_gmt":"2025-07-19T15:21:10","slug":"candidat-a-la-legislative-partielle-a-paris-michel-barnier-joue-lapaisement","status":"publish","type":"post","link":"https:\/\/www.europesays.com\/fr\/259069\/","title":{"rendered":"candidat \u00e0 la l\u00e9gislative partielle \u00e0 Paris, Michel Barnier joue l&rsquo;apaisement"},"content":{"rendered":"<p>            Par<br \/>\n        <strong><br \/>\n            <a href=\"https:\/\/actu.fr\/auteur\/antoine-grotteria02\" title=\"Consulter tous les articles de Antoine Grotteria\" target=\"_blank\" rel=\"noopener\">Antoine Grotteria<\/a><br \/>\n        <\/strong><\/p>\n<p>        Publi\u00e9 le<\/p>\n<p>            19 juil. 2025 \u00e0 15h29        <\/p>\n<p><a href=\"https:\/\/actu.fr\/tag\/rachida-dati\" target=\"_blank\" rel=\"noopener\">Rachida Dati<\/a> comptait bien se servir de <a href=\"https:\/\/actu.fr\/tag\/michel-barnier\" target=\"_blank\" rel=\"noopener\">Michel Barnier<\/a> pour la course \u00e0 l\u2019H\u00f4tel de Ville. Or, la candidature de l\u2019ex-Premier ministre \u00e0 <strong>l\u2019\u00e9lection partielle de la 2e circonscription<\/strong> de <a href=\"https:\/\/actu.fr\/paris\/\" target=\"_blank\" rel=\"noopener\">Paris<\/a> ne lui a pas plu, comme l\u2019a rapport\u00e9 Le Parisien. C\u2019est d\u00e9sormais \u00e0 l\u2019ancien n\u00e9gociateur en chef de l\u2019Union europ\u00e9enne de prendre sa plume pour tenter d\u2019<strong>\u00e9teindre la pol\u00e9mique<\/strong>, vendredi 18\u00a0juillet 2025.<\/p>\n<p>Une \u00e9lection symbolique<\/p>\n<p class=\" wall-content\">Dans un courrier adress\u00e9 aux militants parisiens du parti LR, Michel Barnier a assur\u00e9 n\u2019avoir \u00ab\u2009aucune ambition municipale\u2009\u00bb en 2026. \u00ab\u2009Mon engagement est <strong>exclusif<\/strong> et <strong>loyal<\/strong>\u2009: repr\u00e9senter notre circonscription \u00e0 l\u2019Assembl\u00e9e nationale avec s\u00e9rieux, dignit\u00e9 et constance\u2009\u00bb, a-t-il \u00e9crit dans une missive relay\u00e9e sur le r\u00e9seau social X.<\/p>\n<p class=\" wall-content\">\n<p class=\" wall-content\">Depuis <a href=\"https:\/\/actu.fr\/ile-de-france\/paris_75056\/un-depute-de-paris-contraint-de-demissionner-apres-avoir-ete-declare-ineligible-par-le-conseil-constitutionnel_62900531.html\" target=\"_blank\" rel=\"noopener\">l\u2019invalidation<\/a> de l\u2019\u00e9lection du d\u00e9put\u00e9 Renaissance <strong>Jean Lassucq<\/strong> par le Conseil constitutionnel pour des irr\u00e9gularit\u00e9s de comptes, la 2e circonscription, qui rassemble les <strong>5e, 6e et 7e arrondissements<\/strong>, suscite les convoitises. Outre l\u2019ex-chef du gouvernement, d\u2019autres cadors pourraient entrer dans le bal des pr\u00e9tendants.<\/p>\n<p class=\" wall-content\">Il s\u2019agit de la ministre d\u00e9l\u00e9gu\u00e9e \u00e0 l\u2019intelligence artificielle <strong>Clara Chappaz<\/strong> et de la ministre de la Culture Rachida Dati, selon des informations du Parisien. \u00c0 l\u2019extr\u00eame droite, l\u2019eurod\u00e9put\u00e9 RN <a href=\"https:\/\/actu.fr\/ile-de-france\/paris_75056\/a-paris-le-depute-rn-thierry-mariani-sera-lui-aussi-candidat-aux-elections-legislatives-partielles_62928734.html\" target=\"_blank\" rel=\"noopener\">Thierry Mariani<\/a> est \u00e9galement entr\u00e9 dans la bataille.\u00a0Cette course intervient \u00e0 quelques mois des municipales, un scrutin auquel souhaite participer Rachida Dati.<\/p>\n<p class=\" wall-content\">Mais le d\u00e9barquement surprise de Michel Barnier <strong>ne semble pas au go\u00fbt<\/strong> de celle qui est encart\u00e9e LR et b\u00e9n\u00e9ficie du soutien du pr\u00e9sident <a href=\"https:\/\/actu.fr\/tag\/emmanuel-macron\" target=\"_blank\" rel=\"noopener\">Emmanuel Macron<\/a>. Et pour cause\u2009: vis\u00e9e par une enqu\u00eate dans <a href=\"https:\/\/actu.fr\/politique\/un-proces-pour-corruption-requis-contre-rachida-dati-ministre-de-la-culture-et-carlos-ghosn_61870547.html\" target=\"_blank\" rel=\"noopener\">l\u2019affaire Ghosn<\/a>, l\u2019ancienne Garde des sceaux pourrait \u00eatre rattrap\u00e9e par la justice. Une ombre qui <strong>d\u00e9pla\u00eet<\/strong> \u00e0 certains cadres macronistes. Certains ont m\u00eame d\u00e9cid\u00e9 de se ranger derri\u00e8re <a href=\"https:\/\/actu.fr\/ile-de-france\/paris_75056\/pierre-yves-bournazel-candidat-a-la-mairie-de-paris-en-2026-il-faut-mettre-fin-a-la-pagaille_62880919.html\" target=\"_blank\" rel=\"noopener\">Pierre-Yves Bournazel<\/a>, membre du parti Horizons.<\/p>\n<p>Vid\u00e9os : en ce moment sur Actu<\/p>\n<p class=\" wall-content\">Dans ce contexte, l\u2019\u00e9lection partielle rec\u00e8le une forte valeur symbolique. La commission d\u2019investiture devra faire un choix le 28\u00a0juillet. Le scrutin se tiendra <strong>avant la mi-octobre<\/strong>. Mais la date exacte n\u2019est pas encore connue.<\/p>\n<p class=\" wall-content\">Suivez toute l\u2019actualit\u00e9 de vos villes et m\u00e9dias favoris en vous inscrivant \u00e0 <a href=\"https:\/\/moncompte.actu.fr\" title=\"D\u00e9couvez Mon Actu\" rel=\"nofollow noopener\" data-trk=\"{&quot;cta&quot;:{&quot;action&quot;:&quot;https:\\\/\\\/moncompte.actu.fr&quot;,&quot;category&quot;:&quot;mon compte&quot;,&quot;from&quot;:&quot;article footer&quot;,&quot;name&quot;:&quot;Mon actu&quot;,&quot;type&quot;:&quot;cta&quot;}}\" target=\"_blank\">Mon Actu<\/a>.<\/p>\n","protected":false},"excerpt":{"rendered":"Par Antoine Grotteria Publi\u00e9 le 19 juil. 2025 \u00e0 15h29 Rachida Dati comptait bien se servir de Michel&hellip;\n","protected":false},"author":2,"featured_media":259070,"comment_status":"","ping_status":"","sticky":false,"template":"","format":"standard","meta":{"footnotes":""},"categories":[1888],"tags":[1111,1928,11,1927,8513,1777,674,1011,27,39922,27636,12,1926,626,1925,316,417,25],"class_list":{"0":"post-259069","1":"post","2":"type-post","3":"status-publish","4":"format-standard","5":"has-post-thumbnail","7":"category-paris","8":"tag-actu","9":"tag-actu-paris","10":"tag-actualites","11":"tag-actualites-paris","12":"tag-elections-legislatives","13":"tag-eu","14":"tag-europe","15":"tag-fr","16":"tag-france","17":"tag-legislatives-2024","18":"tag-michel-barnier","19":"tag-news","20":"tag-news-paris","21":"tag-paris","22":"tag-paris-news","23":"tag-politique","24":"tag-rachida-dati","25":"tag-republique-francaise"},"share_on_mastodon":{"url":"https:\/\/pubeurope.com\/@fr\/114880583225394551","error":""},"_links":{"self":[{"href":"https:\/\/www.europesays.com\/fr\/wp-json\/wp\/v2\/posts\/259069","targetHints":{"allow":["GET"]}}],"collection":[{"href":"https:\/\/www.europesays.com\/fr\/wp-json\/wp\/v2\/posts"}],"about":[{"href":"https:\/\/www.europesays.com\/fr\/wp-json\/wp\/v2\/types\/post"}],"author":[{"embeddable":true,"href":"https:\/\/www.europesays.com\/fr\/wp-json\/wp\/v2\/users\/2"}],"replies":[{"embeddable":true,"href":"https:\/\/www.europesays.com\/fr\/wp-json\/wp\/v2\/comments?post=259069"}],"version-history":[{"count":0,"href":"https:\/\/www.europesays.com\/fr\/wp-json\/wp\/v2\/posts\/259069\/revisions"}],"wp:featuredmedia":[{"embeddable":true,"href":"https:\/\/www.europesays.com\/fr\/wp-json\/wp\/v2\/media\/259070"}],"wp:attachment":[{"href":"https:\/\/www.europesays.com\/fr\/wp-json\/wp\/v2\/media?parent=259069"}],"wp:term":[{"taxonomy":"category","embeddable":true,"href":"https:\/\/www.europesays.com\/fr\/wp-json\/wp\/v2\/categories?post=259069"},{"taxonomy":"post_tag","embeddable":true,"href":"https:\/\/www.europesays.com\/fr\/wp-json\/wp\/v2\/tags?post=259069"}],"curies":[{"name":"wp","href":"https:\/\/api.w.org\/{rel}","templated":true}]}}