{"id":259077,"date":"2025-07-19T15:25:14","date_gmt":"2025-07-19T15:25:14","guid":{"rendered":"https:\/\/www.europesays.com\/fr\/259077\/"},"modified":"2025-07-19T15:25:14","modified_gmt":"2025-07-19T15:25:14","slug":"trois-nouveaux-morts-dans-des-bombardements-russes-en-ukraine","status":"publish","type":"post","link":"https:\/\/www.europesays.com\/fr\/259077\/","title":{"rendered":"Trois nouveaux morts dans des bombardements Russes en Ukraine"},"content":{"rendered":"<p class=\"paragraph text_align_left lp-f-body-02\">La localit\u00e9 de Vassylkivska, dans la r\u00e9gion ukrainienne de Dnipropetrovsk (centre-est), <a href=\"https:\/\/www.leparisien.fr\/international\/ukraine\/guerre-en-ukraine-plus-rapide-plus-puissant-mais-plus-cher-cest-quoi-le-geran-3-le-nouveau-drone-russe-qui-effraie-kiev-19-07-2025-7A36KCE7XREUNMM5KHU57V6JXI.php\" target=\"_self\" rel=\"nofollow noopener\">a \u00e9t\u00e9 touch\u00e9e par un tir de missile <\/a>qui a caus\u00e9 la mort d\u2019au moins deux personnes, a annonc\u00e9 sur Telegram le gouverneur Sergui\u00ef Lyssak. Il a ajout\u00e9 qu\u2019un \u00e9tablissement m\u00e9dical, une \u00e9cole et une \u00ab institution culturelle \u00bb ont \u00e9galement \u00e9t\u00e9 d\u00e9truits par cette attaque, qui a aussi endommag\u00e9 des maisons.<\/p>\n<p class=\"paragraph text_align_left lp-f-body-02\"><a href=\"https:\/\/www.leparisien.fr\/international\/guerre-en-ukraine-au-moins-huit-morts-dans-une-frappe-russe-contre-odessa-18-11-2024-QM6Y4RW5HJD25MDZXOYSTU5KZ4.php\" target=\"_self\" rel=\"nofollow noopener\">La ville d\u2019Odessa <\/a>et sa banlieue, situ\u00e9es dans le sud de l\u2019Ukraine, ont \u00e9t\u00e9 la cible dans la nuit d\u2019une attaque de drones.<\/p>\n<p><img decoding=\"async\" class=\"image \" loading=\"lazy\" src=\"https:\/\/www.europesays.com\/fr\/wp-content\/uploads\/2025\/07\/6TZV6WI4WZFFJHXJ353MAZLVJM.jpg\" alt=\"\" align=\"\" data-rubrique-principale=\"\" data-article-type=\"\" fetchpriority=\"auto\"\/><\/p>\n<p class=\"paragraph text_align_left lp-f-body-02\">Selon la police nationale, une personne a \u00e9t\u00e9 tu\u00e9e et six autres bless\u00e9es lors de ces bombardements qui ont endommag\u00e9 des \u00ab commerces \u00bb, des \u00ab habitations \u00bb et caus\u00e9 des incendies qui ont \u00e9t\u00e9 \u00e9teints plus tard par les pompiers.<\/p>\n<p class=\"paragraph text_align_left lp-f-body-02\"><a href=\"https:\/\/www.leparisien.fr\/international\/guerre-en-ukraine-kiev-denonce-le-message-de-terreur-de-moscou-apres-une-attaque-dampleur-sur-dnipro-24-06-2025-L25WQSUMSZBTPOPKRSG3CAMYJU.php\" target=\"_self\" rel=\"nofollow noopener\">L\u2019arm\u00e9e de l\u2019air ukrainienne<\/a> a affirm\u00e9 que la Russie avait lanc\u00e9 pendant la nuit, 344 drones ou drones leurres, ainsi que 35 missiles, en affirmant avoir abattu 208 de ces cibles. \u00ab Cinq missiles et 30 drones d\u2019attaque ont touch\u00e9 12 endroits et des d\u00e9bris de missiles abattus sont tomb\u00e9s sur sept endroits \u00bb. Dans son rapport quotidien,<a href=\"https:\/\/www.leparisien.fr\/international\/guerre-en-ukraine-le-18e-paquet-de-sanctions-contre-la-russie-est-il-vraiment-fort-et-efficace-18-07-2025-ET2FUG2OURB3VPZHDFASCXCDDY.php\" target=\"_self\" rel=\"nofollow noopener\"> le minist\u00e8re russe de la D\u00e9fense<\/a> a, lui, assur\u00e9 avoir frapp\u00e9 en Ukraine des sites du \u00ab complexe militaro-industriel \u00bb avec des drones et des missiles. Il a \u00e9galement affirm\u00e9 avoir abattu 83 drones ukrainiens en Russie pendant la nuit, dont 16 au-dessus de la r\u00e9gion de Moscou.<\/p>\n<p class=\"paragraph text_align_left lp-f-body-02\">Parall\u00e8lement, les chemins de fer russes ont affirm\u00e9 que la circulation entre les localit\u00e9s de Likha\u00efa et Zamtchalovo, <a href=\"https:\/\/www.leparisien.fr\/international\/ukraine\/guerre-en-ukraine-zelensky-annonce-que-la-france-va-former-de-nouveaux-pilotes-ukrainiens-sur-des-mirage-2000-5-18-07-2025-JYXJ2D2CEJDKLHL6F7SIOU2TXY.php\" target=\"_self\" rel=\"nofollow noopener\">situ\u00e9es pr\u00e8s de la fronti\u00e8re ukrainienne<\/a>, dans la r\u00e9gion russe de Rostov (sud-ouest), avait \u00e9t\u00e9 bri\u00e8vement interrompue. Des \u00ab chutes de d\u00e9bris de drones \u00bb, selon cette source, ont entra\u00een\u00e9 cette interruption, fait une bless\u00e9e et caus\u00e9 des retards.<\/p>\n<p class=\"paragraph text_align_left lp-f-body-02\"><a href=\"https:\/\/www.leparisien.fr\/international\/ukraine\/la-russie-a-lance-la-plus-grande-attaque-de-drones-et-missiles-depuis-le-debut-de-son-invasion-09-07-2025-HOJFGSJ3P5FC5LJUD25P267UFI.php\" target=\"_self\" rel=\"nofollow noopener\">Ces derni\u00e8res semaines<\/a>, Moscou a lanc\u00e9 \u00e0 plusieurs reprises des attaques a\u00e9riennes records contre l\u2019Ukraine.<\/p>\n","protected":false},"excerpt":{"rendered":"La localit\u00e9 de Vassylkivska, dans la r\u00e9gion ukrainienne de Dnipropetrovsk (centre-est), a \u00e9t\u00e9 touch\u00e9e par un tir de&hellip;\n","protected":false},"author":2,"featured_media":259078,"comment_status":"","ping_status":"","sticky":false,"template":"","format":"standard","meta":{"footnotes":""},"categories":[1591],"tags":[11,1887,14,12,1885,1886,132,220],"class_list":{"0":"post-259077","1":"post","2":"type-post","3":"status-publish","4":"format-standard","5":"has-post-thumbnail","7":"category-russie","8":"tag-actualites","9":"tag-federation-de-russie","10":"tag-international","11":"tag-news","12":"tag-russia","13":"tag-russian-federation","14":"tag-russie","15":"tag-ukraine"},"share_on_mastodon":{"url":"https:\/\/pubeurope.com\/@fr\/114880598813894367","error":""},"_links":{"self":[{"href":"https:\/\/www.europesays.com\/fr\/wp-json\/wp\/v2\/posts\/259077","targetHints":{"allow":["GET"]}}],"collection":[{"href":"https:\/\/www.europesays.com\/fr\/wp-json\/wp\/v2\/posts"}],"about":[{"href":"https:\/\/www.europesays.com\/fr\/wp-json\/wp\/v2\/types\/post"}],"author":[{"embeddable":true,"href":"https:\/\/www.europesays.com\/fr\/wp-json\/wp\/v2\/users\/2"}],"replies":[{"embeddable":true,"href":"https:\/\/www.europesays.com\/fr\/wp-json\/wp\/v2\/comments?post=259077"}],"version-history":[{"count":0,"href":"https:\/\/www.europesays.com\/fr\/wp-json\/wp\/v2\/posts\/259077\/revisions"}],"wp:featuredmedia":[{"embeddable":true,"href":"https:\/\/www.europesays.com\/fr\/wp-json\/wp\/v2\/media\/259078"}],"wp:attachment":[{"href":"https:\/\/www.europesays.com\/fr\/wp-json\/wp\/v2\/media?parent=259077"}],"wp:term":[{"taxonomy":"category","embeddable":true,"href":"https:\/\/www.europesays.com\/fr\/wp-json\/wp\/v2\/categories?post=259077"},{"taxonomy":"post_tag","embeddable":true,"href":"https:\/\/www.europesays.com\/fr\/wp-json\/wp\/v2\/tags?post=259077"}],"curies":[{"name":"wp","href":"https:\/\/api.w.org\/{rel}","templated":true}]}}