{"id":259091,"date":"2025-07-19T15:33:11","date_gmt":"2025-07-19T15:33:11","guid":{"rendered":"https:\/\/www.europesays.com\/fr\/259091\/"},"modified":"2025-07-19T15:33:11","modified_gmt":"2025-07-19T15:33:11","slug":"une-petition-pour-labrogation-de-la-loi-duplomb-franchit-la-barre-des-500-000-signatures-sur-le-site-de-lassemblee-nationale-liberation","status":"publish","type":"post","link":"https:\/\/www.europesays.com\/fr\/259091\/","title":{"rendered":"Une p\u00e9tition pour l\u2019abrogation de la loi Duplomb franchit la barre des 500\u00a0000 signatures sur le site de l\u2019Assembl\u00e9e nationale \u2013 Lib\u00e9ration"},"content":{"rendered":"<p class=\"sc-ksZaOG ehjQrN text-element\">500 479 signatures ce samedi 19 juillet \u00e0 16 heures. <a href=\"https:\/\/petitions.assemblee-nationale.fr\/initiatives\/i-3014\" target=\"_blank\" rel=\"noreferrer noopener\" title=\"https:\/\/petitions.assemblee-nationale.fr\/initiatives\/i-3014\">Une p\u00e9tition citoyenne<\/a> pour l\u2019abrogation imm\u00e9diate de la loi Duplomb bat des records depuis huit jours et son d\u00e9p\u00f4t sur le site de l\u2019Assembl\u00e9e nationale. Elle d\u00e9nonce notamment la mesure tr\u00e8s contest\u00e9e de r\u00e9introduction d\u2019un pesticide, <a href=\"https:\/\/www.liberation.fr\/politique\/agriculture-la-loi-duplomb-definitivement-adoptee-par-le-parlement-20250708_A7NII5YZPBH3ZBAEIFHENT437U\/\" target=\"_blank\" rel=\"noreferrer noopener\" title=\"https:\/\/www.liberation.fr\/politique\/agriculture-la-loi-duplomb-definitivement-adoptee-par-le-parlement-20250708_A7NII5YZPBH3ZBAEIFHENT437U\/\">d\u00e9finitivement adopt\u00e9e le 8 juillet<\/a>.<\/p>\n<p class=\"sc-ksZaOG ehjQrN text-element\">\u00ab<a href=\"https:\/\/www.liberation.fr\/environnement\/agriculture\/loi-duplomb-le-texte-entre-dans-le-champ-de-la-commission-mixte-paritaire-pour-trouver-un-compromis-20250630_VVAZN7GLDRBGDCKKN5JLFRMJBA\/\" target=\"_blank\" rel=\"noreferrer noopener\" title=\"https:\/\/www.liberation.fr\/environnement\/agriculture\/loi-duplomb-le-texte-entre-dans-le-champ-de-la-commission-mixte-paritaire-pour-trouver-un-compromis-20250630_VVAZN7GLDRBGDCKKN5JLFRMJBA\/\">La Loi Duplomb<\/a> est une aberration scientifique, \u00e9thique, environnementale et <a href=\"https:\/\/www.liberation.fr\/idees-et-debats\/tribunes\/loi-duplomb-la-sante-publique-devient-la-variable-dajustement-de-lagro-industrie-20250712_6HWNXROOGFE2RC3BIP5XYGJLAM\/\" target=\"_blank\" rel=\"noreferrer noopener\" title=\"https:\/\/www.liberation.fr\/idees-et-debats\/tribunes\/loi-duplomb-la-sante-publique-devient-la-variable-dajustement-de-lagro-industrie-20250712_6HWNXROOGFE2RC3BIP5XYGJLAM\/\">sanitaire<\/a>. Elle repr\u00e9sente une attaque frontale contre la sant\u00e9 publique, la biodiversit\u00e9, la coh\u00e9rence des politiques climatiques, la s\u00e9curit\u00e9 alimentaire et le bon sens\u00bb, \u00e9crit El\u00e9onore Pattery, \u00e9tudiante de 23 ans \u00e0 l\u2019origine du texte. \u00abCette loi est un acte dangereux. Pour les travailleurs, les habitants, les \u00e9cosyst\u00e8mes, les services \u00e9cosyst\u00e9miques, et pour l\u2019humanit\u00e9 tout enti\u00e8re\u00bb, ajoute-t-elle. \u00abJe ne suis affili\u00e9e \u00e0 aucun parti\u00bb, pr\u00e9cise-t-elle sur son compte LinkedIn.<\/p>\n<p class=\"sc-ksZaOG ehjQrN text-element\">Elle r\u00e9clame l\u2019\u00ababrogation imm\u00e9diate\u00bb de la loi, \u00abla r\u00e9vision d\u00e9mocratique des conditions dans lesquelles elle a \u00e9t\u00e9 adopt\u00e9e\u00bb, ainsi que \u00abla consultation citoyenne des acteurs de la sant\u00e9, de l\u2019agriculture, de l\u2019\u00e9cologie et du droit\u00bb.<\/p>\n<p class=\"sc-ksZaOG ehjQrN text-element\">Lanc\u00e9e le 10 juillet, elle est la premi\u00e8re p\u00e9tition la plus soutenue de l\u2019histoire de cette plateforme de la Chambre basse, loin devant <a href=\"https:\/\/www.liberation.fr\/politique\/dissolution-de-la-brav-m-apres-la-petition-enterree-lassemblee-refuse-un-debat-dans-lhemicycle-20230502_DN4BK6UIMBEVFBSUQHRWFMENSQ\/\" target=\"_blank\" rel=\"noreferrer noopener\" title=\"https:\/\/www.liberation.fr\/politique\/dissolution-de-la-brav-m-apres-la-petition-enterree-lassemblee-refuse-un-debat-dans-lhemicycle-20230502_DN4BK6UIMBEVFBSUQHRWFMENSQ\/\">celle demandant la dissolution de la Brav-M<\/a> (263 887 \u00e0 ce jour), l\u2019unit\u00e9 de police \u00e0 moto tr\u00e8s pr\u00e9sente dans les manifestations et dont les m\u00e9thodes sont vivement d\u00e9cri\u00e9es.<\/p>\n<p class=\"sc-ksZaOG ehjQrN text-element\">La Conf\u00e9rence des pr\u00e9sidents de l\u2019Assembl\u00e9e nationale peut d\u00e9cider d\u2019organiser un d\u00e9bat en s\u00e9ance publique si elle recueille au moins 500 000 signatures. Mais rien n\u2019est contraignant.<\/p>\n<p class=\"sc-ksZaOG ehjQrN text-element\">Adopt\u00e9e le 8 juillet au Parlement, la loi Duplomb pr\u00e9voit notamment la r\u00e9introduction \u00e0 titre d\u00e9rogatoire et sous conditions de l\u2019ac\u00e9tamipride, pesticide de la famille des n\u00e9onicotino\u00efdes, interdit en France mais autoris\u00e9 en Europe. Les d\u00e9put\u00e9s de gauche ont saisi le 11 juillet le Conseil constitutionnel, estimant ce texte incompatible avec la pr\u00e9servation de l\u2019environnement et le droit \u00e0 la sant\u00e9.<\/p>\n<p class=\"sc-ksZaOG ehjQrN text-element\"><b>Mise \u00e0 jour<\/b> \u00e0 16 h 01 avec le nouveau nombre de signatures.<\/p>\n","protected":false},"excerpt":{"rendered":"500 479 signatures ce samedi 19 juillet \u00e0 16 heures. Une p\u00e9tition citoyenne pour l\u2019abrogation imm\u00e9diate de la&hellip;\n","protected":false},"author":2,"featured_media":259092,"comment_status":"","ping_status":"","sticky":false,"template":"","format":"standard","meta":{"footnotes":""},"categories":[2],"tags":[11,416,1011,27,12,2091,25],"class_list":{"0":"post-259091","1":"post","2":"type-post","3":"status-publish","4":"format-standard","5":"has-post-thumbnail","7":"category-actualites","8":"tag-actualites","9":"tag-assemblee-nationale","10":"tag-fr","11":"tag-france","12":"tag-news","13":"tag-pesticides","14":"tag-republique-francaise"},"share_on_mastodon":{"url":"https:\/\/pubeurope.com\/@fr\/114880630203188006","error":""},"_links":{"self":[{"href":"https:\/\/www.europesays.com\/fr\/wp-json\/wp\/v2\/posts\/259091","targetHints":{"allow":["GET"]}}],"collection":[{"href":"https:\/\/www.europesays.com\/fr\/wp-json\/wp\/v2\/posts"}],"about":[{"href":"https:\/\/www.europesays.com\/fr\/wp-json\/wp\/v2\/types\/post"}],"author":[{"embeddable":true,"href":"https:\/\/www.europesays.com\/fr\/wp-json\/wp\/v2\/users\/2"}],"replies":[{"embeddable":true,"href":"https:\/\/www.europesays.com\/fr\/wp-json\/wp\/v2\/comments?post=259091"}],"version-history":[{"count":0,"href":"https:\/\/www.europesays.com\/fr\/wp-json\/wp\/v2\/posts\/259091\/revisions"}],"wp:featuredmedia":[{"embeddable":true,"href":"https:\/\/www.europesays.com\/fr\/wp-json\/wp\/v2\/media\/259092"}],"wp:attachment":[{"href":"https:\/\/www.europesays.com\/fr\/wp-json\/wp\/v2\/media?parent=259091"}],"wp:term":[{"taxonomy":"category","embeddable":true,"href":"https:\/\/www.europesays.com\/fr\/wp-json\/wp\/v2\/categories?post=259091"},{"taxonomy":"post_tag","embeddable":true,"href":"https:\/\/www.europesays.com\/fr\/wp-json\/wp\/v2\/tags?post=259091"}],"curies":[{"name":"wp","href":"https:\/\/api.w.org\/{rel}","templated":true}]}}