{"id":259095,"date":"2025-07-19T15:35:10","date_gmt":"2025-07-19T15:35:10","guid":{"rendered":"https:\/\/www.europesays.com\/fr\/259095\/"},"modified":"2025-07-19T15:35:10","modified_gmt":"2025-07-19T15:35:10","slug":"je-suis-content-de-mon-attitude-adrien-saddier-apres-le-3e-tour-du-british-open-lequipe","status":"publish","type":"post","link":"https:\/\/www.europesays.com\/fr\/259095\/","title":{"rendered":"\u00ab Je suis content de mon attitude \u00bb : Adrien Saddier, apr\u00e8s le 3e tour du British Open &#8211; L&#039;\u00c9quipe"},"content":{"rendered":"<ol>\n<li><a href=\"https:\/\/news.google.com\/rss\/articles\/CBMixgFBVV95cUxPeUNPai1NUHpxZlBrZTl0eng3cktLUlJfMXZKdGNuZXpnWjdnLUhzeVdjZDFfcWI0dm5vbXlkU3FyREFPeC1mNFRsR3ZMd253T29vMk5sbWNoRC1uV0tNQUZOOEM0UkwxYTFYbVlNb0I5QTJQVmdka01QeE1xNzRaRFlLTm5iNXh0eElGY0JFeXROaTNKZnBHVzlpSkZ0SHlyZFI1N2ljbTZLbWFOR04zOGRBSzA3REpkdGtjQV9UMXQzOEVsdWc?oc=5\" target=\"_blank\" rel=\"nofollow noopener\">\u00ab Je suis content de mon attitude \u00bb : Adrien Saddier, apr\u00e8s le 3e tour du British Open<\/a>&nbsp;&nbsp;L&rsquo;\u00c9quipe<\/li>\n<li><a href=\"https:\/\/news.google.com\/rss\/articles\/CBMikwFBVV95cUxQazIyZElDNnQyYWxsRmctR0c1WTVEd2pzeF9wVkN6VVVNU2JWVGJpbFVBRkZzaE95M2ZDb0NEWDVwaW1XUlctcnR1SUdZVVNKT05BVGlvVUJfaGhMYmZ5NEtrUWpBdTJGNEVRRlJidjZFMk1ycEJVN0hGaERQeEl0Ml9mSlR5eTNNTFRFdUxXT0tnemc?oc=5\" target=\"_blank\" rel=\"nofollow noopener\">Premier Majeur et premier cut pour Adrien Saddier !<\/a>&nbsp;&nbsp;Golf Plan\u00e8te<\/li>\n<li><a href=\"https:\/\/news.google.com\/rss\/articles\/CBMi5wFBVV95cUxPMVEwd1dobndBTkVsdlJBVlc0VjdlS2tpYkRhSkFqenF5clBldHFHT3BCalRjVlE3NDJmOFFEU0hyd1UyVnZ3Yy0xZ0dvVjRYOTNSZ0pRQThmdERwUS1Za1Fsd3gwYXN6Zk91aTI3R2pDRGtzcWI5ejluSV9iNWZjQnBxMVdvdUk5Uzg3YlNLc213NE9DOG9HaHIzeWVPOUtiNDljN2gxSG94OEt1Z2RSS2VZTHdVdnVyV0lDcEI3alJvRS0taUYtc25kMk95SEJkZGMyaXItQTFtejdhSFE0TEZtTHA1Mmc?oc=5\" target=\"_blank\" rel=\"nofollow noopener\">R\u00e9action d&rsquo;Adrien Saddier apr\u00e8s son troisi\u00e8me tour &#8211; 153e The Open Royal Portrush<\/a>&nbsp;&nbsp;Orange Actualit\u00e9s | Sports<\/li>\n<li><a href=\"https:\/\/news.google.com\/rss\/articles\/CBMi0wFBVV95cUxOdS1PenkxM0xyTXRBa2txOXRtVlFvck4zREszTS1hXzlhU1BTRTIzX1lubVJ4alRIZzE4MjNmZWhUWTRFd2c3eWhNbEFGdWZXb1lOUkRyRk5EQ2p2MmxVS0FyWW1OZGFBRXJ3UTF5NFFBNGZndlFtb2tsVGJvakN1ekxDSzVKY3haZDlhQUZXQnFpVlNZaUQza3FpcG1wUFRSWWNRdjgySlNFZklCRjFMQ2F4Z1lJcGZmUENpY2dBYURLMVI2enNDWXJzNU1FRVhLVHJF?oc=5\" target=\"_blank\" rel=\"nofollow noopener\">\u00ab Il faut toujours r\u00eaver \u00bb : Adrien Saddier apr\u00e8s son cut franchi pour son premier British Open<\/a>&nbsp;&nbsp;L&rsquo;\u00c9quipe<\/li>\n<li><a href=\"https:\/\/news.google.com\/rss\/articles\/CBMitAFBVV95cUxNSm44aFhSYXZ0RUZaVHlYNVJOMDFSaDc4ODY0Z085dVZsVmROUmVCem56MURjcmo4QWpzUENib25VQWFmX3BfQkZMTGR1MVNtQnVQQUFlQ1Z3bko4UWZUbDMwVDhOa3RmbHRjbkw2Y0hYUjJsYW9CM0xKYWRJd3hWaEVRakxLN0dGVC04TGppVHAyVmNKNUI5SVZJZVF1dFBlWE05aXpQSEdXVUVBVUVNUUlfWmY?oc=5\" target=\"_blank\" rel=\"nofollow noopener\">Adrien Saddier s&rsquo;accroche, Martin Couvra dans le dur au British Open<\/a>&nbsp;&nbsp;L&rsquo;\u00c9quipe<\/li>\n<\/ol>\n","protected":false},"excerpt":{"rendered":"\u00ab Je suis content de mon attitude \u00bb : Adrien Saddier, apr\u00e8s le 3e tour du British Open&nbsp;&nbsp;L&rsquo;\u00c9quipe&hellip;\n","protected":false},"author":2,"featured_media":259096,"comment_status":"","ping_status":"","sticky":false,"template":"","format":"standard","meta":{"footnotes":""},"categories":[1418],"tags":[1011,27,1472,60],"class_list":{"0":"post-259095","1":"post","2":"type-post","3":"status-publish","4":"format-standard","5":"has-post-thumbnail","7":"category-golf","8":"tag-fr","9":"tag-france","10":"tag-golf","11":"tag-sports"},"share_on_mastodon":{"url":"https:\/\/pubeurope.com\/@fr\/114880637970498934","error":""},"_links":{"self":[{"href":"https:\/\/www.europesays.com\/fr\/wp-json\/wp\/v2\/posts\/259095","targetHints":{"allow":["GET"]}}],"collection":[{"href":"https:\/\/www.europesays.com\/fr\/wp-json\/wp\/v2\/posts"}],"about":[{"href":"https:\/\/www.europesays.com\/fr\/wp-json\/wp\/v2\/types\/post"}],"author":[{"embeddable":true,"href":"https:\/\/www.europesays.com\/fr\/wp-json\/wp\/v2\/users\/2"}],"replies":[{"embeddable":true,"href":"https:\/\/www.europesays.com\/fr\/wp-json\/wp\/v2\/comments?post=259095"}],"version-history":[{"count":0,"href":"https:\/\/www.europesays.com\/fr\/wp-json\/wp\/v2\/posts\/259095\/revisions"}],"wp:featuredmedia":[{"embeddable":true,"href":"https:\/\/www.europesays.com\/fr\/wp-json\/wp\/v2\/media\/259096"}],"wp:attachment":[{"href":"https:\/\/www.europesays.com\/fr\/wp-json\/wp\/v2\/media?parent=259095"}],"wp:term":[{"taxonomy":"category","embeddable":true,"href":"https:\/\/www.europesays.com\/fr\/wp-json\/wp\/v2\/categories?post=259095"},{"taxonomy":"post_tag","embeddable":true,"href":"https:\/\/www.europesays.com\/fr\/wp-json\/wp\/v2\/tags?post=259095"}],"curies":[{"name":"wp","href":"https:\/\/api.w.org\/{rel}","templated":true}]}}