{"id":259099,"date":"2025-07-19T15:38:10","date_gmt":"2025-07-19T15:38:10","guid":{"rendered":"https:\/\/www.europesays.com\/fr\/259099\/"},"modified":"2025-07-19T15:38:10","modified_gmt":"2025-07-19T15:38:10","slug":"atp-kyrgios-je-pense-que-federer-jouerait-tres-bien-contre-sinner-et-quil-detruirait-medvedev","status":"publish","type":"post","link":"https:\/\/www.europesays.com\/fr\/259099\/","title":{"rendered":"ATP > Kyrgios : \u00ab\u00a0Je pense que Federer jouerait tr\u00e8s bien contre Sinner et qu&rsquo;il d\u00e9truirait Medvedev\u00a0\u00bb"},"content":{"rendered":"<p>Invit\u00e9 \u00e0 comparer la g\u00e9n\u00e9\u00adra\u00adtion du Big 3 incarn\u00e9e par Roger Federer, Rafael Nadal et Novak Djokovic et celle de Carlos Alcaraz et Jannik Sinner, Nick Kyrgios, lors d\u2019une conver\u00adsa\u00adtion film\u00e9e avec Patrick Mouratoglou en marge de l\u2019UTS, a estim\u00e9 que Federer s\u2019en serait proba\u00adble\u00adment bien sorti face aux joueurs actuels.<\/p>\n<p><strong>\u00ab\u202fC\u2019est diffi\u00adcile \u00e0 dire, peut\u2010\u00eatre parce que je vieillis aussi, je pense qu\u2019ils (Alcaraz, Sinner) fini\u00adront par les surpasser, mais pas main\u00adte\u00adnant. Le meilleur Federer cette ann\u00e9e\u2010l\u00e0 (2017), quand il a gagn\u00e9 Indian Wells, Miami, l\u2019Open d\u2019Australie. Cette ann\u00e9e\u2010l\u00e0, je ne pense pas. Le slice. Je pense que Federer joue\u00adrait tr\u00e8s bien contre Sinner aves ses slices et l\u2019am\u00e8\u00adne\u00adrait vers l\u2019avant, il le mettrait mal \u00e0 l\u2019aise. Et Federer contre Medvedev, je pense que Federer le d\u00e9trui\u00adrait. Mais ensuite, je pense qu\u2019Alcaraz battrait peut\u2010\u00eatre Federer. Je ne sais pas ce qu\u2019il en est. C\u2019est diffi\u00adcile pour moi de dire qu\u2019ils sont meilleurs en ce moment, ou peut\u2010\u00eatre que je ne veux pas le\u00a0faire.\u202f\u00bb<\/strong><\/p>\n<p class=\"post-published-date\" style=\"color: silver; font-size: 75%; text-align: left;\">Publi\u00e9 le samedi 19 juillet 2025 \u00e0 14:44<\/p>\n","protected":false},"excerpt":{"rendered":"Invit\u00e9 \u00e0 comparer la g\u00e9n\u00e9\u00adra\u00adtion du Big 3 incarn\u00e9e par Roger Federer, Rafael Nadal et Novak Djokovic et&hellip;\n","protected":false},"author":2,"featured_media":259100,"comment_status":"","ping_status":"","sticky":false,"template":"","format":"standard","meta":{"footnotes":""},"categories":[1415],"tags":[1744,3252,105,2199,1011,27,4874,1960,2127,60,1467],"class_list":{"0":"post-259099","1":"post","2":"type-post","3":"status-publish","4":"format-standard","5":"has-post-thumbnail","7":"category-tennis","8":"tag-alcaraz","9":"tag-daniil-medvedev","10":"tag-djokovic","11":"tag-federer","12":"tag-fr","13":"tag-france","14":"tag-kyrgios","15":"tag-nadal","16":"tag-sinner","17":"tag-sports","18":"tag-tennis"},"share_on_mastodon":{"url":"https:\/\/pubeurope.com\/@fr\/114880649794429214","error":""},"_links":{"self":[{"href":"https:\/\/www.europesays.com\/fr\/wp-json\/wp\/v2\/posts\/259099","targetHints":{"allow":["GET"]}}],"collection":[{"href":"https:\/\/www.europesays.com\/fr\/wp-json\/wp\/v2\/posts"}],"about":[{"href":"https:\/\/www.europesays.com\/fr\/wp-json\/wp\/v2\/types\/post"}],"author":[{"embeddable":true,"href":"https:\/\/www.europesays.com\/fr\/wp-json\/wp\/v2\/users\/2"}],"replies":[{"embeddable":true,"href":"https:\/\/www.europesays.com\/fr\/wp-json\/wp\/v2\/comments?post=259099"}],"version-history":[{"count":0,"href":"https:\/\/www.europesays.com\/fr\/wp-json\/wp\/v2\/posts\/259099\/revisions"}],"wp:featuredmedia":[{"embeddable":true,"href":"https:\/\/www.europesays.com\/fr\/wp-json\/wp\/v2\/media\/259100"}],"wp:attachment":[{"href":"https:\/\/www.europesays.com\/fr\/wp-json\/wp\/v2\/media?parent=259099"}],"wp:term":[{"taxonomy":"category","embeddable":true,"href":"https:\/\/www.europesays.com\/fr\/wp-json\/wp\/v2\/categories?post=259099"},{"taxonomy":"post_tag","embeddable":true,"href":"https:\/\/www.europesays.com\/fr\/wp-json\/wp\/v2\/tags?post=259099"}],"curies":[{"name":"wp","href":"https:\/\/api.w.org\/{rel}","templated":true}]}}