{"id":259103,"date":"2025-07-19T15:41:19","date_gmt":"2025-07-19T15:41:19","guid":{"rendered":"https:\/\/www.europesays.com\/fr\/259103\/"},"modified":"2025-07-19T15:41:19","modified_gmt":"2025-07-19T15:41:19","slug":"quartararo-sur-un-air-de-rengaine","status":"publish","type":"post","link":"https:\/\/www.europesays.com\/fr\/259103\/","title":{"rendered":"Quartararo sur un air de rengaine"},"content":{"rendered":"<p>Les courses se suivent et se ressemblent en ce moment pour <a href=\"https:\/\/fr.motorsport.com\/driver\/fabio-quartararo\/109400\/\" target=\"_blank\" rel=\"noopener\">Fabio Quartararo<\/a>. Le Fran\u00e7ais, qui s&rsquo;\u00e9lan\u00e7ait de la premi\u00e8re ligne derri\u00e8re les deux Ducati officielles, s&rsquo;est offert la cinqui\u00e8me place au terme du sprint du Grand Prix de R\u00e9publique tch\u00e8que. Pas de quoi, cependant, le faire s&rsquo;extasier, au guidon d&rsquo;une Yamaha dont les principaux maux demeurent, circuit apr\u00e8s circuit.<\/p>\n<p>\u00ab\u00a0J&rsquo;\u00e9tais content de ma course\u00a0\u00bb, a-t-il simplement d\u00e9clar\u00e9 \u00e0 la presse. \u00ab\u00a0Nous avons vu o\u00f9 \u00e9taient nos lacunes. J&rsquo;avais la KTM, la Ducati et l&rsquo;Aprilia devant moi, donc j&rsquo;ai clairement vu o\u00f9 il fallait progresser, nos faiblesses. J&rsquo;esp\u00e8re que nous pourrons travailler dessus.\u00a0\u00bb<\/p>\n<p>Rest\u00e9 derri\u00e8re les Ducati au moment de l&rsquo;envol avant d&rsquo;\u00eatre rapidement d\u00e9bord\u00e9 par <a href=\"https:\/\/fr.motorsport.com\/driver\/pedro-acosta\/840236\/\" target=\"_blank\" rel=\"noopener\">Pedro Acosta<\/a> au second tour, puis par une autre KTM tr\u00e8s rapide, pilot\u00e9e par <a href=\"https:\/\/fr.motorsport.com\/driver\/enea-bastianini\/109398\/\" target=\"_blank\" rel=\"noopener\">Enea Bastianini<\/a>, \u00e0 mi-course, Quartararo a longtemps bataill\u00e9 dans un groupe resserr\u00e9 avant de finalement c\u00e9der face \u00e0 l&rsquo;Aprilia de <a href=\"https:\/\/fr.motorsport.com\/driver\/marco-bezzecchi\/441839\/\" target=\"_blank\" rel=\"noopener\">Marco Bezzecchi<\/a> &#8211; avec qui il a connu un contact au deuxi\u00e8me tour &#8211; \u00e0 trois boucles du terme.<\/p>\n<p>\u00a0<\/p>\n<p>\u00ab\u00a0Je l&rsquo;ai senti\u00a0\u00bb, a-t-il r\u00e9pondu dans un sourire quand le contact a \u00e9t\u00e9 \u00e9voqu\u00e9. \u00ab\u00a0J&rsquo;ai senti le bruit et le pneu. Mais vous savez, j&rsquo;avais aussi un peu de mal avec le grip &#8211; toute la course &#8211; et il avait aussi le soft au d\u00e9but&#8230; Mais oui, on l&rsquo;a tous les deux \u00e9chapp\u00e9 bel, parce qu&rsquo;il a touch\u00e9 l&rsquo;arri\u00e8re de la moto, les ailettes, et si le guidon s&rsquo;y \u00e9tait coinc\u00e9, \u00e7a aurait \u00e9t\u00e9 moche.\u00a0\u00bb<\/p>\n<p>Le pilote Yamaha a sign\u00e9 son seul d\u00e9passement du sprint quand <a href=\"https:\/\/fr.motorsport.com\/driver\/pecco-bagnaia\/109394\/\" target=\"_blank\" rel=\"noopener\">Pecco Bagnaia<\/a>, en proie \u00e0 une alerte au niveau de la pression de son pneu avant, a ralenti volontairement pour se placer derri\u00e8re Acosta avant de se faire surprendre par plusieurs concurrents.<\/p>\n<p>Toujours beaucoup de probl\u00e8mes \u00e0 r\u00e9soudre pour Yamaha<br \/>\n   <img decoding=\"async\" draggable=\"false\" src=\"https:\/\/www.europesays.com\/fr\/wp-content\/uploads\/2025\/07\/1752939679_105_fabio-quartararo-yamaha-factor.jpg\" alt=\"Fabio Quartararo (Yamaha Factory Racing)\" width=\"1200\" height=\"800\" loading=\"lazy\"\/> <\/p>\n<p class=\"title\">Fabio Quartararo (Yamaha Factory Racing)<\/p>\n<p class=\"photographer\">Photo de: Hazrin Yeob Men Shah \/ Icon Sportswire via Getty Images<\/p>\n<p>Ni enjou\u00e9, ni abattu, Quartararo a surtout tir\u00e9 le constat d&rsquo;un r\u00e9sultat conforme au potentiel actuel de sa machine, au micro de Canal+ : \u00ab\u00a0On veut toujours plus, mais avec ce qu&rsquo;on a je pense qu&rsquo;on a fait le maximum. Une course tr\u00e8s difficile mais voil\u00e0, je pense qu&rsquo;il faut qu&rsquo;on regarde un petit peu les points [r\u00e9colt\u00e9s] et on sait exactement o\u00f9 il faut am\u00e9liorer.\u00a0\u00bb<\/p>\n<p>\u00ab\u00a0Ce n&rsquo;est pas qu&rsquo;une chose\u00a0\u00bb, a-t-il ensuite ajout\u00e9 aupr\u00e8s de la presse, comme une rengaine. \u00ab\u00a0On ne trouvera jamais une demi-seconde avec une seule chose, parce que la r\u00e9alit\u00e9 c&rsquo;est qu&rsquo;on est plus ou moins \u00e0 six ou sept dixi\u00e8mes du rythme. On a pu voir Marc [M\u00e1rquez] \u00e0 la fin : il a attaqu\u00e9 quand il a voulu et il a fait 1&rsquo;59&Prime;4. On \u00e9tait \u00e0 une seconde. Il s&rsquo;agit de traction, d&rsquo;\u00e9lectronique, de moteur, d&rsquo;a\u00e9ro&#8230; Ce sont beaucoup, beaucoup de choses que nous essayons de r\u00e9soudre. C&rsquo;\u00e9tait une bonne chose pour moi de v\u00e9rifier o\u00f9 \u00e9taient les points forts des autres motos.\u00a0\u00bb<\/p>\n<p>Quartararo \u00ab\u00a0comme sur une piste humide\u00a0\u00bb<br \/>\n<img decoding=\"async\" class=\"sizer\" draggable=\"false\" src=\"data:image\/png;base64,iVBORw0KGgoAAAANSUhEUgAAABAAAAAJCAYAAAA7KqwyAAAAGXRFWHRTb2Z0d2FyZQBBZG9iZSBJbWFnZVJlYWR5ccllPAAAABpJREFUeNpi\/P\/\/PwMlgImBQjBqwLAwACDAAOVfAw9\/ZDvcAAAAAElFTkSuQmCC\" alt=\"\" loading=\"lazy\"\/><\/p>\n<p class=\"title\">VID\u00c9O &#8211; R\u00c9SUM\u00c9 : La course sprint au GP de R\u00e9publique tch\u00e8que<\/p>\n<p>Interrog\u00e9 par Canal+ sur une attitude en piste jug\u00e9e bien plus prudente et attentiste lors du sprint que dans la matin\u00e9e, notamment en qualifications, le Fran\u00e7ais a acquiesc\u00e9 face \u00e0 cette analyse tout en r\u00e9it\u00e9rant la probl\u00e9matique d&rsquo;une adh\u00e9rence qui n&rsquo;est pas au rendez-vous sur les longs relais, quand bien m\u00eame ses performances \u00e9taient, somme toute, un peu meilleures qu&rsquo;attendu. \u00ab\u00a0Comme tous les sprints, on voit que souvent on droppe \u00e9norm\u00e9ment.\u00a0\u00bb<\/p>\n<p>\u00ab\u00a0Et sur cette piste o\u00f9 il y a pas mal de grip, on sait qu&rsquo;on aurait pu bien faire mais qu&rsquo;il y a eu un drop de grip entre le matin et l&rsquo;apr\u00e8s-midi. Clairement, on n&rsquo;avait aucun feeling sur l&rsquo;arri\u00e8re, sur les entr\u00e9es de virage, et j&rsquo;\u00e9tais compl\u00e8tement sur des \u0153ufs. J&rsquo;ai quand m\u00eame \u00e9t\u00e9 surpris de mes temps avec les conditions qu&rsquo;on avait, mais c&rsquo;est s\u00fbr que ce n&rsquo;\u00e9tait pas la course id\u00e9ale. [&#8230;] Dans les derniers tours, on n&rsquo;\u00e9tait plus trop, trop dans le rythme. C&rsquo;est vrai qu&rsquo;on \u00e9tait un petit peu plus en difficult\u00e9.\u00a0\u00bb<\/p>\n<blockquote>\n<p>Entre les qualifications et la course, c&rsquo;est comme si je changeais totalement les r\u00e9glages de la moto.<\/p>\n<\/blockquote>\n<p>Pr\u00e9cisant plus tard sa pens\u00e9e, quand la question d&rsquo;une potentielle am\u00e9lioration de la situation entre les premiers tours et la suite de la course lui a \u00e9t\u00e9 pos\u00e9e, il a r\u00e9pondu : \u00ab\u00a0Non. Vous savez, je me sens comme sur une piste humide : vous pouvez voir que je suis tr\u00e8s tendu sur la moto. Et c&rsquo;est difficile parce que vous attendez une r\u00e9action de la part de la moto, mais elle ne vient jamais. Entre les qualifications et la course, c&rsquo;est comme si je changeais totalement les r\u00e9glages de la moto. On essaie de comprendre comment on peut am\u00e9liorer ce feeling parce qu&rsquo;on dirait qu&rsquo;on a une moto diff\u00e9rente en course.\u00a0\u00bb<\/p>\n<p>Toutefois, il n&rsquo;attend pas de d\u00e9clic d&rsquo;ici la course de ce dimanche, qui fera le double de la distance du sprint : \u00ab\u00a0Je ne pense pas que \u00e7a va venir en un seul jour, c&rsquo;est plut\u00f4t une question de mois. Je ne pense pas qu&rsquo;on va trouver \u00e7a pour demain, mais on va essayer de bien regarder les donn\u00e9es, la temp\u00e9rature des pneus, et de voir o\u00f9 il est possible d&rsquo;am\u00e9liorer certains d\u00e9tails. Mais pour les grosses faiblesses, il faudra avancer pas \u00e0 pas.\u00a0\u00bb<\/p>\n<p>\u00ab\u00a0Je n&rsquo;attends rien\u00a0\u00bb, a-t-il conclu sur le sujet, \u00ab\u00a0et je pense que c&rsquo;est le mieux parce que, comme je l&rsquo;ai dit, si vous avez des attentes \u00e9lev\u00e9es et que vous ne les atteignez pas, vous allez toujours \u00eatre d\u00e9\u00e7u. Donc, je n&rsquo;ai aucune attente pour demain.\u00a0\u00bb<\/p>\n<p>Lire aussi :<\/p>\n<\/p>\n<\/p>\n<p>Dans cet article<\/p>\n<p>Soyez le premier inform\u00e9 et souscrivez aux alertes mails pour recevoir les infos en temps r\u00e9el<\/p>\n<p>    S&rsquo;abonner aux alertes de news<\/p>\n","protected":false},"excerpt":{"rendered":"Les courses se suivent et se ressemblent en ce moment pour Fabio Quartararo. Le Fran\u00e7ais, qui s&rsquo;\u00e9lan\u00e7ait de&hellip;\n","protected":false},"author":2,"featured_media":259104,"comment_status":"","ping_status":"","sticky":false,"template":"","format":"standard","meta":{"footnotes":""},"categories":[1412],"tags":[37813,1451,1680,1452,1453,1454,1455,1011,27,37812,1458,60,3796],"class_list":{"0":"post-259103","1":"post","2":"type-post","3":"status-publish","4":"format-standard","5":"has-post-thumbnail","7":"category-f1","8":"tag-brno-circuit","9":"tag-f1","10":"tag-fabio-quartararo","11":"tag-formula-1","12":"tag-formula1","13":"tag-formule-1","14":"tag-formule1","15":"tag-fr","16":"tag-france","17":"tag-gp-de-ru00e9publique-tchu00e8que","18":"tag-motogp","19":"tag-sports","20":"tag-yamaha-factory-racing"},"share_on_mastodon":{"url":"https:\/\/pubeurope.com\/@fr\/114880661755794331","error":""},"_links":{"self":[{"href":"https:\/\/www.europesays.com\/fr\/wp-json\/wp\/v2\/posts\/259103","targetHints":{"allow":["GET"]}}],"collection":[{"href":"https:\/\/www.europesays.com\/fr\/wp-json\/wp\/v2\/posts"}],"about":[{"href":"https:\/\/www.europesays.com\/fr\/wp-json\/wp\/v2\/types\/post"}],"author":[{"embeddable":true,"href":"https:\/\/www.europesays.com\/fr\/wp-json\/wp\/v2\/users\/2"}],"replies":[{"embeddable":true,"href":"https:\/\/www.europesays.com\/fr\/wp-json\/wp\/v2\/comments?post=259103"}],"version-history":[{"count":0,"href":"https:\/\/www.europesays.com\/fr\/wp-json\/wp\/v2\/posts\/259103\/revisions"}],"wp:featuredmedia":[{"embeddable":true,"href":"https:\/\/www.europesays.com\/fr\/wp-json\/wp\/v2\/media\/259104"}],"wp:attachment":[{"href":"https:\/\/www.europesays.com\/fr\/wp-json\/wp\/v2\/media?parent=259103"}],"wp:term":[{"taxonomy":"category","embeddable":true,"href":"https:\/\/www.europesays.com\/fr\/wp-json\/wp\/v2\/categories?post=259103"},{"taxonomy":"post_tag","embeddable":true,"href":"https:\/\/www.europesays.com\/fr\/wp-json\/wp\/v2\/tags?post=259103"}],"curies":[{"name":"wp","href":"https:\/\/api.w.org\/{rel}","templated":true}]}}