{"id":259105,"date":"2025-07-19T15:42:10","date_gmt":"2025-07-19T15:42:10","guid":{"rendered":"https:\/\/www.europesays.com\/fr\/259105\/"},"modified":"2025-07-19T15:42:10","modified_gmt":"2025-07-19T15:42:10","slug":"tdf-tour-de-france-en-larmes-le-belge-steff-cras-abandonne-le-tour-de-france","status":"publish","type":"post","link":"https:\/\/www.europesays.com\/fr\/259105\/","title":{"rendered":"TDF. Tour de France &#8211; En larmes, le Belge Steff Cras abandonne le Tour de France"},"content":{"rendered":"<p>Quel d\u00e9but d&rsquo;\u00e9tape terrible ! Avant les abandons de <strong>Matias Skjelmose<\/strong> (Lidl-Trek) et\u00a0<a href=\"https:\/\/www.cyclismactu.net\/..\/news-tdf-route-tour-de-france-en-souffrance-remco-evenepoel-abandonne-sur-tour-de-france-89070.html\" target=\"_blank\" rel=\"nofollow noopener\"><strong>Remco Evenepoel<\/strong> <\/a>(Soudal Quick-Step), 3e du classement g\u00e9n\u00e9ral ce matin et l\u00e2ch\u00e9 d\u00e8s les premi\u00e8res pentes du col du Tourmalet, c&rsquo;est d&rsquo;abord l&rsquo;un des leaders de la formation <strong>TotalEnergies<\/strong>, le Belge, <strong>Steff Cras<\/strong>, qui a quitt\u00e9 les routes du <strong>Tour de France<\/strong>, en larmes. Malade, le grimpeur de 29 ans n&rsquo;arrivait pas \u00e0 suivre le rythme du peloton\u00a0d\u00e8s le d\u00e9part donn\u00e9 de Pau, ce matin.<\/p>\n<p>Vid\u00e9o &#8211; Son compatriote, Remco Evenepoel, a \u00e9galement abandonn\u00e9 Lire la suite de l&rsquo;article&#13;<\/p>\n<p>\u00a0<\/p>\n<p>&#13;<br \/>\n<strong>Une maladie qui g\u00e2che tout<\/strong>&#13;<\/p>\n<p>Encore une fois malchanceux, lui qui est un habitu\u00e9 des chutes et abandons, le grimpeur belge quitte donc les routes de cette 112e \u00e9dition du <strong>Tour de France<\/strong>. La formation de <strong>Jean-Ren\u00e9 Bernaudeau<\/strong> a communiqu\u00e9 les raisons de l&rsquo;abandon du vainqueur d&rsquo;\u00e9tape cette saison, de la premi\u00e8re \u00e9tape du <strong>Tour des Asturies<\/strong> en avril dernier : \u00ab\u00a0Malade au d\u00e9part ce matin, notre grimpeur belge Steff Cras est contraint \u00e0 l\u2019abandon sur la 14e \u00e9tape du Tour de France. Tout le Team te souhaite un prompt r\u00e9tablissement\u00a0\u00bb, conclut la formation <strong>TotalEnergies<\/strong> dans son communiqu\u00e9 sur les r\u00e9seaux sociaux.<\/p>\n<p>Tour de France &#8211; Classement g\u00e9n\u00e9ral provisoire apr\u00e8s la 13\u00e8 \u00e9tape<\/p>\n","protected":false},"excerpt":{"rendered":"Quel d\u00e9but d&rsquo;\u00e9tape terrible ! Avant les abandons de Matias Skjelmose (Lidl-Trek) et\u00a0Remco Evenepoel (Soudal Quick-Step), 3e du&hellip;\n","protected":false},"author":2,"featured_media":259106,"comment_status":"","ping_status":"","sticky":false,"template":"","format":"standard","meta":{"footnotes":""},"categories":[1411],"tags":[1154,207,211,1011,27,209,60,210,212,208,213],"class_list":{"0":"post-259105","1":"post","2":"type-post","3":"status-publish","4":"format-standard","5":"has-post-thumbnail","7":"category-cyclisme","8":"tag-cycling","9":"tag-cyclisme","10":"tag-ffc","11":"tag-fr","12":"tag-france","13":"tag-route","14":"tag-sports","15":"tag-tour-de-france","16":"tag-uci","17":"tag-velo","18":"tag-world-tour"},"share_on_mastodon":{"url":"https:\/\/pubeurope.com\/@fr\/114880665638355506","error":""},"_links":{"self":[{"href":"https:\/\/www.europesays.com\/fr\/wp-json\/wp\/v2\/posts\/259105","targetHints":{"allow":["GET"]}}],"collection":[{"href":"https:\/\/www.europesays.com\/fr\/wp-json\/wp\/v2\/posts"}],"about":[{"href":"https:\/\/www.europesays.com\/fr\/wp-json\/wp\/v2\/types\/post"}],"author":[{"embeddable":true,"href":"https:\/\/www.europesays.com\/fr\/wp-json\/wp\/v2\/users\/2"}],"replies":[{"embeddable":true,"href":"https:\/\/www.europesays.com\/fr\/wp-json\/wp\/v2\/comments?post=259105"}],"version-history":[{"count":0,"href":"https:\/\/www.europesays.com\/fr\/wp-json\/wp\/v2\/posts\/259105\/revisions"}],"wp:featuredmedia":[{"embeddable":true,"href":"https:\/\/www.europesays.com\/fr\/wp-json\/wp\/v2\/media\/259106"}],"wp:attachment":[{"href":"https:\/\/www.europesays.com\/fr\/wp-json\/wp\/v2\/media?parent=259105"}],"wp:term":[{"taxonomy":"category","embeddable":true,"href":"https:\/\/www.europesays.com\/fr\/wp-json\/wp\/v2\/categories?post=259105"},{"taxonomy":"post_tag","embeddable":true,"href":"https:\/\/www.europesays.com\/fr\/wp-json\/wp\/v2\/tags?post=259105"}],"curies":[{"name":"wp","href":"https:\/\/api.w.org\/{rel}","templated":true}]}}