{"id":259115,"date":"2025-07-19T15:47:14","date_gmt":"2025-07-19T15:47:14","guid":{"rendered":"https:\/\/www.europesays.com\/fr\/259115\/"},"modified":"2025-07-19T15:47:14","modified_gmt":"2025-07-19T15:47:14","slug":"meilleur-cadeau-de-sortie-eliminee-de-secret-story-la-belge-pimprenelle-decouvre-une-surprise-laissee-par-emilien-des-12-coups-de-midi","status":"publish","type":"post","link":"https:\/\/www.europesays.com\/fr\/259115\/","title":{"rendered":"Meilleur cadeau de sortie\u00a0\u00bb\u00a0: \u00e9limin\u00e9e de \u00ab\u00a0Secret Story\u00a0\u00bb, la Belge Pimprenelle d\u00e9couvre une surprise laiss\u00e9e\u2026 par Emilien des \u00ab\u00a012 coups de midi"},"content":{"rendered":"<p class=\"ap-StoryElement ap-StoryElement--mb ap-StoryText\">La pr\u00e9sence belge se fait de moins en moins forte dans la Maison des Secrets. Alors qu&rsquo;ils \u00e9taient trois au d\u00e9but de l&rsquo;aventure, deux de nos repr\u00e9sentants ont quitt\u00e9 \u00ab\u00a0Secret Story\u00a0\u00bb, lors des deux derniers primes. C\u00e9lia et Pimprenelle n&rsquo;ont en effet pas \u00e9t\u00e9 pl\u00e9biscit\u00e9es par le public, contrairement \u00e0 <a href=\"https:\/\/www.parismatch.be\/culture\/programmes\/2025\/06\/11\/coup-de-theatre-dans-secret-story-le-frere-deden-hazard-ethan-est-au-casting-de-la-nouvelle-saison-4JG4NWNU2FGQDM5A47MWNNNQTM\/\" target=\"_self\" rel=\"noopener\">Ethan<\/a>, qui a su conqu\u00e9rir le c\u0153ur des t\u00e9l\u00e9spectateurs.<\/p>\n<p class=\"ap-StoryElement ap-StoryElement--mb ap-StoryText\">C&rsquo;est donc Pimprenelle qui a quitt\u00e9 le jeu ce jeudi 17 juillet, au bras d&rsquo;Adrien, candidat avec lequel elle a v\u00e9cu une br\u00e8ve idylle au sein du ch\u00e2teau. C&rsquo;est d&rsquo;ailleurs lui qui avait d\u00e9couvert le secret tr\u00e8s touchant de la joueuse belge : \u00ab\u00a0la moiti\u00e9 de mon visage a \u00e9t\u00e9 reconstruite\u00a0\u00bb. Apr\u00e8s cinq semaines d&rsquo;aventure, Pimprenelle est d\u00e9sormais dehors. Et elle n&rsquo;a pas mis longtemps avant de commencer \u00e0 interagir avec ses abonn\u00e9s sur les r\u00e9seaux sociaux, puisque ses premi\u00e8res stories Instagram ont \u00e9t\u00e9 post\u00e9es ce vendredi soir. La jeune femme compte aujourd&rsquo;hui plus de 40 000 followers.<\/p>\n","protected":false},"excerpt":{"rendered":"La pr\u00e9sence belge se fait de moins en moins forte dans la Maison des Secrets. Alors qu&rsquo;ils \u00e9taient&hellip;\n","protected":false},"author":2,"featured_media":259116,"comment_status":"","ping_status":"","sticky":false,"template":"","format":"standard","meta":{"footnotes":""},"categories":[1356],"tags":[39926,58,8555,59,1011,27,39925,29901,252,1364],"class_list":{"0":"post-259115","1":"post","2":"type-post","3":"status-publish","4":"format-standard","5":"has-post-thumbnail","7":"category-television","8":"tag-12-coups-de-midi","9":"tag-divertissement","10":"tag-emilien","11":"tag-entertainment","12":"tag-fr","13":"tag-france","14":"tag-pimprenelle","15":"tag-secret-story","16":"tag-television","17":"tag-tv"},"share_on_mastodon":{"url":"https:\/\/pubeurope.com\/@fr\/114880685282080465","error":""},"_links":{"self":[{"href":"https:\/\/www.europesays.com\/fr\/wp-json\/wp\/v2\/posts\/259115","targetHints":{"allow":["GET"]}}],"collection":[{"href":"https:\/\/www.europesays.com\/fr\/wp-json\/wp\/v2\/posts"}],"about":[{"href":"https:\/\/www.europesays.com\/fr\/wp-json\/wp\/v2\/types\/post"}],"author":[{"embeddable":true,"href":"https:\/\/www.europesays.com\/fr\/wp-json\/wp\/v2\/users\/2"}],"replies":[{"embeddable":true,"href":"https:\/\/www.europesays.com\/fr\/wp-json\/wp\/v2\/comments?post=259115"}],"version-history":[{"count":0,"href":"https:\/\/www.europesays.com\/fr\/wp-json\/wp\/v2\/posts\/259115\/revisions"}],"wp:featuredmedia":[{"embeddable":true,"href":"https:\/\/www.europesays.com\/fr\/wp-json\/wp\/v2\/media\/259116"}],"wp:attachment":[{"href":"https:\/\/www.europesays.com\/fr\/wp-json\/wp\/v2\/media?parent=259115"}],"wp:term":[{"taxonomy":"category","embeddable":true,"href":"https:\/\/www.europesays.com\/fr\/wp-json\/wp\/v2\/categories?post=259115"},{"taxonomy":"post_tag","embeddable":true,"href":"https:\/\/www.europesays.com\/fr\/wp-json\/wp\/v2\/tags?post=259115"}],"curies":[{"name":"wp","href":"https:\/\/api.w.org\/{rel}","templated":true}]}}